{"id":12241,"date":"2017-07-04T17:27:15","date_gmt":"2017-07-04T15:27:15","guid":{"rendered":"https:\/\/stirnweiss-brenner.de\/trial-of-two-alleged-isis-sympathizers\/"},"modified":"2026-04-22T10:07:48","modified_gmt":"2026-04-22T08:07:48","slug":"trial-of-two-alleged-isis-sympathizers","status":"publish","type":"post","link":"https:\/\/stirnweiss-brenner.de\/en\/press\/trial-of-two-alleged-isis-sympathizers\/","title":{"rendered":"Trial of two alleged ISIS sympathizers"},"content":{"rendered":"\n<p>In Mannheim, the trial of two alleged ISIS sympathizers began on 2017-07-04. The two teenagers are said to have planned an attack with weapons in the Aschaffenburg area in order to kill around 400 people. Attorney Martin Stirnweiss is defending one of them; Radio Regenbogen reports<a href=\"https:\/\/www.regenbogen.de\/nachrichten\/regional\/rhein-neckar\/20170704\/terrorprozess-gegen-jugendliche-beginnt\"> here<\/a>.  <\/p>\n","protected":false},"excerpt":{"rendered":"<p>In Mannheim, the trial of two alleged ISIS sympathizers began on 2017-07-04. The two teenagers are said to have planned an attack with weapons in the Aschaffenburg area in order to kill around 400 people. Attorney Martin Stirnweiss is defending one of them; Radio Regenbogen reports here.<\/p>\n","protected":false},"author":7,"featured_media":12242,"comment_status":"closed","ping_status":"closed","sticky":false,"template":"","format":"standard","meta":{"footnotes":""},"categories":[71],"tags":[94,83],"class_list":["post-12241","post","type-post","status-publish","format-standard","has-post-thumbnail","hentry","category-press","tag-other","tag-stirnweiss"],"yoast_head":"<!-- This site is optimized with the Yoast SEO plugin v27.4 - https:\/\/yoast.com\/product\/yoast-seo-wordpress\/ -->\n<title>Trial of two alleged ISIS sympathizers - Stirnweiss | Brenner Rechtsanw\u00e4lte<\/title>\n<meta name=\"description\" content=\"STIRNWEISS. In Mannheim, the trial of two alleged ISIS sympathizers began on 2017-07-04. The two teenagers are said to have planned an attack with weapons in the Aschaffenburg area in order to kill around 400 people. Attorney Martin Stirnweiss is defending one of them; Radio Regenbogen reports here.\" \/>\n<meta name=\"robots\" content=\"index, follow, max-snippet:-1, max-image-preview:large, max-video-preview:-1\" \/>\n<link rel=\"canonical\" href=\"https:\/\/stirnweiss-brenner.de\/en\/press\/trial-of-two-alleged-isis-sympathizers\/\" \/>\n<meta property=\"og:locale\" content=\"en_US\" \/>\n<meta property=\"og:type\" content=\"article\" \/>\n<meta property=\"og:title\" content=\"Trial of two alleged ISIS sympathizers - Stirnweiss | Brenner Rechtsanw\u00e4lte\" \/>\n<meta property=\"og:description\" content=\"STIRNWEISS. In Mannheim, the trial of two alleged ISIS sympathizers began on 2017-07-04. The two teenagers are said to have planned an attack with weapons in the Aschaffenburg area in order to kill around 400 people. Attorney Martin Stirnweiss is defending one of them; Radio Regenbogen reports here.\" \/>\n<meta property=\"og:url\" content=\"https:\/\/stirnweiss-brenner.de\/en\/press\/trial-of-two-alleged-isis-sympathizers\/\" \/>\n<meta property=\"og:site_name\" content=\"Stirnweiss | Brenner Rechtsanw\u00e4lte\" \/>\n<meta property=\"article:publisher\" content=\"https:\/\/www.facebook.com\/StirnweissBrennerRechtsanwaelte\/\" \/>\n<meta property=\"article:published_time\" content=\"2017-07-04T15:27:15+00:00\" \/>\n<meta property=\"article:modified_time\" content=\"2026-04-22T08:07:48+00:00\" \/>\n<meta property=\"og:image\" content=\"https:\/\/stirnweiss-brenner.de\/wp-content\/uploads\/2017\/07\/courthouse-1223279_1920.jpg\" \/>\n\t<meta property=\"og:image:width\" content=\"1920\" \/>\n\t<meta property=\"og:image:height\" content=\"1280\" \/>\n\t<meta property=\"og:image:type\" content=\"image\/jpeg\" \/>\n<meta name=\"author\" content=\"Paul F. Fallscheer-Schlegel\" \/>\n<meta name=\"twitter:card\" content=\"summary_large_image\" \/>\n<meta name=\"twitter:label1\" content=\"Written by\" \/>\n\t<meta name=\"twitter:data1\" content=\"Paul F. Fallscheer-Schlegel\" \/>\n<script type=\"application\/ld+json\" class=\"yoast-schema-graph\">{\"@context\":\"https:\\\/\\\/schema.org\",\"@graph\":[{\"@type\":\"Article\",\"@id\":\"https:\\\/\\\/stirnweiss-brenner.de\\\/en\\\/press\\\/trial-of-two-alleged-isis-sympathizers\\\/#article\",\"isPartOf\":{\"@id\":\"https:\\\/\\\/stirnweiss-brenner.de\\\/en\\\/press\\\/trial-of-two-alleged-isis-sympathizers\\\/\"},\"author\":{\"name\":\"Paul F. Fallscheer-Schlegel\",\"@id\":\"https:\\\/\\\/stirnweiss-brenner.de\\\/en\\\/#\\\/schema\\\/person\\\/68bb9c2235cc0dd5687fa2e5922b771c\"},\"headline\":\"Trial of two alleged ISIS sympathizers\",\"datePublished\":\"2017-07-04T15:27:15+00:00\",\"dateModified\":\"2026-04-22T08:07:48+00:00\",\"mainEntityOfPage\":{\"@id\":\"https:\\\/\\\/stirnweiss-brenner.de\\\/en\\\/press\\\/trial-of-two-alleged-isis-sympathizers\\\/\"},\"wordCount\":53,\"publisher\":{\"@id\":\"https:\\\/\\\/stirnweiss-brenner.de\\\/en\\\/#organization\"},\"image\":{\"@id\":\"https:\\\/\\\/stirnweiss-brenner.de\\\/en\\\/press\\\/trial-of-two-alleged-isis-sympathizers\\\/#primaryimage\"},\"thumbnailUrl\":\"https:\\\/\\\/stirnweiss-brenner.de\\\/wp-content\\\/uploads\\\/2017\\\/07\\\/courthouse-1223279_1920.jpg\",\"keywords\":[\"Other\",\"Stirnweiss\"],\"articleSection\":[\"Press\"],\"inLanguage\":\"en-US\"},{\"@type\":\"WebPage\",\"@id\":\"https:\\\/\\\/stirnweiss-brenner.de\\\/en\\\/press\\\/trial-of-two-alleged-isis-sympathizers\\\/\",\"url\":\"https:\\\/\\\/stirnweiss-brenner.de\\\/en\\\/press\\\/trial-of-two-alleged-isis-sympathizers\\\/\",\"name\":\"Trial of two alleged ISIS sympathizers - Stirnweiss | Brenner Rechtsanw\u00e4lte\",\"isPartOf\":{\"@id\":\"https:\\\/\\\/stirnweiss-brenner.de\\\/en\\\/#website\"},\"primaryImageOfPage\":{\"@id\":\"https:\\\/\\\/stirnweiss-brenner.de\\\/en\\\/press\\\/trial-of-two-alleged-isis-sympathizers\\\/#primaryimage\"},\"image\":{\"@id\":\"https:\\\/\\\/stirnweiss-brenner.de\\\/en\\\/press\\\/trial-of-two-alleged-isis-sympathizers\\\/#primaryimage\"},\"thumbnailUrl\":\"https:\\\/\\\/stirnweiss-brenner.de\\\/wp-content\\\/uploads\\\/2017\\\/07\\\/courthouse-1223279_1920.jpg\",\"datePublished\":\"2017-07-04T15:27:15+00:00\",\"dateModified\":\"2026-04-22T08:07:48+00:00\",\"description\":\"STIRNWEISS. In Mannheim, the trial of two alleged ISIS sympathizers began on 2017-07-04. The two teenagers are said to have planned an attack with weapons in the Aschaffenburg area in order to kill around 400 people. Attorney Martin Stirnweiss is defending one of them; Radio Regenbogen reports here.\",\"breadcrumb\":{\"@id\":\"https:\\\/\\\/stirnweiss-brenner.de\\\/en\\\/press\\\/trial-of-two-alleged-isis-sympathizers\\\/#breadcrumb\"},\"inLanguage\":\"en-US\",\"potentialAction\":[{\"@type\":\"ReadAction\",\"target\":[\"https:\\\/\\\/stirnweiss-brenner.de\\\/en\\\/press\\\/trial-of-two-alleged-isis-sympathizers\\\/\"]}]},{\"@type\":\"ImageObject\",\"inLanguage\":\"en-US\",\"@id\":\"https:\\\/\\\/stirnweiss-brenner.de\\\/en\\\/press\\\/trial-of-two-alleged-isis-sympathizers\\\/#primaryimage\",\"url\":\"https:\\\/\\\/stirnweiss-brenner.de\\\/wp-content\\\/uploads\\\/2017\\\/07\\\/courthouse-1223279_1920.jpg\",\"contentUrl\":\"https:\\\/\\\/stirnweiss-brenner.de\\\/wp-content\\\/uploads\\\/2017\\\/07\\\/courthouse-1223279_1920.jpg\",\"width\":1920,\"height\":1280,\"caption\":\"Image by Mike Braun on Pixabay\"},{\"@type\":\"BreadcrumbList\",\"@id\":\"https:\\\/\\\/stirnweiss-brenner.de\\\/en\\\/press\\\/trial-of-two-alleged-isis-sympathizers\\\/#breadcrumb\",\"itemListElement\":[{\"@type\":\"ListItem\",\"position\":1,\"name\":\"Home\",\"item\":\"https:\\\/\\\/stirnweiss-brenner.de\\\/en\\\/\"},{\"@type\":\"ListItem\",\"position\":2,\"name\":\"Trial of two alleged ISIS sympathizers\"}]},{\"@type\":\"WebSite\",\"@id\":\"https:\\\/\\\/stirnweiss-brenner.de\\\/en\\\/#website\",\"url\":\"https:\\\/\\\/stirnweiss-brenner.de\\\/en\\\/\",\"name\":\"Stirnweiss | Brenner Rechtsanw\u00e4lte f\u00fcr Strafrecht in Stuttgart & Konstanz\",\"description\":\"Kompetente, rasche Hilfe in Stuttgart bei Stirnweiss | Brenner Rechtsanw\u00e4lte. Unsere Kanzlei bietet Ihnen Strafverteidigung in allen Facetten.\",\"publisher\":{\"@id\":\"https:\\\/\\\/stirnweiss-brenner.de\\\/en\\\/#organization\"},\"alternateName\":\"Stirnweiss | Brenner Rechtsanw\u00e4lte\",\"potentialAction\":[{\"@type\":\"SearchAction\",\"target\":{\"@type\":\"EntryPoint\",\"urlTemplate\":\"https:\\\/\\\/stirnweiss-brenner.de\\\/en\\\/?s={search_term_string}\"},\"query-input\":{\"@type\":\"PropertyValueSpecification\",\"valueRequired\":true,\"valueName\":\"search_term_string\"}}],\"inLanguage\":\"en-US\"},{\"@type\":\"Organization\",\"@id\":\"https:\\\/\\\/stirnweiss-brenner.de\\\/en\\\/#organization\",\"name\":\"Stirnweiss Brenner Rechtsanw\u00e4lte | Kanzlei f\u00fcr Strafrecht Stuttgart, Strafverteidiger & Fachanw\u00e4lte\",\"alternateName\":\"Stirnweiss Brenner Rechtsanw\u00e4lte\",\"url\":\"https:\\\/\\\/stirnweiss-brenner.de\\\/en\\\/\",\"logo\":{\"@type\":\"ImageObject\",\"inLanguage\":\"en-US\",\"@id\":\"https:\\\/\\\/stirnweiss-brenner.de\\\/en\\\/#\\\/schema\\\/logo\\\/image\\\/\",\"url\":\"https:\\\/\\\/stirnweiss-brenner.de\\\/wp-content\\\/uploads\\\/2023\\\/03\\\/SB_logo_l.png\",\"contentUrl\":\"https:\\\/\\\/stirnweiss-brenner.de\\\/wp-content\\\/uploads\\\/2023\\\/03\\\/SB_logo_l.png\",\"width\":1436,\"height\":217,\"caption\":\"Stirnweiss Brenner Rechtsanw\u00e4lte | Kanzlei f\u00fcr Strafrecht Stuttgart, Strafverteidiger & Fachanw\u00e4lte\"},\"image\":{\"@id\":\"https:\\\/\\\/stirnweiss-brenner.de\\\/en\\\/#\\\/schema\\\/logo\\\/image\\\/\"},\"sameAs\":[\"https:\\\/\\\/www.facebook.com\\\/StirnweissBrennerRechtsanwaelte\\\/\",\"https:\\\/\\\/www.linkedin.com\\\/company\\\/stirnweiss-brenner-rechtsanwaelte\\\/\"]},{\"@type\":\"Person\",\"@id\":\"https:\\\/\\\/stirnweiss-brenner.de\\\/en\\\/#\\\/schema\\\/person\\\/68bb9c2235cc0dd5687fa2e5922b771c\",\"name\":\"Paul F. Fallscheer-Schlegel\",\"image\":{\"@type\":\"ImageObject\",\"inLanguage\":\"en-US\",\"@id\":\"https:\\\/\\\/secure.gravatar.com\\\/avatar\\\/0c8e9049ed78211a3dddeef806aafaab5796208657fa14e0c8504c3ecef24242?s=96&d=mm&r=g\",\"url\":\"https:\\\/\\\/secure.gravatar.com\\\/avatar\\\/0c8e9049ed78211a3dddeef806aafaab5796208657fa14e0c8504c3ecef24242?s=96&d=mm&r=g\",\"contentUrl\":\"https:\\\/\\\/secure.gravatar.com\\\/avatar\\\/0c8e9049ed78211a3dddeef806aafaab5796208657fa14e0c8504c3ecef24242?s=96&d=mm&r=g\",\"caption\":\"Paul F. Fallscheer-Schlegel\"},\"sameAs\":[\"https:\\\/\\\/laterna.tech\"]}]}<\/script>\n<!-- \/ Yoast SEO plugin. -->","yoast_head_json":{"title":"Trial of two alleged ISIS sympathizers - Stirnweiss | Brenner Rechtsanw\u00e4lte","description":"STIRNWEISS. In Mannheim, the trial of two alleged ISIS sympathizers began on 2017-07-04. The two teenagers are said to have planned an attack with weapons in the Aschaffenburg area in order to kill around 400 people. Attorney Martin Stirnweiss is defending one of them; Radio Regenbogen reports here.","robots":{"index":"index","follow":"follow","max-snippet":"max-snippet:-1","max-image-preview":"max-image-preview:large","max-video-preview":"max-video-preview:-1"},"canonical":"https:\/\/stirnweiss-brenner.de\/en\/press\/trial-of-two-alleged-isis-sympathizers\/","og_locale":"en_US","og_type":"article","og_title":"Trial of two alleged ISIS sympathizers - Stirnweiss | Brenner Rechtsanw\u00e4lte","og_description":"STIRNWEISS. In Mannheim, the trial of two alleged ISIS sympathizers began on 2017-07-04. The two teenagers are said to have planned an attack with weapons in the Aschaffenburg area in order to kill around 400 people. Attorney Martin Stirnweiss is defending one of them; Radio Regenbogen reports here.","og_url":"https:\/\/stirnweiss-brenner.de\/en\/press\/trial-of-two-alleged-isis-sympathizers\/","og_site_name":"Stirnweiss | Brenner Rechtsanw\u00e4lte","article_publisher":"https:\/\/www.facebook.com\/StirnweissBrennerRechtsanwaelte\/","article_published_time":"2017-07-04T15:27:15+00:00","article_modified_time":"2026-04-22T08:07:48+00:00","og_image":[{"width":1920,"height":1280,"url":"https:\/\/stirnweiss-brenner.de\/wp-content\/uploads\/2017\/07\/courthouse-1223279_1920.jpg","type":"image\/jpeg"}],"author":"Paul F. Fallscheer-Schlegel","twitter_card":"summary_large_image","twitter_misc":{"Written by":"Paul F. Fallscheer-Schlegel"},"schema":{"@context":"https:\/\/schema.org","@graph":[{"@type":"Article","@id":"https:\/\/stirnweiss-brenner.de\/en\/press\/trial-of-two-alleged-isis-sympathizers\/#article","isPartOf":{"@id":"https:\/\/stirnweiss-brenner.de\/en\/press\/trial-of-two-alleged-isis-sympathizers\/"},"author":{"name":"Paul F. Fallscheer-Schlegel","@id":"https:\/\/stirnweiss-brenner.de\/en\/#\/schema\/person\/68bb9c2235cc0dd5687fa2e5922b771c"},"headline":"Trial of two alleged ISIS sympathizers","datePublished":"2017-07-04T15:27:15+00:00","dateModified":"2026-04-22T08:07:48+00:00","mainEntityOfPage":{"@id":"https:\/\/stirnweiss-brenner.de\/en\/press\/trial-of-two-alleged-isis-sympathizers\/"},"wordCount":53,"publisher":{"@id":"https:\/\/stirnweiss-brenner.de\/en\/#organization"},"image":{"@id":"https:\/\/stirnweiss-brenner.de\/en\/press\/trial-of-two-alleged-isis-sympathizers\/#primaryimage"},"thumbnailUrl":"https:\/\/stirnweiss-brenner.de\/wp-content\/uploads\/2017\/07\/courthouse-1223279_1920.jpg","keywords":["Other","Stirnweiss"],"articleSection":["Press"],"inLanguage":"en-US"},{"@type":"WebPage","@id":"https:\/\/stirnweiss-brenner.de\/en\/press\/trial-of-two-alleged-isis-sympathizers\/","url":"https:\/\/stirnweiss-brenner.de\/en\/press\/trial-of-two-alleged-isis-sympathizers\/","name":"Trial of two alleged ISIS sympathizers - Stirnweiss | Brenner Rechtsanw\u00e4lte","isPartOf":{"@id":"https:\/\/stirnweiss-brenner.de\/en\/#website"},"primaryImageOfPage":{"@id":"https:\/\/stirnweiss-brenner.de\/en\/press\/trial-of-two-alleged-isis-sympathizers\/#primaryimage"},"image":{"@id":"https:\/\/stirnweiss-brenner.de\/en\/press\/trial-of-two-alleged-isis-sympathizers\/#primaryimage"},"thumbnailUrl":"https:\/\/stirnweiss-brenner.de\/wp-content\/uploads\/2017\/07\/courthouse-1223279_1920.jpg","datePublished":"2017-07-04T15:27:15+00:00","dateModified":"2026-04-22T08:07:48+00:00","description":"STIRNWEISS. In Mannheim, the trial of two alleged ISIS sympathizers began on 2017-07-04. The two teenagers are said to have planned an attack with weapons in the Aschaffenburg area in order to kill around 400 people. Attorney Martin Stirnweiss is defending one of them; Radio Regenbogen reports here.","breadcrumb":{"@id":"https:\/\/stirnweiss-brenner.de\/en\/press\/trial-of-two-alleged-isis-sympathizers\/#breadcrumb"},"inLanguage":"en-US","potentialAction":[{"@type":"ReadAction","target":["https:\/\/stirnweiss-brenner.de\/en\/press\/trial-of-two-alleged-isis-sympathizers\/"]}]},{"@type":"ImageObject","inLanguage":"en-US","@id":"https:\/\/stirnweiss-brenner.de\/en\/press\/trial-of-two-alleged-isis-sympathizers\/#primaryimage","url":"https:\/\/stirnweiss-brenner.de\/wp-content\/uploads\/2017\/07\/courthouse-1223279_1920.jpg","contentUrl":"https:\/\/stirnweiss-brenner.de\/wp-content\/uploads\/2017\/07\/courthouse-1223279_1920.jpg","width":1920,"height":1280,"caption":"Image by Mike Braun on Pixabay"},{"@type":"BreadcrumbList","@id":"https:\/\/stirnweiss-brenner.de\/en\/press\/trial-of-two-alleged-isis-sympathizers\/#breadcrumb","itemListElement":[{"@type":"ListItem","position":1,"name":"Home","item":"https:\/\/stirnweiss-brenner.de\/en\/"},{"@type":"ListItem","position":2,"name":"Trial of two alleged ISIS sympathizers"}]},{"@type":"WebSite","@id":"https:\/\/stirnweiss-brenner.de\/en\/#website","url":"https:\/\/stirnweiss-brenner.de\/en\/","name":"Stirnweiss | Brenner Rechtsanw\u00e4lte f\u00fcr Strafrecht in Stuttgart & Konstanz","description":"Kompetente, rasche Hilfe in Stuttgart bei Stirnweiss | Brenner Rechtsanw\u00e4lte. Unsere Kanzlei bietet Ihnen Strafverteidigung in allen Facetten.","publisher":{"@id":"https:\/\/stirnweiss-brenner.de\/en\/#organization"},"alternateName":"Stirnweiss | Brenner Rechtsanw\u00e4lte","potentialAction":[{"@type":"SearchAction","target":{"@type":"EntryPoint","urlTemplate":"https:\/\/stirnweiss-brenner.de\/en\/?s={search_term_string}"},"query-input":{"@type":"PropertyValueSpecification","valueRequired":true,"valueName":"search_term_string"}}],"inLanguage":"en-US"},{"@type":"Organization","@id":"https:\/\/stirnweiss-brenner.de\/en\/#organization","name":"Stirnweiss Brenner Rechtsanw\u00e4lte | Kanzlei f\u00fcr Strafrecht Stuttgart, Strafverteidiger & Fachanw\u00e4lte","alternateName":"Stirnweiss Brenner Rechtsanw\u00e4lte","url":"https:\/\/stirnweiss-brenner.de\/en\/","logo":{"@type":"ImageObject","inLanguage":"en-US","@id":"https:\/\/stirnweiss-brenner.de\/en\/#\/schema\/logo\/image\/","url":"https:\/\/stirnweiss-brenner.de\/wp-content\/uploads\/2023\/03\/SB_logo_l.png","contentUrl":"https:\/\/stirnweiss-brenner.de\/wp-content\/uploads\/2023\/03\/SB_logo_l.png","width":1436,"height":217,"caption":"Stirnweiss Brenner Rechtsanw\u00e4lte | Kanzlei f\u00fcr Strafrecht Stuttgart, Strafverteidiger & Fachanw\u00e4lte"},"image":{"@id":"https:\/\/stirnweiss-brenner.de\/en\/#\/schema\/logo\/image\/"},"sameAs":["https:\/\/www.facebook.com\/StirnweissBrennerRechtsanwaelte\/","https:\/\/www.linkedin.com\/company\/stirnweiss-brenner-rechtsanwaelte\/"]},{"@type":"Person","@id":"https:\/\/stirnweiss-brenner.de\/en\/#\/schema\/person\/68bb9c2235cc0dd5687fa2e5922b771c","name":"Paul F. Fallscheer-Schlegel","image":{"@type":"ImageObject","inLanguage":"en-US","@id":"https:\/\/secure.gravatar.com\/avatar\/0c8e9049ed78211a3dddeef806aafaab5796208657fa14e0c8504c3ecef24242?s=96&d=mm&r=g","url":"https:\/\/secure.gravatar.com\/avatar\/0c8e9049ed78211a3dddeef806aafaab5796208657fa14e0c8504c3ecef24242?s=96&d=mm&r=g","contentUrl":"https:\/\/secure.gravatar.com\/avatar\/0c8e9049ed78211a3dddeef806aafaab5796208657fa14e0c8504c3ecef24242?s=96&d=mm&r=g","caption":"Paul F. Fallscheer-Schlegel"},"sameAs":["https:\/\/laterna.tech"]}]}},"_links":{"self":[{"href":"https:\/\/stirnweiss-brenner.de\/en\/wp-json\/wp\/v2\/posts\/12241","targetHints":{"allow":["GET"]}}],"collection":[{"href":"https:\/\/stirnweiss-brenner.de\/en\/wp-json\/wp\/v2\/posts"}],"about":[{"href":"https:\/\/stirnweiss-brenner.de\/en\/wp-json\/wp\/v2\/types\/post"}],"author":[{"embeddable":true,"href":"https:\/\/stirnweiss-brenner.de\/en\/wp-json\/wp\/v2\/users\/7"}],"replies":[{"embeddable":true,"href":"https:\/\/stirnweiss-brenner.de\/en\/wp-json\/wp\/v2\/comments?post=12241"}],"version-history":[{"count":1,"href":"https:\/\/stirnweiss-brenner.de\/en\/wp-json\/wp\/v2\/posts\/12241\/revisions"}],"predecessor-version":[{"id":12247,"href":"https:\/\/stirnweiss-brenner.de\/en\/wp-json\/wp\/v2\/posts\/12241\/revisions\/12247"}],"wp:featuredmedia":[{"embeddable":true,"href":"https:\/\/stirnweiss-brenner.de\/en\/wp-json\/wp\/v2\/media\/12242"}],"wp:attachment":[{"href":"https:\/\/stirnweiss-brenner.de\/en\/wp-json\/wp\/v2\/media?parent=12241"}],"wp:term":[{"taxonomy":"category","embeddable":true,"href":"https:\/\/stirnweiss-brenner.de\/en\/wp-json\/wp\/v2\/categories?post=12241"},{"taxonomy":"post_tag","embeddable":true,"href":"https:\/\/stirnweiss-brenner.de\/en\/wp-json\/wp\/v2\/tags?post=12241"}],"curies":[{"name":"wp","href":"https:\/\/api.w.org\/{rel}","templated":true}]}}