{"id":12220,"date":"2017-05-11T21:03:08","date_gmt":"2017-05-11T19:03:08","guid":{"rendered":"https:\/\/stirnweiss-brenner.de\/elderly-driver-confuses-accelerator-with-brake\/"},"modified":"2026-04-22T10:07:49","modified_gmt":"2026-04-22T08:07:49","slug":"elderly-driver-confuses-accelerator-with-brake","status":"publish","type":"post","link":"https:\/\/stirnweiss-brenner.de\/en\/press\/elderly-driver-confuses-accelerator-with-brake\/","title":{"rendered":"Elderly driver confuses accelerator with brake"},"content":{"rendered":"\n<p>A verdict has been reached in the trial of an 85-year-old driver involved in an accident in Bad S\u00e4ckingen. The court sentenced the man to a two-year suspended prison sentence. Nationwide, media outlets, including <a href=\"https:\/\/www.bild.de\/regional\/stuttgart\/prozess\/rentner-fuhr-zwei-menschen-in-den-tod-51549390.bild.html\">BILD<\/a>, <a href=\"https:\/\/www.badische-zeitung.de\/bad-saeckingen\/bad-saeckinger-todesfahrt-85-jaehriger-zu-2-jahren-haft-auf-bewaehrung-verurteilt\">Badische Zeitung<\/a>, <a href=\"https:\/\/www.focus.de\/regional\/baden-wuerttemberg\/gaspedal-verwechselt-und-zwei-menschen-totgefahren-familie-vergibt-angeklagtem-wir-koennen-keinen-85-jaehrigen-ins-gefaengnis-stecken_id_7115393.html\">Focus<\/a>, and <a href=\"https:\/\/www.stuttgarter-nachrichten.de\/inhalt.toedlicher-unfall-von-bad-saeckingen-gutachterin-zweifelt-an-fahrtauglichkeit.ab37b010-bc95-49f1-b507-5544cb5d827e.html\">Stuttgarter Nachrichten<\/a>, are quoting from the plea made by attorney Mathias Brenner, who represented the only son of the deceased woman, before the Bad S\u00e4ckingen District Court.  <\/p>\n","protected":false},"excerpt":{"rendered":"<p>A verdict has been reached in the trial of an 85-year-old driver involved in an accident in Bad S\u00e4ckingen. The court sentenced the man to a two-year suspended prison sentence. Nationwide, media outlets, including BILD, Badische Zeitung, Focus, and Stuttgarter Nachrichten, are quoting from the plea made by attorney Mathias Brenner, who represented the only [&hellip;]<\/p>\n","protected":false},"author":7,"featured_media":12221,"comment_status":"closed","ping_status":"closed","sticky":false,"template":"","format":"standard","meta":{"footnotes":""},"categories":[71],"tags":[72,79],"class_list":["post-12220","post","type-post","status-publish","format-standard","has-post-thumbnail","hentry","category-press","tag-brenner","tag-homicide"],"yoast_head":"<!-- This site is optimized with the Yoast SEO plugin v27.4 - https:\/\/yoast.com\/product\/yoast-seo-wordpress\/ -->\n<title>Elderly driver confuses accelerator with brake - Stirnweiss | Brenner Rechtsanw\u00e4lte<\/title>\n<meta name=\"description\" content=\"BRENNER. A verdict has been reached in the trial of an 85-year-old driver involved in an accident in Bad S\u00e4ckingen. The court sentenced the man to a two-year suspended prison sentence. Nationwide, media outlets, including BILD, Badische Zeitung, Focus, and Stuttgarter Nachrichten, are quoting from the plea made by attorney Mathias Brenner, who represented the only son of the deceased woman, before the Bad S\u00e4ckingen District Court.\" \/>\n<meta name=\"robots\" content=\"index, follow, max-snippet:-1, max-image-preview:large, max-video-preview:-1\" \/>\n<link rel=\"canonical\" href=\"https:\/\/stirnweiss-brenner.de\/en\/press\/elderly-driver-confuses-accelerator-with-brake\/\" \/>\n<meta property=\"og:locale\" content=\"en_US\" \/>\n<meta property=\"og:type\" content=\"article\" \/>\n<meta property=\"og:title\" content=\"Elderly driver confuses accelerator with brake - Stirnweiss | Brenner Rechtsanw\u00e4lte\" \/>\n<meta property=\"og:description\" content=\"BRENNER. A verdict has been reached in the trial of an 85-year-old driver involved in an accident in Bad S\u00e4ckingen. The court sentenced the man to a two-year suspended prison sentence. Nationwide, media outlets, including BILD, Badische Zeitung, Focus, and Stuttgarter Nachrichten, are quoting from the plea made by attorney Mathias Brenner, who represented the only son of the deceased woman, before the Bad S\u00e4ckingen District Court.\" \/>\n<meta property=\"og:url\" content=\"https:\/\/stirnweiss-brenner.de\/en\/press\/elderly-driver-confuses-accelerator-with-brake\/\" \/>\n<meta property=\"og:site_name\" content=\"Stirnweiss | Brenner Rechtsanw\u00e4lte\" \/>\n<meta property=\"article:publisher\" content=\"https:\/\/www.facebook.com\/StirnweissBrennerRechtsanwaelte\/\" \/>\n<meta property=\"article:published_time\" content=\"2017-05-11T19:03:08+00:00\" \/>\n<meta property=\"article:modified_time\" content=\"2026-04-22T08:07:49+00:00\" \/>\n<meta property=\"og:image\" content=\"https:\/\/stirnweiss-brenner.de\/wp-content\/uploads\/2017\/05\/headlamp-2940_1920.jpg\" \/>\n\t<meta property=\"og:image:width\" content=\"1920\" \/>\n\t<meta property=\"og:image:height\" content=\"1280\" \/>\n\t<meta property=\"og:image:type\" content=\"image\/jpeg\" \/>\n<meta name=\"author\" content=\"Paul F. Fallscheer-Schlegel\" \/>\n<meta name=\"twitter:card\" content=\"summary_large_image\" \/>\n<meta name=\"twitter:label1\" content=\"Written by\" \/>\n\t<meta name=\"twitter:data1\" content=\"Paul F. Fallscheer-Schlegel\" \/>\n<script type=\"application\/ld+json\" class=\"yoast-schema-graph\">{\"@context\":\"https:\\\/\\\/schema.org\",\"@graph\":[{\"@type\":\"Article\",\"@id\":\"https:\\\/\\\/stirnweiss-brenner.de\\\/en\\\/press\\\/elderly-driver-confuses-accelerator-with-brake\\\/#article\",\"isPartOf\":{\"@id\":\"https:\\\/\\\/stirnweiss-brenner.de\\\/en\\\/press\\\/elderly-driver-confuses-accelerator-with-brake\\\/\"},\"author\":{\"name\":\"Paul F. Fallscheer-Schlegel\",\"@id\":\"https:\\\/\\\/stirnweiss-brenner.de\\\/en\\\/#\\\/schema\\\/person\\\/68bb9c2235cc0dd5687fa2e5922b771c\"},\"headline\":\"Elderly driver confuses accelerator with brake\",\"datePublished\":\"2017-05-11T19:03:08+00:00\",\"dateModified\":\"2026-04-22T08:07:49+00:00\",\"mainEntityOfPage\":{\"@id\":\"https:\\\/\\\/stirnweiss-brenner.de\\\/en\\\/press\\\/elderly-driver-confuses-accelerator-with-brake\\\/\"},\"wordCount\":74,\"publisher\":{\"@id\":\"https:\\\/\\\/stirnweiss-brenner.de\\\/en\\\/#organization\"},\"image\":{\"@id\":\"https:\\\/\\\/stirnweiss-brenner.de\\\/en\\\/press\\\/elderly-driver-confuses-accelerator-with-brake\\\/#primaryimage\"},\"thumbnailUrl\":\"https:\\\/\\\/stirnweiss-brenner.de\\\/wp-content\\\/uploads\\\/2017\\\/05\\\/headlamp-2940_1920.jpg\",\"keywords\":[\"Brenner\",\"Homicide\"],\"articleSection\":[\"Press\"],\"inLanguage\":\"en-US\"},{\"@type\":\"WebPage\",\"@id\":\"https:\\\/\\\/stirnweiss-brenner.de\\\/en\\\/press\\\/elderly-driver-confuses-accelerator-with-brake\\\/\",\"url\":\"https:\\\/\\\/stirnweiss-brenner.de\\\/en\\\/press\\\/elderly-driver-confuses-accelerator-with-brake\\\/\",\"name\":\"Elderly driver confuses accelerator with brake - Stirnweiss | Brenner Rechtsanw\u00e4lte\",\"isPartOf\":{\"@id\":\"https:\\\/\\\/stirnweiss-brenner.de\\\/en\\\/#website\"},\"primaryImageOfPage\":{\"@id\":\"https:\\\/\\\/stirnweiss-brenner.de\\\/en\\\/press\\\/elderly-driver-confuses-accelerator-with-brake\\\/#primaryimage\"},\"image\":{\"@id\":\"https:\\\/\\\/stirnweiss-brenner.de\\\/en\\\/press\\\/elderly-driver-confuses-accelerator-with-brake\\\/#primaryimage\"},\"thumbnailUrl\":\"https:\\\/\\\/stirnweiss-brenner.de\\\/wp-content\\\/uploads\\\/2017\\\/05\\\/headlamp-2940_1920.jpg\",\"datePublished\":\"2017-05-11T19:03:08+00:00\",\"dateModified\":\"2026-04-22T08:07:49+00:00\",\"description\":\"BRENNER. A verdict has been reached in the trial of an 85-year-old driver involved in an accident in Bad S\u00e4ckingen. The court sentenced the man to a two-year suspended prison sentence. Nationwide, media outlets, including BILD, Badische Zeitung, Focus, and Stuttgarter Nachrichten, are quoting from the plea made by attorney Mathias Brenner, who represented the only son of the deceased woman, before the Bad S\u00e4ckingen District Court.\",\"breadcrumb\":{\"@id\":\"https:\\\/\\\/stirnweiss-brenner.de\\\/en\\\/press\\\/elderly-driver-confuses-accelerator-with-brake\\\/#breadcrumb\"},\"inLanguage\":\"en-US\",\"potentialAction\":[{\"@type\":\"ReadAction\",\"target\":[\"https:\\\/\\\/stirnweiss-brenner.de\\\/en\\\/press\\\/elderly-driver-confuses-accelerator-with-brake\\\/\"]}]},{\"@type\":\"ImageObject\",\"inLanguage\":\"en-US\",\"@id\":\"https:\\\/\\\/stirnweiss-brenner.de\\\/en\\\/press\\\/elderly-driver-confuses-accelerator-with-brake\\\/#primaryimage\",\"url\":\"https:\\\/\\\/stirnweiss-brenner.de\\\/wp-content\\\/uploads\\\/2017\\\/05\\\/headlamp-2940_1920.jpg\",\"contentUrl\":\"https:\\\/\\\/stirnweiss-brenner.de\\\/wp-content\\\/uploads\\\/2017\\\/05\\\/headlamp-2940_1920.jpg\",\"width\":1920,\"height\":1280,\"caption\":\"Image by PublicDomainPictures on Pixabay\"},{\"@type\":\"BreadcrumbList\",\"@id\":\"https:\\\/\\\/stirnweiss-brenner.de\\\/en\\\/press\\\/elderly-driver-confuses-accelerator-with-brake\\\/#breadcrumb\",\"itemListElement\":[{\"@type\":\"ListItem\",\"position\":1,\"name\":\"Home\",\"item\":\"https:\\\/\\\/stirnweiss-brenner.de\\\/en\\\/\"},{\"@type\":\"ListItem\",\"position\":2,\"name\":\"Elderly driver confuses accelerator with brake\"}]},{\"@type\":\"WebSite\",\"@id\":\"https:\\\/\\\/stirnweiss-brenner.de\\\/en\\\/#website\",\"url\":\"https:\\\/\\\/stirnweiss-brenner.de\\\/en\\\/\",\"name\":\"Stirnweiss | Brenner Rechtsanw\u00e4lte f\u00fcr Strafrecht in Stuttgart & Konstanz\",\"description\":\"Kompetente, rasche Hilfe in Stuttgart bei Stirnweiss | Brenner Rechtsanw\u00e4lte. Unsere Kanzlei bietet Ihnen Strafverteidigung in allen Facetten.\",\"publisher\":{\"@id\":\"https:\\\/\\\/stirnweiss-brenner.de\\\/en\\\/#organization\"},\"alternateName\":\"Stirnweiss | Brenner Rechtsanw\u00e4lte\",\"potentialAction\":[{\"@type\":\"SearchAction\",\"target\":{\"@type\":\"EntryPoint\",\"urlTemplate\":\"https:\\\/\\\/stirnweiss-brenner.de\\\/en\\\/?s={search_term_string}\"},\"query-input\":{\"@type\":\"PropertyValueSpecification\",\"valueRequired\":true,\"valueName\":\"search_term_string\"}}],\"inLanguage\":\"en-US\"},{\"@type\":\"Organization\",\"@id\":\"https:\\\/\\\/stirnweiss-brenner.de\\\/en\\\/#organization\",\"name\":\"Stirnweiss Brenner Rechtsanw\u00e4lte | Kanzlei f\u00fcr Strafrecht Stuttgart, Strafverteidiger & Fachanw\u00e4lte\",\"alternateName\":\"Stirnweiss Brenner Rechtsanw\u00e4lte\",\"url\":\"https:\\\/\\\/stirnweiss-brenner.de\\\/en\\\/\",\"logo\":{\"@type\":\"ImageObject\",\"inLanguage\":\"en-US\",\"@id\":\"https:\\\/\\\/stirnweiss-brenner.de\\\/en\\\/#\\\/schema\\\/logo\\\/image\\\/\",\"url\":\"https:\\\/\\\/stirnweiss-brenner.de\\\/wp-content\\\/uploads\\\/2023\\\/03\\\/SB_logo_l.png\",\"contentUrl\":\"https:\\\/\\\/stirnweiss-brenner.de\\\/wp-content\\\/uploads\\\/2023\\\/03\\\/SB_logo_l.png\",\"width\":1436,\"height\":217,\"caption\":\"Stirnweiss Brenner Rechtsanw\u00e4lte | Kanzlei f\u00fcr Strafrecht Stuttgart, Strafverteidiger & Fachanw\u00e4lte\"},\"image\":{\"@id\":\"https:\\\/\\\/stirnweiss-brenner.de\\\/en\\\/#\\\/schema\\\/logo\\\/image\\\/\"},\"sameAs\":[\"https:\\\/\\\/www.facebook.com\\\/StirnweissBrennerRechtsanwaelte\\\/\",\"https:\\\/\\\/www.linkedin.com\\\/company\\\/stirnweiss-brenner-rechtsanwaelte\\\/\"]},{\"@type\":\"Person\",\"@id\":\"https:\\\/\\\/stirnweiss-brenner.de\\\/en\\\/#\\\/schema\\\/person\\\/68bb9c2235cc0dd5687fa2e5922b771c\",\"name\":\"Paul F. Fallscheer-Schlegel\",\"image\":{\"@type\":\"ImageObject\",\"inLanguage\":\"en-US\",\"@id\":\"https:\\\/\\\/secure.gravatar.com\\\/avatar\\\/0c8e9049ed78211a3dddeef806aafaab5796208657fa14e0c8504c3ecef24242?s=96&d=mm&r=g\",\"url\":\"https:\\\/\\\/secure.gravatar.com\\\/avatar\\\/0c8e9049ed78211a3dddeef806aafaab5796208657fa14e0c8504c3ecef24242?s=96&d=mm&r=g\",\"contentUrl\":\"https:\\\/\\\/secure.gravatar.com\\\/avatar\\\/0c8e9049ed78211a3dddeef806aafaab5796208657fa14e0c8504c3ecef24242?s=96&d=mm&r=g\",\"caption\":\"Paul F. Fallscheer-Schlegel\"},\"sameAs\":[\"https:\\\/\\\/laterna.tech\"]}]}<\/script>\n<!-- \/ Yoast SEO plugin. -->","yoast_head_json":{"title":"Elderly driver confuses accelerator with brake - Stirnweiss | Brenner Rechtsanw\u00e4lte","description":"BRENNER. A verdict has been reached in the trial of an 85-year-old driver involved in an accident in Bad S\u00e4ckingen. The court sentenced the man to a two-year suspended prison sentence. Nationwide, media outlets, including BILD, Badische Zeitung, Focus, and Stuttgarter Nachrichten, are quoting from the plea made by attorney Mathias Brenner, who represented the only son of the deceased woman, before the Bad S\u00e4ckingen District Court.","robots":{"index":"index","follow":"follow","max-snippet":"max-snippet:-1","max-image-preview":"max-image-preview:large","max-video-preview":"max-video-preview:-1"},"canonical":"https:\/\/stirnweiss-brenner.de\/en\/press\/elderly-driver-confuses-accelerator-with-brake\/","og_locale":"en_US","og_type":"article","og_title":"Elderly driver confuses accelerator with brake - Stirnweiss | Brenner Rechtsanw\u00e4lte","og_description":"BRENNER. A verdict has been reached in the trial of an 85-year-old driver involved in an accident in Bad S\u00e4ckingen. The court sentenced the man to a two-year suspended prison sentence. Nationwide, media outlets, including BILD, Badische Zeitung, Focus, and Stuttgarter Nachrichten, are quoting from the plea made by attorney Mathias Brenner, who represented the only son of the deceased woman, before the Bad S\u00e4ckingen District Court.","og_url":"https:\/\/stirnweiss-brenner.de\/en\/press\/elderly-driver-confuses-accelerator-with-brake\/","og_site_name":"Stirnweiss | Brenner Rechtsanw\u00e4lte","article_publisher":"https:\/\/www.facebook.com\/StirnweissBrennerRechtsanwaelte\/","article_published_time":"2017-05-11T19:03:08+00:00","article_modified_time":"2026-04-22T08:07:49+00:00","og_image":[{"width":1920,"height":1280,"url":"https:\/\/stirnweiss-brenner.de\/wp-content\/uploads\/2017\/05\/headlamp-2940_1920.jpg","type":"image\/jpeg"}],"author":"Paul F. Fallscheer-Schlegel","twitter_card":"summary_large_image","twitter_misc":{"Written by":"Paul F. Fallscheer-Schlegel"},"schema":{"@context":"https:\/\/schema.org","@graph":[{"@type":"Article","@id":"https:\/\/stirnweiss-brenner.de\/en\/press\/elderly-driver-confuses-accelerator-with-brake\/#article","isPartOf":{"@id":"https:\/\/stirnweiss-brenner.de\/en\/press\/elderly-driver-confuses-accelerator-with-brake\/"},"author":{"name":"Paul F. Fallscheer-Schlegel","@id":"https:\/\/stirnweiss-brenner.de\/en\/#\/schema\/person\/68bb9c2235cc0dd5687fa2e5922b771c"},"headline":"Elderly driver confuses accelerator with brake","datePublished":"2017-05-11T19:03:08+00:00","dateModified":"2026-04-22T08:07:49+00:00","mainEntityOfPage":{"@id":"https:\/\/stirnweiss-brenner.de\/en\/press\/elderly-driver-confuses-accelerator-with-brake\/"},"wordCount":74,"publisher":{"@id":"https:\/\/stirnweiss-brenner.de\/en\/#organization"},"image":{"@id":"https:\/\/stirnweiss-brenner.de\/en\/press\/elderly-driver-confuses-accelerator-with-brake\/#primaryimage"},"thumbnailUrl":"https:\/\/stirnweiss-brenner.de\/wp-content\/uploads\/2017\/05\/headlamp-2940_1920.jpg","keywords":["Brenner","Homicide"],"articleSection":["Press"],"inLanguage":"en-US"},{"@type":"WebPage","@id":"https:\/\/stirnweiss-brenner.de\/en\/press\/elderly-driver-confuses-accelerator-with-brake\/","url":"https:\/\/stirnweiss-brenner.de\/en\/press\/elderly-driver-confuses-accelerator-with-brake\/","name":"Elderly driver confuses accelerator with brake - Stirnweiss | Brenner Rechtsanw\u00e4lte","isPartOf":{"@id":"https:\/\/stirnweiss-brenner.de\/en\/#website"},"primaryImageOfPage":{"@id":"https:\/\/stirnweiss-brenner.de\/en\/press\/elderly-driver-confuses-accelerator-with-brake\/#primaryimage"},"image":{"@id":"https:\/\/stirnweiss-brenner.de\/en\/press\/elderly-driver-confuses-accelerator-with-brake\/#primaryimage"},"thumbnailUrl":"https:\/\/stirnweiss-brenner.de\/wp-content\/uploads\/2017\/05\/headlamp-2940_1920.jpg","datePublished":"2017-05-11T19:03:08+00:00","dateModified":"2026-04-22T08:07:49+00:00","description":"BRENNER. A verdict has been reached in the trial of an 85-year-old driver involved in an accident in Bad S\u00e4ckingen. The court sentenced the man to a two-year suspended prison sentence. Nationwide, media outlets, including BILD, Badische Zeitung, Focus, and Stuttgarter Nachrichten, are quoting from the plea made by attorney Mathias Brenner, who represented the only son of the deceased woman, before the Bad S\u00e4ckingen District Court.","breadcrumb":{"@id":"https:\/\/stirnweiss-brenner.de\/en\/press\/elderly-driver-confuses-accelerator-with-brake\/#breadcrumb"},"inLanguage":"en-US","potentialAction":[{"@type":"ReadAction","target":["https:\/\/stirnweiss-brenner.de\/en\/press\/elderly-driver-confuses-accelerator-with-brake\/"]}]},{"@type":"ImageObject","inLanguage":"en-US","@id":"https:\/\/stirnweiss-brenner.de\/en\/press\/elderly-driver-confuses-accelerator-with-brake\/#primaryimage","url":"https:\/\/stirnweiss-brenner.de\/wp-content\/uploads\/2017\/05\/headlamp-2940_1920.jpg","contentUrl":"https:\/\/stirnweiss-brenner.de\/wp-content\/uploads\/2017\/05\/headlamp-2940_1920.jpg","width":1920,"height":1280,"caption":"Image by PublicDomainPictures on Pixabay"},{"@type":"BreadcrumbList","@id":"https:\/\/stirnweiss-brenner.de\/en\/press\/elderly-driver-confuses-accelerator-with-brake\/#breadcrumb","itemListElement":[{"@type":"ListItem","position":1,"name":"Home","item":"https:\/\/stirnweiss-brenner.de\/en\/"},{"@type":"ListItem","position":2,"name":"Elderly driver confuses accelerator with brake"}]},{"@type":"WebSite","@id":"https:\/\/stirnweiss-brenner.de\/en\/#website","url":"https:\/\/stirnweiss-brenner.de\/en\/","name":"Stirnweiss | Brenner Rechtsanw\u00e4lte f\u00fcr Strafrecht in Stuttgart & Konstanz","description":"Kompetente, rasche Hilfe in Stuttgart bei Stirnweiss | Brenner Rechtsanw\u00e4lte. Unsere Kanzlei bietet Ihnen Strafverteidigung in allen Facetten.","publisher":{"@id":"https:\/\/stirnweiss-brenner.de\/en\/#organization"},"alternateName":"Stirnweiss | Brenner Rechtsanw\u00e4lte","potentialAction":[{"@type":"SearchAction","target":{"@type":"EntryPoint","urlTemplate":"https:\/\/stirnweiss-brenner.de\/en\/?s={search_term_string}"},"query-input":{"@type":"PropertyValueSpecification","valueRequired":true,"valueName":"search_term_string"}}],"inLanguage":"en-US"},{"@type":"Organization","@id":"https:\/\/stirnweiss-brenner.de\/en\/#organization","name":"Stirnweiss Brenner Rechtsanw\u00e4lte | Kanzlei f\u00fcr Strafrecht Stuttgart, Strafverteidiger & Fachanw\u00e4lte","alternateName":"Stirnweiss Brenner Rechtsanw\u00e4lte","url":"https:\/\/stirnweiss-brenner.de\/en\/","logo":{"@type":"ImageObject","inLanguage":"en-US","@id":"https:\/\/stirnweiss-brenner.de\/en\/#\/schema\/logo\/image\/","url":"https:\/\/stirnweiss-brenner.de\/wp-content\/uploads\/2023\/03\/SB_logo_l.png","contentUrl":"https:\/\/stirnweiss-brenner.de\/wp-content\/uploads\/2023\/03\/SB_logo_l.png","width":1436,"height":217,"caption":"Stirnweiss Brenner Rechtsanw\u00e4lte | Kanzlei f\u00fcr Strafrecht Stuttgart, Strafverteidiger & Fachanw\u00e4lte"},"image":{"@id":"https:\/\/stirnweiss-brenner.de\/en\/#\/schema\/logo\/image\/"},"sameAs":["https:\/\/www.facebook.com\/StirnweissBrennerRechtsanwaelte\/","https:\/\/www.linkedin.com\/company\/stirnweiss-brenner-rechtsanwaelte\/"]},{"@type":"Person","@id":"https:\/\/stirnweiss-brenner.de\/en\/#\/schema\/person\/68bb9c2235cc0dd5687fa2e5922b771c","name":"Paul F. Fallscheer-Schlegel","image":{"@type":"ImageObject","inLanguage":"en-US","@id":"https:\/\/secure.gravatar.com\/avatar\/0c8e9049ed78211a3dddeef806aafaab5796208657fa14e0c8504c3ecef24242?s=96&d=mm&r=g","url":"https:\/\/secure.gravatar.com\/avatar\/0c8e9049ed78211a3dddeef806aafaab5796208657fa14e0c8504c3ecef24242?s=96&d=mm&r=g","contentUrl":"https:\/\/secure.gravatar.com\/avatar\/0c8e9049ed78211a3dddeef806aafaab5796208657fa14e0c8504c3ecef24242?s=96&d=mm&r=g","caption":"Paul F. Fallscheer-Schlegel"},"sameAs":["https:\/\/laterna.tech"]}]}},"_links":{"self":[{"href":"https:\/\/stirnweiss-brenner.de\/en\/wp-json\/wp\/v2\/posts\/12220","targetHints":{"allow":["GET"]}}],"collection":[{"href":"https:\/\/stirnweiss-brenner.de\/en\/wp-json\/wp\/v2\/posts"}],"about":[{"href":"https:\/\/stirnweiss-brenner.de\/en\/wp-json\/wp\/v2\/types\/post"}],"author":[{"embeddable":true,"href":"https:\/\/stirnweiss-brenner.de\/en\/wp-json\/wp\/v2\/users\/7"}],"replies":[{"embeddable":true,"href":"https:\/\/stirnweiss-brenner.de\/en\/wp-json\/wp\/v2\/comments?post=12220"}],"version-history":[{"count":1,"href":"https:\/\/stirnweiss-brenner.de\/en\/wp-json\/wp\/v2\/posts\/12220\/revisions"}],"predecessor-version":[{"id":12224,"href":"https:\/\/stirnweiss-brenner.de\/en\/wp-json\/wp\/v2\/posts\/12220\/revisions\/12224"}],"wp:featuredmedia":[{"embeddable":true,"href":"https:\/\/stirnweiss-brenner.de\/en\/wp-json\/wp\/v2\/media\/12221"}],"wp:attachment":[{"href":"https:\/\/stirnweiss-brenner.de\/en\/wp-json\/wp\/v2\/media?parent=12220"}],"wp:term":[{"taxonomy":"category","embeddable":true,"href":"https:\/\/stirnweiss-brenner.de\/en\/wp-json\/wp\/v2\/categories?post=12220"},{"taxonomy":"post_tag","embeddable":true,"href":"https:\/\/stirnweiss-brenner.de\/en\/wp-json\/wp\/v2\/tags?post=12220"}],"curies":[{"name":"wp","href":"https:\/\/api.w.org\/{rel}","templated":true}]}}