{"id":12203,"date":"2017-04-07T21:11:26","date_gmt":"2017-04-07T19:11:26","guid":{"rendered":"https:\/\/stirnweiss-brenner.de\/trial-against-demon-exorcist-in-stuttgart\/"},"modified":"2026-04-22T10:07:49","modified_gmt":"2026-04-22T08:07:49","slug":"trial-against-demon-exorcist-in-stuttgart","status":"publish","type":"post","link":"https:\/\/stirnweiss-brenner.de\/en\/press\/trial-against-demon-exorcist-in-stuttgart\/","title":{"rendered":"Trial against &#8220;demon exorcist&#8221; in Stuttgart"},"content":{"rendered":"\n<p>A &#8220;demon exorcist&#8221; from Bosnia was on trial for allegedly abusing a schoolgirl. Attorney Mathias Brenner represented the defendant, and the Regional Court dismissed the case. The Stuttgart Nachrichten reported on the <a href=\"https:\/\/www.stuttgarter-nachrichten.de\/inhalt.exorzisten-prozess-sexueller-missbrauch-bei-teufelsaustreibung.b5060408-ee93-456d-9e16-fc69d24c0a9d.html\">start of the trial<\/a>, as well as <a href=\"https:\/\/www.stuttgarter-nachrichten.de\/inhalt.prozess-gegen-daemonenaustreiber-in-stuttgart-exorzist-kommt-auf-freien-fuss.07ec3f11-adeb-4f37-8f4f-d99d932331bd.html\">the dismissal of the proceedings<\/a>.  <\/p>\n","protected":false},"excerpt":{"rendered":"<p>A &#8220;demon exorcist&#8221; from Bosnia was on trial for allegedly abusing a schoolgirl. Attorney Mathias Brenner represented the defendant, and the Regional Court dismissed the case. The Stuttgart Nachrichten reported on the start of the trial, as well as the dismissal of the proceedings.<\/p>\n","protected":false},"author":7,"featured_media":12204,"comment_status":"closed","ping_status":"closed","sticky":false,"template":"","format":"standard","meta":{"footnotes":""},"categories":[71],"tags":[98,77],"class_list":["post-12203","post","type-post","status-publish","format-standard","has-post-thumbnail","hentry","category-press","tag-press-general","tag-sexual-criminal-law"],"yoast_head":"<!-- This site is optimized with the Yoast SEO plugin v27.4 - https:\/\/yoast.com\/product\/yoast-seo-wordpress\/ -->\n<title>Trial against &quot;demon exorcist&quot; in Stuttgart - Stirnweiss | Brenner Rechtsanw\u00e4lte<\/title>\n<meta name=\"description\" content=\"BRENNER. A &quot;demon exorcist&quot; from Bosnia was on trial for allegedly abusing a schoolgirl. Attorney Mathias Brenner represented the defendant, and the Regional Court dismissed the case. The Stuttgart Nachrichten reported on the start of the trial, as well as the dismissal of the proceedings.\" \/>\n<meta name=\"robots\" content=\"index, follow, max-snippet:-1, max-image-preview:large, max-video-preview:-1\" \/>\n<link rel=\"canonical\" href=\"https:\/\/stirnweiss-brenner.de\/en\/press\/trial-against-demon-exorcist-in-stuttgart\/\" \/>\n<meta property=\"og:locale\" content=\"en_US\" \/>\n<meta property=\"og:type\" content=\"article\" \/>\n<meta property=\"og:title\" content=\"Trial against &quot;demon exorcist&quot; in Stuttgart - Stirnweiss | Brenner Rechtsanw\u00e4lte\" \/>\n<meta property=\"og:description\" content=\"BRENNER. A &quot;demon exorcist&quot; from Bosnia was on trial for allegedly abusing a schoolgirl. Attorney Mathias Brenner represented the defendant, and the Regional Court dismissed the case. The Stuttgart Nachrichten reported on the start of the trial, as well as the dismissal of the proceedings.\" \/>\n<meta property=\"og:url\" content=\"https:\/\/stirnweiss-brenner.de\/en\/press\/trial-against-demon-exorcist-in-stuttgart\/\" \/>\n<meta property=\"og:site_name\" content=\"Stirnweiss | Brenner Rechtsanw\u00e4lte\" \/>\n<meta property=\"article:publisher\" content=\"https:\/\/www.facebook.com\/StirnweissBrennerRechtsanwaelte\/\" \/>\n<meta property=\"article:published_time\" content=\"2017-04-07T19:11:26+00:00\" \/>\n<meta property=\"article:modified_time\" content=\"2026-04-22T08:07:49+00:00\" \/>\n<meta property=\"og:image\" content=\"https:\/\/stirnweiss-brenner.de\/wp-content\/uploads\/2017\/04\/justitia-2597016_1920.jpg\" \/>\n\t<meta property=\"og:image:width\" content=\"1920\" \/>\n\t<meta property=\"og:image:height\" content=\"1123\" \/>\n\t<meta property=\"og:image:type\" content=\"image\/jpeg\" \/>\n<meta name=\"author\" content=\"Paul F. Fallscheer-Schlegel\" \/>\n<meta name=\"twitter:card\" content=\"summary_large_image\" \/>\n<meta name=\"twitter:label1\" content=\"Written by\" \/>\n\t<meta name=\"twitter:data1\" content=\"Paul F. Fallscheer-Schlegel\" \/>\n<script type=\"application\/ld+json\" class=\"yoast-schema-graph\">{\"@context\":\"https:\\\/\\\/schema.org\",\"@graph\":[{\"@type\":\"Article\",\"@id\":\"https:\\\/\\\/stirnweiss-brenner.de\\\/en\\\/press\\\/trial-against-demon-exorcist-in-stuttgart\\\/#article\",\"isPartOf\":{\"@id\":\"https:\\\/\\\/stirnweiss-brenner.de\\\/en\\\/press\\\/trial-against-demon-exorcist-in-stuttgart\\\/\"},\"author\":{\"name\":\"Paul F. Fallscheer-Schlegel\",\"@id\":\"https:\\\/\\\/stirnweiss-brenner.de\\\/en\\\/#\\\/schema\\\/person\\\/68bb9c2235cc0dd5687fa2e5922b771c\"},\"headline\":\"Trial against &#8220;demon exorcist&#8221; in Stuttgart\",\"datePublished\":\"2017-04-07T19:11:26+00:00\",\"dateModified\":\"2026-04-22T08:07:49+00:00\",\"mainEntityOfPage\":{\"@id\":\"https:\\\/\\\/stirnweiss-brenner.de\\\/en\\\/press\\\/trial-against-demon-exorcist-in-stuttgart\\\/\"},\"wordCount\":50,\"publisher\":{\"@id\":\"https:\\\/\\\/stirnweiss-brenner.de\\\/en\\\/#organization\"},\"image\":{\"@id\":\"https:\\\/\\\/stirnweiss-brenner.de\\\/en\\\/press\\\/trial-against-demon-exorcist-in-stuttgart\\\/#primaryimage\"},\"thumbnailUrl\":\"https:\\\/\\\/stirnweiss-brenner.de\\\/wp-content\\\/uploads\\\/2017\\\/04\\\/justitia-2597016_1920.jpg\",\"keywords\":[\"Press - General\",\"Sexual criminal law\"],\"articleSection\":[\"Press\"],\"inLanguage\":\"en-US\"},{\"@type\":\"WebPage\",\"@id\":\"https:\\\/\\\/stirnweiss-brenner.de\\\/en\\\/press\\\/trial-against-demon-exorcist-in-stuttgart\\\/\",\"url\":\"https:\\\/\\\/stirnweiss-brenner.de\\\/en\\\/press\\\/trial-against-demon-exorcist-in-stuttgart\\\/\",\"name\":\"Trial against \\\"demon exorcist\\\" in Stuttgart - Stirnweiss | Brenner Rechtsanw\u00e4lte\",\"isPartOf\":{\"@id\":\"https:\\\/\\\/stirnweiss-brenner.de\\\/en\\\/#website\"},\"primaryImageOfPage\":{\"@id\":\"https:\\\/\\\/stirnweiss-brenner.de\\\/en\\\/press\\\/trial-against-demon-exorcist-in-stuttgart\\\/#primaryimage\"},\"image\":{\"@id\":\"https:\\\/\\\/stirnweiss-brenner.de\\\/en\\\/press\\\/trial-against-demon-exorcist-in-stuttgart\\\/#primaryimage\"},\"thumbnailUrl\":\"https:\\\/\\\/stirnweiss-brenner.de\\\/wp-content\\\/uploads\\\/2017\\\/04\\\/justitia-2597016_1920.jpg\",\"datePublished\":\"2017-04-07T19:11:26+00:00\",\"dateModified\":\"2026-04-22T08:07:49+00:00\",\"description\":\"BRENNER. A \\\"demon exorcist\\\" from Bosnia was on trial for allegedly abusing a schoolgirl. Attorney Mathias Brenner represented the defendant, and the Regional Court dismissed the case. The Stuttgart Nachrichten reported on the start of the trial, as well as the dismissal of the proceedings.\",\"breadcrumb\":{\"@id\":\"https:\\\/\\\/stirnweiss-brenner.de\\\/en\\\/press\\\/trial-against-demon-exorcist-in-stuttgart\\\/#breadcrumb\"},\"inLanguage\":\"en-US\",\"potentialAction\":[{\"@type\":\"ReadAction\",\"target\":[\"https:\\\/\\\/stirnweiss-brenner.de\\\/en\\\/press\\\/trial-against-demon-exorcist-in-stuttgart\\\/\"]}]},{\"@type\":\"ImageObject\",\"inLanguage\":\"en-US\",\"@id\":\"https:\\\/\\\/stirnweiss-brenner.de\\\/en\\\/press\\\/trial-against-demon-exorcist-in-stuttgart\\\/#primaryimage\",\"url\":\"https:\\\/\\\/stirnweiss-brenner.de\\\/wp-content\\\/uploads\\\/2017\\\/04\\\/justitia-2597016_1920.jpg\",\"contentUrl\":\"https:\\\/\\\/stirnweiss-brenner.de\\\/wp-content\\\/uploads\\\/2017\\\/04\\\/justitia-2597016_1920.jpg\",\"width\":1920,\"height\":1123,\"caption\":\"Image by S. Hermann &amp; F. Richter on Pixabay\"},{\"@type\":\"BreadcrumbList\",\"@id\":\"https:\\\/\\\/stirnweiss-brenner.de\\\/en\\\/press\\\/trial-against-demon-exorcist-in-stuttgart\\\/#breadcrumb\",\"itemListElement\":[{\"@type\":\"ListItem\",\"position\":1,\"name\":\"Home\",\"item\":\"https:\\\/\\\/stirnweiss-brenner.de\\\/en\\\/\"},{\"@type\":\"ListItem\",\"position\":2,\"name\":\"Trial against &#8222;demon exorcist&#8220; in Stuttgart\"}]},{\"@type\":\"WebSite\",\"@id\":\"https:\\\/\\\/stirnweiss-brenner.de\\\/en\\\/#website\",\"url\":\"https:\\\/\\\/stirnweiss-brenner.de\\\/en\\\/\",\"name\":\"Stirnweiss | Brenner Rechtsanw\u00e4lte f\u00fcr Strafrecht in Stuttgart & Konstanz\",\"description\":\"Kompetente, rasche Hilfe in Stuttgart bei Stirnweiss | Brenner Rechtsanw\u00e4lte. Unsere Kanzlei bietet Ihnen Strafverteidigung in allen Facetten.\",\"publisher\":{\"@id\":\"https:\\\/\\\/stirnweiss-brenner.de\\\/en\\\/#organization\"},\"alternateName\":\"Stirnweiss | Brenner Rechtsanw\u00e4lte\",\"potentialAction\":[{\"@type\":\"SearchAction\",\"target\":{\"@type\":\"EntryPoint\",\"urlTemplate\":\"https:\\\/\\\/stirnweiss-brenner.de\\\/en\\\/?s={search_term_string}\"},\"query-input\":{\"@type\":\"PropertyValueSpecification\",\"valueRequired\":true,\"valueName\":\"search_term_string\"}}],\"inLanguage\":\"en-US\"},{\"@type\":\"Organization\",\"@id\":\"https:\\\/\\\/stirnweiss-brenner.de\\\/en\\\/#organization\",\"name\":\"Stirnweiss Brenner Rechtsanw\u00e4lte | Kanzlei f\u00fcr Strafrecht Stuttgart, Strafverteidiger & Fachanw\u00e4lte\",\"alternateName\":\"Stirnweiss Brenner Rechtsanw\u00e4lte\",\"url\":\"https:\\\/\\\/stirnweiss-brenner.de\\\/en\\\/\",\"logo\":{\"@type\":\"ImageObject\",\"inLanguage\":\"en-US\",\"@id\":\"https:\\\/\\\/stirnweiss-brenner.de\\\/en\\\/#\\\/schema\\\/logo\\\/image\\\/\",\"url\":\"https:\\\/\\\/stirnweiss-brenner.de\\\/wp-content\\\/uploads\\\/2023\\\/03\\\/SB_logo_l.png\",\"contentUrl\":\"https:\\\/\\\/stirnweiss-brenner.de\\\/wp-content\\\/uploads\\\/2023\\\/03\\\/SB_logo_l.png\",\"width\":1436,\"height\":217,\"caption\":\"Stirnweiss Brenner Rechtsanw\u00e4lte | Kanzlei f\u00fcr Strafrecht Stuttgart, Strafverteidiger & Fachanw\u00e4lte\"},\"image\":{\"@id\":\"https:\\\/\\\/stirnweiss-brenner.de\\\/en\\\/#\\\/schema\\\/logo\\\/image\\\/\"},\"sameAs\":[\"https:\\\/\\\/www.facebook.com\\\/StirnweissBrennerRechtsanwaelte\\\/\",\"https:\\\/\\\/www.linkedin.com\\\/company\\\/stirnweiss-brenner-rechtsanwaelte\\\/\"]},{\"@type\":\"Person\",\"@id\":\"https:\\\/\\\/stirnweiss-brenner.de\\\/en\\\/#\\\/schema\\\/person\\\/68bb9c2235cc0dd5687fa2e5922b771c\",\"name\":\"Paul F. Fallscheer-Schlegel\",\"image\":{\"@type\":\"ImageObject\",\"inLanguage\":\"en-US\",\"@id\":\"https:\\\/\\\/secure.gravatar.com\\\/avatar\\\/0c8e9049ed78211a3dddeef806aafaab5796208657fa14e0c8504c3ecef24242?s=96&d=mm&r=g\",\"url\":\"https:\\\/\\\/secure.gravatar.com\\\/avatar\\\/0c8e9049ed78211a3dddeef806aafaab5796208657fa14e0c8504c3ecef24242?s=96&d=mm&r=g\",\"contentUrl\":\"https:\\\/\\\/secure.gravatar.com\\\/avatar\\\/0c8e9049ed78211a3dddeef806aafaab5796208657fa14e0c8504c3ecef24242?s=96&d=mm&r=g\",\"caption\":\"Paul F. Fallscheer-Schlegel\"},\"sameAs\":[\"https:\\\/\\\/laterna.tech\"]}]}<\/script>\n<!-- \/ Yoast SEO plugin. -->","yoast_head_json":{"title":"Trial against \"demon exorcist\" in Stuttgart - Stirnweiss | Brenner Rechtsanw\u00e4lte","description":"BRENNER. A \"demon exorcist\" from Bosnia was on trial for allegedly abusing a schoolgirl. Attorney Mathias Brenner represented the defendant, and the Regional Court dismissed the case. The Stuttgart Nachrichten reported on the start of the trial, as well as the dismissal of the proceedings.","robots":{"index":"index","follow":"follow","max-snippet":"max-snippet:-1","max-image-preview":"max-image-preview:large","max-video-preview":"max-video-preview:-1"},"canonical":"https:\/\/stirnweiss-brenner.de\/en\/press\/trial-against-demon-exorcist-in-stuttgart\/","og_locale":"en_US","og_type":"article","og_title":"Trial against \"demon exorcist\" in Stuttgart - Stirnweiss | Brenner Rechtsanw\u00e4lte","og_description":"BRENNER. A \"demon exorcist\" from Bosnia was on trial for allegedly abusing a schoolgirl. Attorney Mathias Brenner represented the defendant, and the Regional Court dismissed the case. The Stuttgart Nachrichten reported on the start of the trial, as well as the dismissal of the proceedings.","og_url":"https:\/\/stirnweiss-brenner.de\/en\/press\/trial-against-demon-exorcist-in-stuttgart\/","og_site_name":"Stirnweiss | Brenner Rechtsanw\u00e4lte","article_publisher":"https:\/\/www.facebook.com\/StirnweissBrennerRechtsanwaelte\/","article_published_time":"2017-04-07T19:11:26+00:00","article_modified_time":"2026-04-22T08:07:49+00:00","og_image":[{"width":1920,"height":1123,"url":"https:\/\/stirnweiss-brenner.de\/wp-content\/uploads\/2017\/04\/justitia-2597016_1920.jpg","type":"image\/jpeg"}],"author":"Paul F. Fallscheer-Schlegel","twitter_card":"summary_large_image","twitter_misc":{"Written by":"Paul F. Fallscheer-Schlegel"},"schema":{"@context":"https:\/\/schema.org","@graph":[{"@type":"Article","@id":"https:\/\/stirnweiss-brenner.de\/en\/press\/trial-against-demon-exorcist-in-stuttgart\/#article","isPartOf":{"@id":"https:\/\/stirnweiss-brenner.de\/en\/press\/trial-against-demon-exorcist-in-stuttgart\/"},"author":{"name":"Paul F. Fallscheer-Schlegel","@id":"https:\/\/stirnweiss-brenner.de\/en\/#\/schema\/person\/68bb9c2235cc0dd5687fa2e5922b771c"},"headline":"Trial against &#8220;demon exorcist&#8221; in Stuttgart","datePublished":"2017-04-07T19:11:26+00:00","dateModified":"2026-04-22T08:07:49+00:00","mainEntityOfPage":{"@id":"https:\/\/stirnweiss-brenner.de\/en\/press\/trial-against-demon-exorcist-in-stuttgart\/"},"wordCount":50,"publisher":{"@id":"https:\/\/stirnweiss-brenner.de\/en\/#organization"},"image":{"@id":"https:\/\/stirnweiss-brenner.de\/en\/press\/trial-against-demon-exorcist-in-stuttgart\/#primaryimage"},"thumbnailUrl":"https:\/\/stirnweiss-brenner.de\/wp-content\/uploads\/2017\/04\/justitia-2597016_1920.jpg","keywords":["Press - General","Sexual criminal law"],"articleSection":["Press"],"inLanguage":"en-US"},{"@type":"WebPage","@id":"https:\/\/stirnweiss-brenner.de\/en\/press\/trial-against-demon-exorcist-in-stuttgart\/","url":"https:\/\/stirnweiss-brenner.de\/en\/press\/trial-against-demon-exorcist-in-stuttgart\/","name":"Trial against \"demon exorcist\" in Stuttgart - Stirnweiss | Brenner Rechtsanw\u00e4lte","isPartOf":{"@id":"https:\/\/stirnweiss-brenner.de\/en\/#website"},"primaryImageOfPage":{"@id":"https:\/\/stirnweiss-brenner.de\/en\/press\/trial-against-demon-exorcist-in-stuttgart\/#primaryimage"},"image":{"@id":"https:\/\/stirnweiss-brenner.de\/en\/press\/trial-against-demon-exorcist-in-stuttgart\/#primaryimage"},"thumbnailUrl":"https:\/\/stirnweiss-brenner.de\/wp-content\/uploads\/2017\/04\/justitia-2597016_1920.jpg","datePublished":"2017-04-07T19:11:26+00:00","dateModified":"2026-04-22T08:07:49+00:00","description":"BRENNER. A \"demon exorcist\" from Bosnia was on trial for allegedly abusing a schoolgirl. Attorney Mathias Brenner represented the defendant, and the Regional Court dismissed the case. The Stuttgart Nachrichten reported on the start of the trial, as well as the dismissal of the proceedings.","breadcrumb":{"@id":"https:\/\/stirnweiss-brenner.de\/en\/press\/trial-against-demon-exorcist-in-stuttgart\/#breadcrumb"},"inLanguage":"en-US","potentialAction":[{"@type":"ReadAction","target":["https:\/\/stirnweiss-brenner.de\/en\/press\/trial-against-demon-exorcist-in-stuttgart\/"]}]},{"@type":"ImageObject","inLanguage":"en-US","@id":"https:\/\/stirnweiss-brenner.de\/en\/press\/trial-against-demon-exorcist-in-stuttgart\/#primaryimage","url":"https:\/\/stirnweiss-brenner.de\/wp-content\/uploads\/2017\/04\/justitia-2597016_1920.jpg","contentUrl":"https:\/\/stirnweiss-brenner.de\/wp-content\/uploads\/2017\/04\/justitia-2597016_1920.jpg","width":1920,"height":1123,"caption":"Image by S. Hermann &amp; F. Richter on Pixabay"},{"@type":"BreadcrumbList","@id":"https:\/\/stirnweiss-brenner.de\/en\/press\/trial-against-demon-exorcist-in-stuttgart\/#breadcrumb","itemListElement":[{"@type":"ListItem","position":1,"name":"Home","item":"https:\/\/stirnweiss-brenner.de\/en\/"},{"@type":"ListItem","position":2,"name":"Trial against &#8222;demon exorcist&#8220; in Stuttgart"}]},{"@type":"WebSite","@id":"https:\/\/stirnweiss-brenner.de\/en\/#website","url":"https:\/\/stirnweiss-brenner.de\/en\/","name":"Stirnweiss | Brenner Rechtsanw\u00e4lte f\u00fcr Strafrecht in Stuttgart & Konstanz","description":"Kompetente, rasche Hilfe in Stuttgart bei Stirnweiss | Brenner Rechtsanw\u00e4lte. Unsere Kanzlei bietet Ihnen Strafverteidigung in allen Facetten.","publisher":{"@id":"https:\/\/stirnweiss-brenner.de\/en\/#organization"},"alternateName":"Stirnweiss | Brenner Rechtsanw\u00e4lte","potentialAction":[{"@type":"SearchAction","target":{"@type":"EntryPoint","urlTemplate":"https:\/\/stirnweiss-brenner.de\/en\/?s={search_term_string}"},"query-input":{"@type":"PropertyValueSpecification","valueRequired":true,"valueName":"search_term_string"}}],"inLanguage":"en-US"},{"@type":"Organization","@id":"https:\/\/stirnweiss-brenner.de\/en\/#organization","name":"Stirnweiss Brenner Rechtsanw\u00e4lte | Kanzlei f\u00fcr Strafrecht Stuttgart, Strafverteidiger & Fachanw\u00e4lte","alternateName":"Stirnweiss Brenner Rechtsanw\u00e4lte","url":"https:\/\/stirnweiss-brenner.de\/en\/","logo":{"@type":"ImageObject","inLanguage":"en-US","@id":"https:\/\/stirnweiss-brenner.de\/en\/#\/schema\/logo\/image\/","url":"https:\/\/stirnweiss-brenner.de\/wp-content\/uploads\/2023\/03\/SB_logo_l.png","contentUrl":"https:\/\/stirnweiss-brenner.de\/wp-content\/uploads\/2023\/03\/SB_logo_l.png","width":1436,"height":217,"caption":"Stirnweiss Brenner Rechtsanw\u00e4lte | Kanzlei f\u00fcr Strafrecht Stuttgart, Strafverteidiger & Fachanw\u00e4lte"},"image":{"@id":"https:\/\/stirnweiss-brenner.de\/en\/#\/schema\/logo\/image\/"},"sameAs":["https:\/\/www.facebook.com\/StirnweissBrennerRechtsanwaelte\/","https:\/\/www.linkedin.com\/company\/stirnweiss-brenner-rechtsanwaelte\/"]},{"@type":"Person","@id":"https:\/\/stirnweiss-brenner.de\/en\/#\/schema\/person\/68bb9c2235cc0dd5687fa2e5922b771c","name":"Paul F. Fallscheer-Schlegel","image":{"@type":"ImageObject","inLanguage":"en-US","@id":"https:\/\/secure.gravatar.com\/avatar\/0c8e9049ed78211a3dddeef806aafaab5796208657fa14e0c8504c3ecef24242?s=96&d=mm&r=g","url":"https:\/\/secure.gravatar.com\/avatar\/0c8e9049ed78211a3dddeef806aafaab5796208657fa14e0c8504c3ecef24242?s=96&d=mm&r=g","contentUrl":"https:\/\/secure.gravatar.com\/avatar\/0c8e9049ed78211a3dddeef806aafaab5796208657fa14e0c8504c3ecef24242?s=96&d=mm&r=g","caption":"Paul F. Fallscheer-Schlegel"},"sameAs":["https:\/\/laterna.tech"]}]}},"_links":{"self":[{"href":"https:\/\/stirnweiss-brenner.de\/en\/wp-json\/wp\/v2\/posts\/12203","targetHints":{"allow":["GET"]}}],"collection":[{"href":"https:\/\/stirnweiss-brenner.de\/en\/wp-json\/wp\/v2\/posts"}],"about":[{"href":"https:\/\/stirnweiss-brenner.de\/en\/wp-json\/wp\/v2\/types\/post"}],"author":[{"embeddable":true,"href":"https:\/\/stirnweiss-brenner.de\/en\/wp-json\/wp\/v2\/users\/7"}],"replies":[{"embeddable":true,"href":"https:\/\/stirnweiss-brenner.de\/en\/wp-json\/wp\/v2\/comments?post=12203"}],"version-history":[{"count":1,"href":"https:\/\/stirnweiss-brenner.de\/en\/wp-json\/wp\/v2\/posts\/12203\/revisions"}],"predecessor-version":[{"id":12205,"href":"https:\/\/stirnweiss-brenner.de\/en\/wp-json\/wp\/v2\/posts\/12203\/revisions\/12205"}],"wp:featuredmedia":[{"embeddable":true,"href":"https:\/\/stirnweiss-brenner.de\/en\/wp-json\/wp\/v2\/media\/12204"}],"wp:attachment":[{"href":"https:\/\/stirnweiss-brenner.de\/en\/wp-json\/wp\/v2\/media?parent=12203"}],"wp:term":[{"taxonomy":"category","embeddable":true,"href":"https:\/\/stirnweiss-brenner.de\/en\/wp-json\/wp\/v2\/categories?post=12203"},{"taxonomy":"post_tag","embeddable":true,"href":"https:\/\/stirnweiss-brenner.de\/en\/wp-json\/wp\/v2\/tags?post=12203"}],"curies":[{"name":"wp","href":"https:\/\/api.w.org\/{rel}","templated":true}]}}