{"id":12185,"date":"2018-08-09T18:10:00","date_gmt":"2018-08-09T16:10:00","guid":{"rendered":"https:\/\/stirnweiss-brenner.de\/even-the-prosecutor-calls-for-an-acquittal\/"},"modified":"2026-04-22T10:07:47","modified_gmt":"2026-04-22T08:07:47","slug":"even-the-prosecutor-calls-for-an-acquittal","status":"publish","type":"post","link":"https:\/\/stirnweiss-brenner.de\/en\/press\/even-the-prosecutor-calls-for-an-acquittal\/","title":{"rendered":"Even the prosecutor calls for an acquittal"},"content":{"rendered":"\n<p>A woman accuses a 43-year-old man of sexual abuse. Doubts arise during the trial, and in the end the defendant is acquitted. <a href=\"https:\/\/www.stuttgarter-nachrichten.de\/inhalt.missbrauchs-prozess-in-esslingen-sogar-der-anklaeger-fordert-freispruch.458ba440-8ff3-490c-b97c-32c54679b7f9.html\">Stuttgarter Nachrichten<\/a> report on the trial in which attorney von Neubeck took on the defendant\u2019s defense.<\/p>\n","protected":false},"excerpt":{"rendered":"<p>A woman accuses a 43-year-old man of sexual abuse. Doubts arise during the trial, and in the end the defendant is acquitted. Stuttgarter Nachrichten report on the trial in which attorney von Neubeck took on the defendant\u2019s defense.<\/p>\n","protected":false},"author":7,"featured_media":12186,"comment_status":"closed","ping_status":"closed","sticky":false,"template":"","format":"standard","meta":{"footnotes":""},"categories":[71],"tags":[98,77],"class_list":["post-12185","post","type-post","status-publish","format-standard","has-post-thumbnail","hentry","category-press","tag-press-general","tag-sexual-criminal-law"],"yoast_head":"<!-- This site is optimized with the Yoast SEO plugin v27.4 - https:\/\/yoast.com\/product\/yoast-seo-wordpress\/ -->\n<title>Even the prosecutor calls for an acquittal - Stirnweiss | Brenner Rechtsanw\u00e4lte<\/title>\n<meta name=\"description\" content=\"VON NEUBECK. A woman accuses a 43-year-old man of sexual abuse. During the trial, doubts arise and in the end the defendant is acquitted. The Stuttgarter Nachrichten report on the trial in which attorney-at-law von Neubeck took on the defendant\u2019s defence.\" \/>\n<meta name=\"robots\" content=\"index, follow, max-snippet:-1, max-image-preview:large, max-video-preview:-1\" \/>\n<link rel=\"canonical\" href=\"https:\/\/stirnweiss-brenner.de\/en\/press\/even-the-prosecutor-calls-for-an-acquittal\/\" \/>\n<meta property=\"og:locale\" content=\"en_US\" \/>\n<meta property=\"og:type\" content=\"article\" \/>\n<meta property=\"og:title\" content=\"Even the prosecutor calls for an acquittal - Stirnweiss | Brenner Rechtsanw\u00e4lte\" \/>\n<meta property=\"og:description\" content=\"VON NEUBECK. A woman accuses a 43-year-old man of sexual abuse. During the trial, doubts arise and in the end the defendant is acquitted. The Stuttgarter Nachrichten report on the trial in which attorney-at-law von Neubeck took on the defendant\u2019s defence.\" \/>\n<meta property=\"og:url\" content=\"https:\/\/stirnweiss-brenner.de\/en\/press\/even-the-prosecutor-calls-for-an-acquittal\/\" \/>\n<meta property=\"og:site_name\" content=\"Stirnweiss | Brenner Rechtsanw\u00e4lte\" \/>\n<meta property=\"article:publisher\" content=\"https:\/\/www.facebook.com\/StirnweissBrennerRechtsanwaelte\/\" \/>\n<meta property=\"article:published_time\" content=\"2018-08-09T16:10:00+00:00\" \/>\n<meta property=\"article:modified_time\" content=\"2026-04-22T08:07:47+00:00\" \/>\n<meta property=\"og:image\" content=\"https:\/\/stirnweiss-brenner.de\/wp-content\/uploads\/2020\/10\/library-3356979_1280.jpg\" \/>\n\t<meta property=\"og:image:width\" content=\"1280\" \/>\n\t<meta property=\"og:image:height\" content=\"1015\" \/>\n\t<meta property=\"og:image:type\" content=\"image\/jpeg\" \/>\n<meta name=\"author\" content=\"Paul F. Fallscheer-Schlegel\" \/>\n<meta name=\"twitter:card\" content=\"summary_large_image\" \/>\n<meta name=\"twitter:label1\" content=\"Written by\" \/>\n\t<meta name=\"twitter:data1\" content=\"Paul F. Fallscheer-Schlegel\" \/>\n<script type=\"application\/ld+json\" class=\"yoast-schema-graph\">{\"@context\":\"https:\\\/\\\/schema.org\",\"@graph\":[{\"@type\":\"Article\",\"@id\":\"https:\\\/\\\/stirnweiss-brenner.de\\\/en\\\/press\\\/even-the-prosecutor-calls-for-an-acquittal\\\/#article\",\"isPartOf\":{\"@id\":\"https:\\\/\\\/stirnweiss-brenner.de\\\/en\\\/press\\\/even-the-prosecutor-calls-for-an-acquittal\\\/\"},\"author\":{\"name\":\"Paul F. Fallscheer-Schlegel\",\"@id\":\"https:\\\/\\\/stirnweiss-brenner.de\\\/en\\\/#\\\/schema\\\/person\\\/68bb9c2235cc0dd5687fa2e5922b771c\"},\"headline\":\"Even the prosecutor calls for an acquittal\",\"datePublished\":\"2018-08-09T16:10:00+00:00\",\"dateModified\":\"2026-04-22T08:07:47+00:00\",\"mainEntityOfPage\":{\"@id\":\"https:\\\/\\\/stirnweiss-brenner.de\\\/en\\\/press\\\/even-the-prosecutor-calls-for-an-acquittal\\\/\"},\"wordCount\":46,\"publisher\":{\"@id\":\"https:\\\/\\\/stirnweiss-brenner.de\\\/en\\\/#organization\"},\"image\":{\"@id\":\"https:\\\/\\\/stirnweiss-brenner.de\\\/en\\\/press\\\/even-the-prosecutor-calls-for-an-acquittal\\\/#primaryimage\"},\"thumbnailUrl\":\"https:\\\/\\\/stirnweiss-brenner.de\\\/wp-content\\\/uploads\\\/2020\\\/10\\\/library-3356979_1280.jpg\",\"keywords\":[\"Press - General\",\"Sexual criminal law\"],\"articleSection\":[\"Press\"],\"inLanguage\":\"en-US\"},{\"@type\":\"WebPage\",\"@id\":\"https:\\\/\\\/stirnweiss-brenner.de\\\/en\\\/press\\\/even-the-prosecutor-calls-for-an-acquittal\\\/\",\"url\":\"https:\\\/\\\/stirnweiss-brenner.de\\\/en\\\/press\\\/even-the-prosecutor-calls-for-an-acquittal\\\/\",\"name\":\"Even the prosecutor calls for an acquittal - Stirnweiss | Brenner Rechtsanw\u00e4lte\",\"isPartOf\":{\"@id\":\"https:\\\/\\\/stirnweiss-brenner.de\\\/en\\\/#website\"},\"primaryImageOfPage\":{\"@id\":\"https:\\\/\\\/stirnweiss-brenner.de\\\/en\\\/press\\\/even-the-prosecutor-calls-for-an-acquittal\\\/#primaryimage\"},\"image\":{\"@id\":\"https:\\\/\\\/stirnweiss-brenner.de\\\/en\\\/press\\\/even-the-prosecutor-calls-for-an-acquittal\\\/#primaryimage\"},\"thumbnailUrl\":\"https:\\\/\\\/stirnweiss-brenner.de\\\/wp-content\\\/uploads\\\/2020\\\/10\\\/library-3356979_1280.jpg\",\"datePublished\":\"2018-08-09T16:10:00+00:00\",\"dateModified\":\"2026-04-22T08:07:47+00:00\",\"description\":\"VON NEUBECK. A woman accuses a 43-year-old man of sexual abuse. During the trial, doubts arise and in the end the defendant is acquitted. The Stuttgarter Nachrichten report on the trial in which attorney-at-law von Neubeck took on the defendant\u2019s defence.\",\"breadcrumb\":{\"@id\":\"https:\\\/\\\/stirnweiss-brenner.de\\\/en\\\/press\\\/even-the-prosecutor-calls-for-an-acquittal\\\/#breadcrumb\"},\"inLanguage\":\"en-US\",\"potentialAction\":[{\"@type\":\"ReadAction\",\"target\":[\"https:\\\/\\\/stirnweiss-brenner.de\\\/en\\\/press\\\/even-the-prosecutor-calls-for-an-acquittal\\\/\"]}]},{\"@type\":\"ImageObject\",\"inLanguage\":\"en-US\",\"@id\":\"https:\\\/\\\/stirnweiss-brenner.de\\\/en\\\/press\\\/even-the-prosecutor-calls-for-an-acquittal\\\/#primaryimage\",\"url\":\"https:\\\/\\\/stirnweiss-brenner.de\\\/wp-content\\\/uploads\\\/2020\\\/10\\\/library-3356979_1280.jpg\",\"contentUrl\":\"https:\\\/\\\/stirnweiss-brenner.de\\\/wp-content\\\/uploads\\\/2020\\\/10\\\/library-3356979_1280.jpg\",\"width\":1280,\"height\":1015,\"caption\":\"Image by francodelgrando from Pixabay\"},{\"@type\":\"BreadcrumbList\",\"@id\":\"https:\\\/\\\/stirnweiss-brenner.de\\\/en\\\/press\\\/even-the-prosecutor-calls-for-an-acquittal\\\/#breadcrumb\",\"itemListElement\":[{\"@type\":\"ListItem\",\"position\":1,\"name\":\"Home\",\"item\":\"https:\\\/\\\/stirnweiss-brenner.de\\\/en\\\/\"},{\"@type\":\"ListItem\",\"position\":2,\"name\":\"Even the prosecutor calls for an acquittal\"}]},{\"@type\":\"WebSite\",\"@id\":\"https:\\\/\\\/stirnweiss-brenner.de\\\/en\\\/#website\",\"url\":\"https:\\\/\\\/stirnweiss-brenner.de\\\/en\\\/\",\"name\":\"Stirnweiss | Brenner Rechtsanw\u00e4lte f\u00fcr Strafrecht in Stuttgart & Konstanz\",\"description\":\"Kompetente, rasche Hilfe in Stuttgart bei Stirnweiss | Brenner Rechtsanw\u00e4lte. Unsere Kanzlei bietet Ihnen Strafverteidigung in allen Facetten.\",\"publisher\":{\"@id\":\"https:\\\/\\\/stirnweiss-brenner.de\\\/en\\\/#organization\"},\"alternateName\":\"Stirnweiss | Brenner Rechtsanw\u00e4lte\",\"potentialAction\":[{\"@type\":\"SearchAction\",\"target\":{\"@type\":\"EntryPoint\",\"urlTemplate\":\"https:\\\/\\\/stirnweiss-brenner.de\\\/en\\\/?s={search_term_string}\"},\"query-input\":{\"@type\":\"PropertyValueSpecification\",\"valueRequired\":true,\"valueName\":\"search_term_string\"}}],\"inLanguage\":\"en-US\"},{\"@type\":\"Organization\",\"@id\":\"https:\\\/\\\/stirnweiss-brenner.de\\\/en\\\/#organization\",\"name\":\"Stirnweiss Brenner Rechtsanw\u00e4lte | Kanzlei f\u00fcr Strafrecht Stuttgart, Strafverteidiger & Fachanw\u00e4lte\",\"alternateName\":\"Stirnweiss Brenner Rechtsanw\u00e4lte\",\"url\":\"https:\\\/\\\/stirnweiss-brenner.de\\\/en\\\/\",\"logo\":{\"@type\":\"ImageObject\",\"inLanguage\":\"en-US\",\"@id\":\"https:\\\/\\\/stirnweiss-brenner.de\\\/en\\\/#\\\/schema\\\/logo\\\/image\\\/\",\"url\":\"https:\\\/\\\/stirnweiss-brenner.de\\\/wp-content\\\/uploads\\\/2023\\\/03\\\/SB_logo_l.png\",\"contentUrl\":\"https:\\\/\\\/stirnweiss-brenner.de\\\/wp-content\\\/uploads\\\/2023\\\/03\\\/SB_logo_l.png\",\"width\":1436,\"height\":217,\"caption\":\"Stirnweiss Brenner Rechtsanw\u00e4lte | Kanzlei f\u00fcr Strafrecht Stuttgart, Strafverteidiger & Fachanw\u00e4lte\"},\"image\":{\"@id\":\"https:\\\/\\\/stirnweiss-brenner.de\\\/en\\\/#\\\/schema\\\/logo\\\/image\\\/\"},\"sameAs\":[\"https:\\\/\\\/www.facebook.com\\\/StirnweissBrennerRechtsanwaelte\\\/\",\"https:\\\/\\\/www.linkedin.com\\\/company\\\/stirnweiss-brenner-rechtsanwaelte\\\/\"]},{\"@type\":\"Person\",\"@id\":\"https:\\\/\\\/stirnweiss-brenner.de\\\/en\\\/#\\\/schema\\\/person\\\/68bb9c2235cc0dd5687fa2e5922b771c\",\"name\":\"Paul F. Fallscheer-Schlegel\",\"image\":{\"@type\":\"ImageObject\",\"inLanguage\":\"en-US\",\"@id\":\"https:\\\/\\\/secure.gravatar.com\\\/avatar\\\/0c8e9049ed78211a3dddeef806aafaab5796208657fa14e0c8504c3ecef24242?s=96&d=mm&r=g\",\"url\":\"https:\\\/\\\/secure.gravatar.com\\\/avatar\\\/0c8e9049ed78211a3dddeef806aafaab5796208657fa14e0c8504c3ecef24242?s=96&d=mm&r=g\",\"contentUrl\":\"https:\\\/\\\/secure.gravatar.com\\\/avatar\\\/0c8e9049ed78211a3dddeef806aafaab5796208657fa14e0c8504c3ecef24242?s=96&d=mm&r=g\",\"caption\":\"Paul F. Fallscheer-Schlegel\"},\"sameAs\":[\"https:\\\/\\\/laterna.tech\"]}]}<\/script>\n<!-- \/ Yoast SEO plugin. -->","yoast_head_json":{"title":"Even the prosecutor calls for an acquittal - Stirnweiss | Brenner Rechtsanw\u00e4lte","description":"VON NEUBECK. A woman accuses a 43-year-old man of sexual abuse. During the trial, doubts arise and in the end the defendant is acquitted. The Stuttgarter Nachrichten report on the trial in which attorney-at-law von Neubeck took on the defendant\u2019s defence.","robots":{"index":"index","follow":"follow","max-snippet":"max-snippet:-1","max-image-preview":"max-image-preview:large","max-video-preview":"max-video-preview:-1"},"canonical":"https:\/\/stirnweiss-brenner.de\/en\/press\/even-the-prosecutor-calls-for-an-acquittal\/","og_locale":"en_US","og_type":"article","og_title":"Even the prosecutor calls for an acquittal - Stirnweiss | Brenner Rechtsanw\u00e4lte","og_description":"VON NEUBECK. A woman accuses a 43-year-old man of sexual abuse. During the trial, doubts arise and in the end the defendant is acquitted. The Stuttgarter Nachrichten report on the trial in which attorney-at-law von Neubeck took on the defendant\u2019s defence.","og_url":"https:\/\/stirnweiss-brenner.de\/en\/press\/even-the-prosecutor-calls-for-an-acquittal\/","og_site_name":"Stirnweiss | Brenner Rechtsanw\u00e4lte","article_publisher":"https:\/\/www.facebook.com\/StirnweissBrennerRechtsanwaelte\/","article_published_time":"2018-08-09T16:10:00+00:00","article_modified_time":"2026-04-22T08:07:47+00:00","og_image":[{"width":1280,"height":1015,"url":"https:\/\/stirnweiss-brenner.de\/wp-content\/uploads\/2020\/10\/library-3356979_1280.jpg","type":"image\/jpeg"}],"author":"Paul F. Fallscheer-Schlegel","twitter_card":"summary_large_image","twitter_misc":{"Written by":"Paul F. Fallscheer-Schlegel"},"schema":{"@context":"https:\/\/schema.org","@graph":[{"@type":"Article","@id":"https:\/\/stirnweiss-brenner.de\/en\/press\/even-the-prosecutor-calls-for-an-acquittal\/#article","isPartOf":{"@id":"https:\/\/stirnweiss-brenner.de\/en\/press\/even-the-prosecutor-calls-for-an-acquittal\/"},"author":{"name":"Paul F. Fallscheer-Schlegel","@id":"https:\/\/stirnweiss-brenner.de\/en\/#\/schema\/person\/68bb9c2235cc0dd5687fa2e5922b771c"},"headline":"Even the prosecutor calls for an acquittal","datePublished":"2018-08-09T16:10:00+00:00","dateModified":"2026-04-22T08:07:47+00:00","mainEntityOfPage":{"@id":"https:\/\/stirnweiss-brenner.de\/en\/press\/even-the-prosecutor-calls-for-an-acquittal\/"},"wordCount":46,"publisher":{"@id":"https:\/\/stirnweiss-brenner.de\/en\/#organization"},"image":{"@id":"https:\/\/stirnweiss-brenner.de\/en\/press\/even-the-prosecutor-calls-for-an-acquittal\/#primaryimage"},"thumbnailUrl":"https:\/\/stirnweiss-brenner.de\/wp-content\/uploads\/2020\/10\/library-3356979_1280.jpg","keywords":["Press - General","Sexual criminal law"],"articleSection":["Press"],"inLanguage":"en-US"},{"@type":"WebPage","@id":"https:\/\/stirnweiss-brenner.de\/en\/press\/even-the-prosecutor-calls-for-an-acquittal\/","url":"https:\/\/stirnweiss-brenner.de\/en\/press\/even-the-prosecutor-calls-for-an-acquittal\/","name":"Even the prosecutor calls for an acquittal - Stirnweiss | Brenner Rechtsanw\u00e4lte","isPartOf":{"@id":"https:\/\/stirnweiss-brenner.de\/en\/#website"},"primaryImageOfPage":{"@id":"https:\/\/stirnweiss-brenner.de\/en\/press\/even-the-prosecutor-calls-for-an-acquittal\/#primaryimage"},"image":{"@id":"https:\/\/stirnweiss-brenner.de\/en\/press\/even-the-prosecutor-calls-for-an-acquittal\/#primaryimage"},"thumbnailUrl":"https:\/\/stirnweiss-brenner.de\/wp-content\/uploads\/2020\/10\/library-3356979_1280.jpg","datePublished":"2018-08-09T16:10:00+00:00","dateModified":"2026-04-22T08:07:47+00:00","description":"VON NEUBECK. A woman accuses a 43-year-old man of sexual abuse. During the trial, doubts arise and in the end the defendant is acquitted. The Stuttgarter Nachrichten report on the trial in which attorney-at-law von Neubeck took on the defendant\u2019s defence.","breadcrumb":{"@id":"https:\/\/stirnweiss-brenner.de\/en\/press\/even-the-prosecutor-calls-for-an-acquittal\/#breadcrumb"},"inLanguage":"en-US","potentialAction":[{"@type":"ReadAction","target":["https:\/\/stirnweiss-brenner.de\/en\/press\/even-the-prosecutor-calls-for-an-acquittal\/"]}]},{"@type":"ImageObject","inLanguage":"en-US","@id":"https:\/\/stirnweiss-brenner.de\/en\/press\/even-the-prosecutor-calls-for-an-acquittal\/#primaryimage","url":"https:\/\/stirnweiss-brenner.de\/wp-content\/uploads\/2020\/10\/library-3356979_1280.jpg","contentUrl":"https:\/\/stirnweiss-brenner.de\/wp-content\/uploads\/2020\/10\/library-3356979_1280.jpg","width":1280,"height":1015,"caption":"Image by francodelgrando from Pixabay"},{"@type":"BreadcrumbList","@id":"https:\/\/stirnweiss-brenner.de\/en\/press\/even-the-prosecutor-calls-for-an-acquittal\/#breadcrumb","itemListElement":[{"@type":"ListItem","position":1,"name":"Home","item":"https:\/\/stirnweiss-brenner.de\/en\/"},{"@type":"ListItem","position":2,"name":"Even the prosecutor calls for an acquittal"}]},{"@type":"WebSite","@id":"https:\/\/stirnweiss-brenner.de\/en\/#website","url":"https:\/\/stirnweiss-brenner.de\/en\/","name":"Stirnweiss | Brenner Rechtsanw\u00e4lte f\u00fcr Strafrecht in Stuttgart & Konstanz","description":"Kompetente, rasche Hilfe in Stuttgart bei Stirnweiss | Brenner Rechtsanw\u00e4lte. Unsere Kanzlei bietet Ihnen Strafverteidigung in allen Facetten.","publisher":{"@id":"https:\/\/stirnweiss-brenner.de\/en\/#organization"},"alternateName":"Stirnweiss | Brenner Rechtsanw\u00e4lte","potentialAction":[{"@type":"SearchAction","target":{"@type":"EntryPoint","urlTemplate":"https:\/\/stirnweiss-brenner.de\/en\/?s={search_term_string}"},"query-input":{"@type":"PropertyValueSpecification","valueRequired":true,"valueName":"search_term_string"}}],"inLanguage":"en-US"},{"@type":"Organization","@id":"https:\/\/stirnweiss-brenner.de\/en\/#organization","name":"Stirnweiss Brenner Rechtsanw\u00e4lte | Kanzlei f\u00fcr Strafrecht Stuttgart, Strafverteidiger & Fachanw\u00e4lte","alternateName":"Stirnweiss Brenner Rechtsanw\u00e4lte","url":"https:\/\/stirnweiss-brenner.de\/en\/","logo":{"@type":"ImageObject","inLanguage":"en-US","@id":"https:\/\/stirnweiss-brenner.de\/en\/#\/schema\/logo\/image\/","url":"https:\/\/stirnweiss-brenner.de\/wp-content\/uploads\/2023\/03\/SB_logo_l.png","contentUrl":"https:\/\/stirnweiss-brenner.de\/wp-content\/uploads\/2023\/03\/SB_logo_l.png","width":1436,"height":217,"caption":"Stirnweiss Brenner Rechtsanw\u00e4lte | Kanzlei f\u00fcr Strafrecht Stuttgart, Strafverteidiger & Fachanw\u00e4lte"},"image":{"@id":"https:\/\/stirnweiss-brenner.de\/en\/#\/schema\/logo\/image\/"},"sameAs":["https:\/\/www.facebook.com\/StirnweissBrennerRechtsanwaelte\/","https:\/\/www.linkedin.com\/company\/stirnweiss-brenner-rechtsanwaelte\/"]},{"@type":"Person","@id":"https:\/\/stirnweiss-brenner.de\/en\/#\/schema\/person\/68bb9c2235cc0dd5687fa2e5922b771c","name":"Paul F. Fallscheer-Schlegel","image":{"@type":"ImageObject","inLanguage":"en-US","@id":"https:\/\/secure.gravatar.com\/avatar\/0c8e9049ed78211a3dddeef806aafaab5796208657fa14e0c8504c3ecef24242?s=96&d=mm&r=g","url":"https:\/\/secure.gravatar.com\/avatar\/0c8e9049ed78211a3dddeef806aafaab5796208657fa14e0c8504c3ecef24242?s=96&d=mm&r=g","contentUrl":"https:\/\/secure.gravatar.com\/avatar\/0c8e9049ed78211a3dddeef806aafaab5796208657fa14e0c8504c3ecef24242?s=96&d=mm&r=g","caption":"Paul F. Fallscheer-Schlegel"},"sameAs":["https:\/\/laterna.tech"]}]}},"_links":{"self":[{"href":"https:\/\/stirnweiss-brenner.de\/en\/wp-json\/wp\/v2\/posts\/12185","targetHints":{"allow":["GET"]}}],"collection":[{"href":"https:\/\/stirnweiss-brenner.de\/en\/wp-json\/wp\/v2\/posts"}],"about":[{"href":"https:\/\/stirnweiss-brenner.de\/en\/wp-json\/wp\/v2\/types\/post"}],"author":[{"embeddable":true,"href":"https:\/\/stirnweiss-brenner.de\/en\/wp-json\/wp\/v2\/users\/7"}],"replies":[{"embeddable":true,"href":"https:\/\/stirnweiss-brenner.de\/en\/wp-json\/wp\/v2\/comments?post=12185"}],"version-history":[{"count":2,"href":"https:\/\/stirnweiss-brenner.de\/en\/wp-json\/wp\/v2\/posts\/12185\/revisions"}],"predecessor-version":[{"id":12424,"href":"https:\/\/stirnweiss-brenner.de\/en\/wp-json\/wp\/v2\/posts\/12185\/revisions\/12424"}],"wp:featuredmedia":[{"embeddable":true,"href":"https:\/\/stirnweiss-brenner.de\/en\/wp-json\/wp\/v2\/media\/12186"}],"wp:attachment":[{"href":"https:\/\/stirnweiss-brenner.de\/en\/wp-json\/wp\/v2\/media?parent=12185"}],"wp:term":[{"taxonomy":"category","embeddable":true,"href":"https:\/\/stirnweiss-brenner.de\/en\/wp-json\/wp\/v2\/categories?post=12185"},{"taxonomy":"post_tag","embeddable":true,"href":"https:\/\/stirnweiss-brenner.de\/en\/wp-json\/wp\/v2\/tags?post=12185"}],"curies":[{"name":"wp","href":"https:\/\/api.w.org\/{rel}","templated":true}]}}