{"id":12157,"date":"2019-09-17T15:36:12","date_gmt":"2019-09-17T13:36:12","guid":{"rendered":"https:\/\/stirnweiss-brenner.de\/woman-from-reutlingen-faces-regional-court-for-attempted-murder\/"},"modified":"2026-04-22T10:07:43","modified_gmt":"2026-04-22T08:07:43","slug":"woman-from-reutlingen-faces-regional-court-for-attempted-murder","status":"publish","type":"post","link":"https:\/\/stirnweiss-brenner.de\/en\/press\/woman-from-reutlingen-faces-regional-court-for-attempted-murder\/","title":{"rendered":"Woman from Reutlingen faces Regional Court for attempted murder"},"content":{"rendered":"\n<p>On September 17, 2019, the trial for suspected attempted murder against a 24-year-old woman from Reutlingen began at the T\u00fcbingen Regional Court. The defendant is accused of setting fire to the apartment of her estranged husband in February of this year. Attorney Mathias Brenner is representing the defendant; <a href=\"https:\/\/www.rtf1.de\/news.php?id=23582\">RTF.1 reported<\/a> on the first day of the trial.  <\/p>\n","protected":false},"excerpt":{"rendered":"<p>On September 17, 2019, the trial for suspected attempted murder against a 24-year-old woman from Reutlingen began at the T\u00fcbingen Regional Court. The defendant is accused of setting fire to the apartment of her estranged husband in February of this year. Attorney Mathias Brenner is representing the defendant; RTF.1 reported on the first day of [&hellip;]<\/p>\n","protected":false},"author":7,"featured_media":12158,"comment_status":"closed","ping_status":"closed","sticky":false,"template":"","format":"standard","meta":{"footnotes":""},"categories":[71],"tags":[72,79],"class_list":["post-12157","post","type-post","status-publish","format-standard","has-post-thumbnail","hentry","category-press","tag-brenner","tag-homicide"],"yoast_head":"<!-- This site is optimized with the Yoast SEO plugin v27.4 - https:\/\/yoast.com\/product\/yoast-seo-wordpress\/ -->\n<title>Woman from Reutlingen faces Regional Court for attempted murder - Stirnweiss | Brenner Rechtsanw\u00e4lte<\/title>\n<meta name=\"description\" content=\"BRENNER. On September 17, 2019, the trial for suspected attempted murder against a 24-year-old woman from Reutlingen began at the T\u00fcbingen Regional Court. The defendant is accused of setting fire to the apartment of her estranged husband in February of this year. Attorney Mathias Brenner is representing the defendant; RTF.1 reported on the first day of the trial.\" \/>\n<meta name=\"robots\" content=\"index, follow, max-snippet:-1, max-image-preview:large, max-video-preview:-1\" \/>\n<link rel=\"canonical\" href=\"https:\/\/stirnweiss-brenner.de\/en\/press\/woman-from-reutlingen-faces-regional-court-for-attempted-murder\/\" \/>\n<meta property=\"og:locale\" content=\"en_US\" \/>\n<meta property=\"og:type\" content=\"article\" \/>\n<meta property=\"og:title\" content=\"Woman from Reutlingen faces Regional Court for attempted murder - Stirnweiss | Brenner Rechtsanw\u00e4lte\" \/>\n<meta property=\"og:description\" content=\"BRENNER. On September 17, 2019, the trial for suspected attempted murder against a 24-year-old woman from Reutlingen began at the T\u00fcbingen Regional Court. The defendant is accused of setting fire to the apartment of her estranged husband in February of this year. Attorney Mathias Brenner is representing the defendant; RTF.1 reported on the first day of the trial.\" \/>\n<meta property=\"og:url\" content=\"https:\/\/stirnweiss-brenner.de\/en\/press\/woman-from-reutlingen-faces-regional-court-for-attempted-murder\/\" \/>\n<meta property=\"og:site_name\" content=\"Stirnweiss | Brenner Rechtsanw\u00e4lte\" \/>\n<meta property=\"article:publisher\" content=\"https:\/\/www.facebook.com\/StirnweissBrennerRechtsanwaelte\/\" \/>\n<meta property=\"article:published_time\" content=\"2019-09-17T13:36:12+00:00\" \/>\n<meta property=\"article:modified_time\" content=\"2026-04-22T08:07:43+00:00\" \/>\n<meta property=\"og:image\" content=\"https:\/\/stirnweiss-brenner.de\/wp-content\/uploads\/2019\/09\/books-4515917_1920.jpg\" \/>\n\t<meta property=\"og:image:width\" content=\"1920\" \/>\n\t<meta property=\"og:image:height\" content=\"1280\" \/>\n\t<meta property=\"og:image:type\" content=\"image\/jpeg\" \/>\n<meta name=\"author\" content=\"Paul F. Fallscheer-Schlegel\" \/>\n<meta name=\"twitter:card\" content=\"summary_large_image\" \/>\n<meta name=\"twitter:label1\" content=\"Written by\" \/>\n\t<meta name=\"twitter:data1\" content=\"Paul F. Fallscheer-Schlegel\" \/>\n<script type=\"application\/ld+json\" class=\"yoast-schema-graph\">{\"@context\":\"https:\\\/\\\/schema.org\",\"@graph\":[{\"@type\":\"Article\",\"@id\":\"https:\\\/\\\/stirnweiss-brenner.de\\\/en\\\/press\\\/woman-from-reutlingen-faces-regional-court-for-attempted-murder\\\/#article\",\"isPartOf\":{\"@id\":\"https:\\\/\\\/stirnweiss-brenner.de\\\/en\\\/press\\\/woman-from-reutlingen-faces-regional-court-for-attempted-murder\\\/\"},\"author\":{\"name\":\"Paul F. Fallscheer-Schlegel\",\"@id\":\"https:\\\/\\\/stirnweiss-brenner.de\\\/en\\\/#\\\/schema\\\/person\\\/68bb9c2235cc0dd5687fa2e5922b771c\"},\"headline\":\"Woman from Reutlingen faces Regional Court for attempted murder\",\"datePublished\":\"2019-09-17T13:36:12+00:00\",\"dateModified\":\"2026-04-22T08:07:43+00:00\",\"mainEntityOfPage\":{\"@id\":\"https:\\\/\\\/stirnweiss-brenner.de\\\/en\\\/press\\\/woman-from-reutlingen-faces-regional-court-for-attempted-murder\\\/\"},\"wordCount\":65,\"publisher\":{\"@id\":\"https:\\\/\\\/stirnweiss-brenner.de\\\/en\\\/#organization\"},\"image\":{\"@id\":\"https:\\\/\\\/stirnweiss-brenner.de\\\/en\\\/press\\\/woman-from-reutlingen-faces-regional-court-for-attempted-murder\\\/#primaryimage\"},\"thumbnailUrl\":\"https:\\\/\\\/stirnweiss-brenner.de\\\/wp-content\\\/uploads\\\/2019\\\/09\\\/books-4515917_1920.jpg\",\"keywords\":[\"Brenner\",\"Homicide\"],\"articleSection\":[\"Press\"],\"inLanguage\":\"en-US\"},{\"@type\":\"WebPage\",\"@id\":\"https:\\\/\\\/stirnweiss-brenner.de\\\/en\\\/press\\\/woman-from-reutlingen-faces-regional-court-for-attempted-murder\\\/\",\"url\":\"https:\\\/\\\/stirnweiss-brenner.de\\\/en\\\/press\\\/woman-from-reutlingen-faces-regional-court-for-attempted-murder\\\/\",\"name\":\"Woman from Reutlingen faces Regional Court for attempted murder - Stirnweiss | Brenner Rechtsanw\u00e4lte\",\"isPartOf\":{\"@id\":\"https:\\\/\\\/stirnweiss-brenner.de\\\/en\\\/#website\"},\"primaryImageOfPage\":{\"@id\":\"https:\\\/\\\/stirnweiss-brenner.de\\\/en\\\/press\\\/woman-from-reutlingen-faces-regional-court-for-attempted-murder\\\/#primaryimage\"},\"image\":{\"@id\":\"https:\\\/\\\/stirnweiss-brenner.de\\\/en\\\/press\\\/woman-from-reutlingen-faces-regional-court-for-attempted-murder\\\/#primaryimage\"},\"thumbnailUrl\":\"https:\\\/\\\/stirnweiss-brenner.de\\\/wp-content\\\/uploads\\\/2019\\\/09\\\/books-4515917_1920.jpg\",\"datePublished\":\"2019-09-17T13:36:12+00:00\",\"dateModified\":\"2026-04-22T08:07:43+00:00\",\"description\":\"BRENNER. On September 17, 2019, the trial for suspected attempted murder against a 24-year-old woman from Reutlingen began at the T\u00fcbingen Regional Court. The defendant is accused of setting fire to the apartment of her estranged husband in February of this year. Attorney Mathias Brenner is representing the defendant; RTF.1 reported on the first day of the trial.\",\"breadcrumb\":{\"@id\":\"https:\\\/\\\/stirnweiss-brenner.de\\\/en\\\/press\\\/woman-from-reutlingen-faces-regional-court-for-attempted-murder\\\/#breadcrumb\"},\"inLanguage\":\"en-US\",\"potentialAction\":[{\"@type\":\"ReadAction\",\"target\":[\"https:\\\/\\\/stirnweiss-brenner.de\\\/en\\\/press\\\/woman-from-reutlingen-faces-regional-court-for-attempted-murder\\\/\"]}]},{\"@type\":\"ImageObject\",\"inLanguage\":\"en-US\",\"@id\":\"https:\\\/\\\/stirnweiss-brenner.de\\\/en\\\/press\\\/woman-from-reutlingen-faces-regional-court-for-attempted-murder\\\/#primaryimage\",\"url\":\"https:\\\/\\\/stirnweiss-brenner.de\\\/wp-content\\\/uploads\\\/2019\\\/09\\\/books-4515917_1920.jpg\",\"contentUrl\":\"https:\\\/\\\/stirnweiss-brenner.de\\\/wp-content\\\/uploads\\\/2019\\\/09\\\/books-4515917_1920.jpg\",\"width\":1920,\"height\":1280,\"caption\":\"Woman from Reutlingen faces Regional Court for attempted murder\"},{\"@type\":\"BreadcrumbList\",\"@id\":\"https:\\\/\\\/stirnweiss-brenner.de\\\/en\\\/press\\\/woman-from-reutlingen-faces-regional-court-for-attempted-murder\\\/#breadcrumb\",\"itemListElement\":[{\"@type\":\"ListItem\",\"position\":1,\"name\":\"Home\",\"item\":\"https:\\\/\\\/stirnweiss-brenner.de\\\/en\\\/\"},{\"@type\":\"ListItem\",\"position\":2,\"name\":\"Woman from Reutlingen faces Regional Court for attempted murder\"}]},{\"@type\":\"WebSite\",\"@id\":\"https:\\\/\\\/stirnweiss-brenner.de\\\/en\\\/#website\",\"url\":\"https:\\\/\\\/stirnweiss-brenner.de\\\/en\\\/\",\"name\":\"Stirnweiss | Brenner Rechtsanw\u00e4lte f\u00fcr Strafrecht in Stuttgart & Konstanz\",\"description\":\"Kompetente, rasche Hilfe in Stuttgart bei Stirnweiss | Brenner Rechtsanw\u00e4lte. Unsere Kanzlei bietet Ihnen Strafverteidigung in allen Facetten.\",\"publisher\":{\"@id\":\"https:\\\/\\\/stirnweiss-brenner.de\\\/en\\\/#organization\"},\"alternateName\":\"Stirnweiss | Brenner Rechtsanw\u00e4lte\",\"potentialAction\":[{\"@type\":\"SearchAction\",\"target\":{\"@type\":\"EntryPoint\",\"urlTemplate\":\"https:\\\/\\\/stirnweiss-brenner.de\\\/en\\\/?s={search_term_string}\"},\"query-input\":{\"@type\":\"PropertyValueSpecification\",\"valueRequired\":true,\"valueName\":\"search_term_string\"}}],\"inLanguage\":\"en-US\"},{\"@type\":\"Organization\",\"@id\":\"https:\\\/\\\/stirnweiss-brenner.de\\\/en\\\/#organization\",\"name\":\"Stirnweiss Brenner Rechtsanw\u00e4lte | Kanzlei f\u00fcr Strafrecht Stuttgart, Strafverteidiger & Fachanw\u00e4lte\",\"alternateName\":\"Stirnweiss Brenner Rechtsanw\u00e4lte\",\"url\":\"https:\\\/\\\/stirnweiss-brenner.de\\\/en\\\/\",\"logo\":{\"@type\":\"ImageObject\",\"inLanguage\":\"en-US\",\"@id\":\"https:\\\/\\\/stirnweiss-brenner.de\\\/en\\\/#\\\/schema\\\/logo\\\/image\\\/\",\"url\":\"https:\\\/\\\/stirnweiss-brenner.de\\\/wp-content\\\/uploads\\\/2023\\\/03\\\/SB_logo_l.png\",\"contentUrl\":\"https:\\\/\\\/stirnweiss-brenner.de\\\/wp-content\\\/uploads\\\/2023\\\/03\\\/SB_logo_l.png\",\"width\":1436,\"height\":217,\"caption\":\"Stirnweiss Brenner Rechtsanw\u00e4lte | Kanzlei f\u00fcr Strafrecht Stuttgart, Strafverteidiger & Fachanw\u00e4lte\"},\"image\":{\"@id\":\"https:\\\/\\\/stirnweiss-brenner.de\\\/en\\\/#\\\/schema\\\/logo\\\/image\\\/\"},\"sameAs\":[\"https:\\\/\\\/www.facebook.com\\\/StirnweissBrennerRechtsanwaelte\\\/\",\"https:\\\/\\\/www.linkedin.com\\\/company\\\/stirnweiss-brenner-rechtsanwaelte\\\/\"]},{\"@type\":\"Person\",\"@id\":\"https:\\\/\\\/stirnweiss-brenner.de\\\/en\\\/#\\\/schema\\\/person\\\/68bb9c2235cc0dd5687fa2e5922b771c\",\"name\":\"Paul F. Fallscheer-Schlegel\",\"image\":{\"@type\":\"ImageObject\",\"inLanguage\":\"en-US\",\"@id\":\"https:\\\/\\\/secure.gravatar.com\\\/avatar\\\/0c8e9049ed78211a3dddeef806aafaab5796208657fa14e0c8504c3ecef24242?s=96&d=mm&r=g\",\"url\":\"https:\\\/\\\/secure.gravatar.com\\\/avatar\\\/0c8e9049ed78211a3dddeef806aafaab5796208657fa14e0c8504c3ecef24242?s=96&d=mm&r=g\",\"contentUrl\":\"https:\\\/\\\/secure.gravatar.com\\\/avatar\\\/0c8e9049ed78211a3dddeef806aafaab5796208657fa14e0c8504c3ecef24242?s=96&d=mm&r=g\",\"caption\":\"Paul F. Fallscheer-Schlegel\"},\"sameAs\":[\"https:\\\/\\\/laterna.tech\"]}]}<\/script>\n<!-- \/ Yoast SEO plugin. -->","yoast_head_json":{"title":"Woman from Reutlingen faces Regional Court for attempted murder - Stirnweiss | Brenner Rechtsanw\u00e4lte","description":"BRENNER. On September 17, 2019, the trial for suspected attempted murder against a 24-year-old woman from Reutlingen began at the T\u00fcbingen Regional Court. The defendant is accused of setting fire to the apartment of her estranged husband in February of this year. Attorney Mathias Brenner is representing the defendant; RTF.1 reported on the first day of the trial.","robots":{"index":"index","follow":"follow","max-snippet":"max-snippet:-1","max-image-preview":"max-image-preview:large","max-video-preview":"max-video-preview:-1"},"canonical":"https:\/\/stirnweiss-brenner.de\/en\/press\/woman-from-reutlingen-faces-regional-court-for-attempted-murder\/","og_locale":"en_US","og_type":"article","og_title":"Woman from Reutlingen faces Regional Court for attempted murder - Stirnweiss | Brenner Rechtsanw\u00e4lte","og_description":"BRENNER. On September 17, 2019, the trial for suspected attempted murder against a 24-year-old woman from Reutlingen began at the T\u00fcbingen Regional Court. The defendant is accused of setting fire to the apartment of her estranged husband in February of this year. Attorney Mathias Brenner is representing the defendant; RTF.1 reported on the first day of the trial.","og_url":"https:\/\/stirnweiss-brenner.de\/en\/press\/woman-from-reutlingen-faces-regional-court-for-attempted-murder\/","og_site_name":"Stirnweiss | Brenner Rechtsanw\u00e4lte","article_publisher":"https:\/\/www.facebook.com\/StirnweissBrennerRechtsanwaelte\/","article_published_time":"2019-09-17T13:36:12+00:00","article_modified_time":"2026-04-22T08:07:43+00:00","og_image":[{"width":1920,"height":1280,"url":"https:\/\/stirnweiss-brenner.de\/wp-content\/uploads\/2019\/09\/books-4515917_1920.jpg","type":"image\/jpeg"}],"author":"Paul F. Fallscheer-Schlegel","twitter_card":"summary_large_image","twitter_misc":{"Written by":"Paul F. Fallscheer-Schlegel"},"schema":{"@context":"https:\/\/schema.org","@graph":[{"@type":"Article","@id":"https:\/\/stirnweiss-brenner.de\/en\/press\/woman-from-reutlingen-faces-regional-court-for-attempted-murder\/#article","isPartOf":{"@id":"https:\/\/stirnweiss-brenner.de\/en\/press\/woman-from-reutlingen-faces-regional-court-for-attempted-murder\/"},"author":{"name":"Paul F. Fallscheer-Schlegel","@id":"https:\/\/stirnweiss-brenner.de\/en\/#\/schema\/person\/68bb9c2235cc0dd5687fa2e5922b771c"},"headline":"Woman from Reutlingen faces Regional Court for attempted murder","datePublished":"2019-09-17T13:36:12+00:00","dateModified":"2026-04-22T08:07:43+00:00","mainEntityOfPage":{"@id":"https:\/\/stirnweiss-brenner.de\/en\/press\/woman-from-reutlingen-faces-regional-court-for-attempted-murder\/"},"wordCount":65,"publisher":{"@id":"https:\/\/stirnweiss-brenner.de\/en\/#organization"},"image":{"@id":"https:\/\/stirnweiss-brenner.de\/en\/press\/woman-from-reutlingen-faces-regional-court-for-attempted-murder\/#primaryimage"},"thumbnailUrl":"https:\/\/stirnweiss-brenner.de\/wp-content\/uploads\/2019\/09\/books-4515917_1920.jpg","keywords":["Brenner","Homicide"],"articleSection":["Press"],"inLanguage":"en-US"},{"@type":"WebPage","@id":"https:\/\/stirnweiss-brenner.de\/en\/press\/woman-from-reutlingen-faces-regional-court-for-attempted-murder\/","url":"https:\/\/stirnweiss-brenner.de\/en\/press\/woman-from-reutlingen-faces-regional-court-for-attempted-murder\/","name":"Woman from Reutlingen faces Regional Court for attempted murder - Stirnweiss | Brenner Rechtsanw\u00e4lte","isPartOf":{"@id":"https:\/\/stirnweiss-brenner.de\/en\/#website"},"primaryImageOfPage":{"@id":"https:\/\/stirnweiss-brenner.de\/en\/press\/woman-from-reutlingen-faces-regional-court-for-attempted-murder\/#primaryimage"},"image":{"@id":"https:\/\/stirnweiss-brenner.de\/en\/press\/woman-from-reutlingen-faces-regional-court-for-attempted-murder\/#primaryimage"},"thumbnailUrl":"https:\/\/stirnweiss-brenner.de\/wp-content\/uploads\/2019\/09\/books-4515917_1920.jpg","datePublished":"2019-09-17T13:36:12+00:00","dateModified":"2026-04-22T08:07:43+00:00","description":"BRENNER. On September 17, 2019, the trial for suspected attempted murder against a 24-year-old woman from Reutlingen began at the T\u00fcbingen Regional Court. The defendant is accused of setting fire to the apartment of her estranged husband in February of this year. Attorney Mathias Brenner is representing the defendant; RTF.1 reported on the first day of the trial.","breadcrumb":{"@id":"https:\/\/stirnweiss-brenner.de\/en\/press\/woman-from-reutlingen-faces-regional-court-for-attempted-murder\/#breadcrumb"},"inLanguage":"en-US","potentialAction":[{"@type":"ReadAction","target":["https:\/\/stirnweiss-brenner.de\/en\/press\/woman-from-reutlingen-faces-regional-court-for-attempted-murder\/"]}]},{"@type":"ImageObject","inLanguage":"en-US","@id":"https:\/\/stirnweiss-brenner.de\/en\/press\/woman-from-reutlingen-faces-regional-court-for-attempted-murder\/#primaryimage","url":"https:\/\/stirnweiss-brenner.de\/wp-content\/uploads\/2019\/09\/books-4515917_1920.jpg","contentUrl":"https:\/\/stirnweiss-brenner.de\/wp-content\/uploads\/2019\/09\/books-4515917_1920.jpg","width":1920,"height":1280,"caption":"Woman from Reutlingen faces Regional Court for attempted murder"},{"@type":"BreadcrumbList","@id":"https:\/\/stirnweiss-brenner.de\/en\/press\/woman-from-reutlingen-faces-regional-court-for-attempted-murder\/#breadcrumb","itemListElement":[{"@type":"ListItem","position":1,"name":"Home","item":"https:\/\/stirnweiss-brenner.de\/en\/"},{"@type":"ListItem","position":2,"name":"Woman from Reutlingen faces Regional Court for attempted murder"}]},{"@type":"WebSite","@id":"https:\/\/stirnweiss-brenner.de\/en\/#website","url":"https:\/\/stirnweiss-brenner.de\/en\/","name":"Stirnweiss | Brenner Rechtsanw\u00e4lte f\u00fcr Strafrecht in Stuttgart & Konstanz","description":"Kompetente, rasche Hilfe in Stuttgart bei Stirnweiss | Brenner Rechtsanw\u00e4lte. Unsere Kanzlei bietet Ihnen Strafverteidigung in allen Facetten.","publisher":{"@id":"https:\/\/stirnweiss-brenner.de\/en\/#organization"},"alternateName":"Stirnweiss | Brenner Rechtsanw\u00e4lte","potentialAction":[{"@type":"SearchAction","target":{"@type":"EntryPoint","urlTemplate":"https:\/\/stirnweiss-brenner.de\/en\/?s={search_term_string}"},"query-input":{"@type":"PropertyValueSpecification","valueRequired":true,"valueName":"search_term_string"}}],"inLanguage":"en-US"},{"@type":"Organization","@id":"https:\/\/stirnweiss-brenner.de\/en\/#organization","name":"Stirnweiss Brenner Rechtsanw\u00e4lte | Kanzlei f\u00fcr Strafrecht Stuttgart, Strafverteidiger & Fachanw\u00e4lte","alternateName":"Stirnweiss Brenner Rechtsanw\u00e4lte","url":"https:\/\/stirnweiss-brenner.de\/en\/","logo":{"@type":"ImageObject","inLanguage":"en-US","@id":"https:\/\/stirnweiss-brenner.de\/en\/#\/schema\/logo\/image\/","url":"https:\/\/stirnweiss-brenner.de\/wp-content\/uploads\/2023\/03\/SB_logo_l.png","contentUrl":"https:\/\/stirnweiss-brenner.de\/wp-content\/uploads\/2023\/03\/SB_logo_l.png","width":1436,"height":217,"caption":"Stirnweiss Brenner Rechtsanw\u00e4lte | Kanzlei f\u00fcr Strafrecht Stuttgart, Strafverteidiger & Fachanw\u00e4lte"},"image":{"@id":"https:\/\/stirnweiss-brenner.de\/en\/#\/schema\/logo\/image\/"},"sameAs":["https:\/\/www.facebook.com\/StirnweissBrennerRechtsanwaelte\/","https:\/\/www.linkedin.com\/company\/stirnweiss-brenner-rechtsanwaelte\/"]},{"@type":"Person","@id":"https:\/\/stirnweiss-brenner.de\/en\/#\/schema\/person\/68bb9c2235cc0dd5687fa2e5922b771c","name":"Paul F. Fallscheer-Schlegel","image":{"@type":"ImageObject","inLanguage":"en-US","@id":"https:\/\/secure.gravatar.com\/avatar\/0c8e9049ed78211a3dddeef806aafaab5796208657fa14e0c8504c3ecef24242?s=96&d=mm&r=g","url":"https:\/\/secure.gravatar.com\/avatar\/0c8e9049ed78211a3dddeef806aafaab5796208657fa14e0c8504c3ecef24242?s=96&d=mm&r=g","contentUrl":"https:\/\/secure.gravatar.com\/avatar\/0c8e9049ed78211a3dddeef806aafaab5796208657fa14e0c8504c3ecef24242?s=96&d=mm&r=g","caption":"Paul F. Fallscheer-Schlegel"},"sameAs":["https:\/\/laterna.tech"]}]}},"_links":{"self":[{"href":"https:\/\/stirnweiss-brenner.de\/en\/wp-json\/wp\/v2\/posts\/12157","targetHints":{"allow":["GET"]}}],"collection":[{"href":"https:\/\/stirnweiss-brenner.de\/en\/wp-json\/wp\/v2\/posts"}],"about":[{"href":"https:\/\/stirnweiss-brenner.de\/en\/wp-json\/wp\/v2\/types\/post"}],"author":[{"embeddable":true,"href":"https:\/\/stirnweiss-brenner.de\/en\/wp-json\/wp\/v2\/users\/7"}],"replies":[{"embeddable":true,"href":"https:\/\/stirnweiss-brenner.de\/en\/wp-json\/wp\/v2\/comments?post=12157"}],"version-history":[{"count":1,"href":"https:\/\/stirnweiss-brenner.de\/en\/wp-json\/wp\/v2\/posts\/12157\/revisions"}],"predecessor-version":[{"id":12159,"href":"https:\/\/stirnweiss-brenner.de\/en\/wp-json\/wp\/v2\/posts\/12157\/revisions\/12159"}],"wp:featuredmedia":[{"embeddable":true,"href":"https:\/\/stirnweiss-brenner.de\/en\/wp-json\/wp\/v2\/media\/12158"}],"wp:attachment":[{"href":"https:\/\/stirnweiss-brenner.de\/en\/wp-json\/wp\/v2\/media?parent=12157"}],"wp:term":[{"taxonomy":"category","embeddable":true,"href":"https:\/\/stirnweiss-brenner.de\/en\/wp-json\/wp\/v2\/categories?post=12157"},{"taxonomy":"post_tag","embeddable":true,"href":"https:\/\/stirnweiss-brenner.de\/en\/wp-json\/wp\/v2\/tags?post=12157"}],"curies":[{"name":"wp","href":"https:\/\/api.w.org\/{rel}","templated":true}]}}