{"id":12108,"date":"2019-03-23T19:38:00","date_gmt":"2019-03-23T18:38:00","guid":{"rendered":"https:\/\/stirnweiss-brenner.de\/spectacular-panel-discussion-at-the-bdue-state-associations-annual-general-meeting-in-stuttgart\/"},"modified":"2026-04-22T10:07:45","modified_gmt":"2026-04-22T08:07:45","slug":"spectacular-panel-discussion-at-the-bdue-state-associations-annual-general-meeting-in-stuttgart","status":"publish","type":"post","link":"https:\/\/stirnweiss-brenner.de\/en\/news\/spectacular-panel-discussion-at-the-bdue-state-associations-annual-general-meeting-in-stuttgart\/","title":{"rendered":"Spectacular panel discussion at the BD\u00dc state association\u2019s annual general meeting in Stuttgart"},"content":{"rendered":"\n<p>On March 23, 2019, representatives from the judiciary and politics met as part of the Annual General Meeting of the German Federal Association of Interpreters and Translators (Baden-W\u00fcrttemberg State Association) for a panel discussion to discuss the role of court interpreters in legal proceedings.<\/p>\n\n<p>The course and results of the panel discussion exceeded even the board\u2019s boldest expectations. <\/p>\n\n<p>Attorney Martin Stirnweiss appeared as a representative of the legal profession and pointed out the need for court interpreting to take cultural connotations into account as well\u2014beyond mere language proficiency\u2014and spoke about interpreting and translation cases he had personally experienced in his courtroom practice that had had consequences for the entire proceedings.<\/p>\n\n<p>Read the full report <a href=\"https:\/\/bw.bdue.de\/fileadmin\/verbaende\/bw\/Dateien\/user_upload\/BDU%CC%88_BW_JMV_2019_Podiumsdiskussion.pdf\">here<\/a>.<\/p>\n","protected":false},"excerpt":{"rendered":"<p>On March 23, 2019, representatives from the judiciary and politics met as part of the Annual General Meeting of the German Federal Association of Interpreters and Translators (Baden-W\u00fcrttemberg State Association) for a panel discussion to discuss the role of court interpreters in legal proceedings. The course and results of the panel discussion exceeded even the [&hellip;]<\/p>\n","protected":false},"author":7,"featured_media":12109,"comment_status":"closed","ping_status":"closed","sticky":false,"template":"","format":"standard","meta":{"footnotes":""},"categories":[76],"tags":[],"class_list":["post-12108","post","type-post","status-publish","format-standard","has-post-thumbnail","hentry","category-news"],"yoast_head":"<!-- This site is optimized with the Yoast SEO plugin v27.4 - https:\/\/yoast.com\/product\/yoast-seo-wordpress\/ -->\n<title>Spectacular panel discussion at the BD\u00dc state association\u2019s annual general meeting in Stuttgart - Stirnweiss | Brenner Rechtsanw\u00e4lte<\/title>\n<meta name=\"description\" content=\"Alles, was Sie \u00fcber Spectacular panel discussion at the BD\u00dc state association\u2019s annual general meeting in Stuttgart wissen m\u00fcssen, kompakt erkl\u00e4rt \u27a4 Jetzt lesen!\" \/>\n<meta name=\"robots\" content=\"index, follow, max-snippet:-1, max-image-preview:large, max-video-preview:-1\" \/>\n<link rel=\"canonical\" href=\"https:\/\/stirnweiss-brenner.de\/en\/news\/spectacular-panel-discussion-at-the-bdue-state-associations-annual-general-meeting-in-stuttgart\/\" \/>\n<meta property=\"og:locale\" content=\"en_US\" \/>\n<meta property=\"og:type\" content=\"article\" \/>\n<meta property=\"og:title\" content=\"Spectacular panel discussion at the BD\u00dc state association\u2019s annual general meeting in Stuttgart - Stirnweiss | Brenner Rechtsanw\u00e4lte\" \/>\n<meta property=\"og:description\" content=\"Alles, was Sie \u00fcber Spectacular panel discussion at the BD\u00dc state association\u2019s annual general meeting in Stuttgart wissen m\u00fcssen, kompakt erkl\u00e4rt \u27a4 Jetzt lesen!\" \/>\n<meta property=\"og:url\" content=\"https:\/\/stirnweiss-brenner.de\/en\/news\/spectacular-panel-discussion-at-the-bdue-state-associations-annual-general-meeting-in-stuttgart\/\" \/>\n<meta property=\"og:site_name\" content=\"Stirnweiss | Brenner Rechtsanw\u00e4lte\" \/>\n<meta property=\"article:publisher\" content=\"https:\/\/www.facebook.com\/StirnweissBrennerRechtsanwaelte\/\" \/>\n<meta property=\"article:published_time\" content=\"2019-03-23T18:38:00+00:00\" \/>\n<meta property=\"article:modified_time\" content=\"2026-04-22T08:07:45+00:00\" \/>\n<meta property=\"og:image\" content=\"https:\/\/stirnweiss-brenner.de\/wp-content\/uploads\/2021\/04\/book-3101450_1280.jpg\" \/>\n\t<meta property=\"og:image:width\" content=\"1280\" \/>\n\t<meta property=\"og:image:height\" content=\"1147\" \/>\n\t<meta property=\"og:image:type\" content=\"image\/jpeg\" \/>\n<meta name=\"author\" content=\"Paul F. Fallscheer-Schlegel\" \/>\n<meta name=\"twitter:card\" content=\"summary_large_image\" \/>\n<meta name=\"twitter:label1\" content=\"Written by\" \/>\n\t<meta name=\"twitter:data1\" content=\"Paul F. Fallscheer-Schlegel\" \/>\n\t<meta name=\"twitter:label2\" content=\"Est. reading time\" \/>\n\t<meta name=\"twitter:data2\" content=\"1 minute\" \/>\n<script type=\"application\/ld+json\" class=\"yoast-schema-graph\">{\"@context\":\"https:\\\/\\\/schema.org\",\"@graph\":[{\"@type\":\"Article\",\"@id\":\"https:\\\/\\\/stirnweiss-brenner.de\\\/en\\\/news\\\/spectacular-panel-discussion-at-the-bdue-state-associations-annual-general-meeting-in-stuttgart\\\/#article\",\"isPartOf\":{\"@id\":\"https:\\\/\\\/stirnweiss-brenner.de\\\/en\\\/news\\\/spectacular-panel-discussion-at-the-bdue-state-associations-annual-general-meeting-in-stuttgart\\\/\"},\"author\":{\"name\":\"Paul F. Fallscheer-Schlegel\",\"@id\":\"https:\\\/\\\/stirnweiss-brenner.de\\\/en\\\/#\\\/schema\\\/person\\\/68bb9c2235cc0dd5687fa2e5922b771c\"},\"headline\":\"Spectacular panel discussion at the BD\u00dc state association\u2019s annual general meeting in Stuttgart\",\"datePublished\":\"2019-03-23T18:38:00+00:00\",\"dateModified\":\"2026-04-22T08:07:45+00:00\",\"mainEntityOfPage\":{\"@id\":\"https:\\\/\\\/stirnweiss-brenner.de\\\/en\\\/news\\\/spectacular-panel-discussion-at-the-bdue-state-associations-annual-general-meeting-in-stuttgart\\\/\"},\"wordCount\":131,\"publisher\":{\"@id\":\"https:\\\/\\\/stirnweiss-brenner.de\\\/en\\\/#organization\"},\"image\":{\"@id\":\"https:\\\/\\\/stirnweiss-brenner.de\\\/en\\\/news\\\/spectacular-panel-discussion-at-the-bdue-state-associations-annual-general-meeting-in-stuttgart\\\/#primaryimage\"},\"thumbnailUrl\":\"https:\\\/\\\/stirnweiss-brenner.de\\\/wp-content\\\/uploads\\\/2021\\\/04\\\/book-3101450_1280.jpg\",\"articleSection\":[\"News\"],\"inLanguage\":\"en-US\"},{\"@type\":\"WebPage\",\"@id\":\"https:\\\/\\\/stirnweiss-brenner.de\\\/en\\\/news\\\/spectacular-panel-discussion-at-the-bdue-state-associations-annual-general-meeting-in-stuttgart\\\/\",\"url\":\"https:\\\/\\\/stirnweiss-brenner.de\\\/en\\\/news\\\/spectacular-panel-discussion-at-the-bdue-state-associations-annual-general-meeting-in-stuttgart\\\/\",\"name\":\"Spectacular panel discussion at the BD\u00dc state association\u2019s annual general meeting in Stuttgart - Stirnweiss | Brenner Rechtsanw\u00e4lte\",\"isPartOf\":{\"@id\":\"https:\\\/\\\/stirnweiss-brenner.de\\\/en\\\/#website\"},\"primaryImageOfPage\":{\"@id\":\"https:\\\/\\\/stirnweiss-brenner.de\\\/en\\\/news\\\/spectacular-panel-discussion-at-the-bdue-state-associations-annual-general-meeting-in-stuttgart\\\/#primaryimage\"},\"image\":{\"@id\":\"https:\\\/\\\/stirnweiss-brenner.de\\\/en\\\/news\\\/spectacular-panel-discussion-at-the-bdue-state-associations-annual-general-meeting-in-stuttgart\\\/#primaryimage\"},\"thumbnailUrl\":\"https:\\\/\\\/stirnweiss-brenner.de\\\/wp-content\\\/uploads\\\/2021\\\/04\\\/book-3101450_1280.jpg\",\"datePublished\":\"2019-03-23T18:38:00+00:00\",\"dateModified\":\"2026-04-22T08:07:45+00:00\",\"description\":\"Alles, was Sie \u00fcber Spectacular panel discussion at the BD\u00dc state association\u2019s annual general meeting in Stuttgart wissen m\u00fcssen, kompakt erkl\u00e4rt \u27a4 Jetzt lesen!\",\"breadcrumb\":{\"@id\":\"https:\\\/\\\/stirnweiss-brenner.de\\\/en\\\/news\\\/spectacular-panel-discussion-at-the-bdue-state-associations-annual-general-meeting-in-stuttgart\\\/#breadcrumb\"},\"inLanguage\":\"en-US\",\"potentialAction\":[{\"@type\":\"ReadAction\",\"target\":[\"https:\\\/\\\/stirnweiss-brenner.de\\\/en\\\/news\\\/spectacular-panel-discussion-at-the-bdue-state-associations-annual-general-meeting-in-stuttgart\\\/\"]}]},{\"@type\":\"ImageObject\",\"inLanguage\":\"en-US\",\"@id\":\"https:\\\/\\\/stirnweiss-brenner.de\\\/en\\\/news\\\/spectacular-panel-discussion-at-the-bdue-state-associations-annual-general-meeting-in-stuttgart\\\/#primaryimage\",\"url\":\"https:\\\/\\\/stirnweiss-brenner.de\\\/wp-content\\\/uploads\\\/2021\\\/04\\\/book-3101450_1280.jpg\",\"contentUrl\":\"https:\\\/\\\/stirnweiss-brenner.de\\\/wp-content\\\/uploads\\\/2021\\\/04\\\/book-3101450_1280.jpg\",\"width\":1280,\"height\":1147,\"caption\":\"Image by Monika Schr\u00f6der from Pixabay\"},{\"@type\":\"BreadcrumbList\",\"@id\":\"https:\\\/\\\/stirnweiss-brenner.de\\\/en\\\/news\\\/spectacular-panel-discussion-at-the-bdue-state-associations-annual-general-meeting-in-stuttgart\\\/#breadcrumb\",\"itemListElement\":[{\"@type\":\"ListItem\",\"position\":1,\"name\":\"Home\",\"item\":\"https:\\\/\\\/stirnweiss-brenner.de\\\/en\\\/\"},{\"@type\":\"ListItem\",\"position\":2,\"name\":\"Spectacular panel discussion at the BD\u00dc state association\u2019s annual general meeting in Stuttgart\"}]},{\"@type\":\"WebSite\",\"@id\":\"https:\\\/\\\/stirnweiss-brenner.de\\\/en\\\/#website\",\"url\":\"https:\\\/\\\/stirnweiss-brenner.de\\\/en\\\/\",\"name\":\"Stirnweiss | Brenner Rechtsanw\u00e4lte f\u00fcr Strafrecht in Stuttgart & Konstanz\",\"description\":\"Kompetente, rasche Hilfe in Stuttgart bei Stirnweiss | Brenner Rechtsanw\u00e4lte. Unsere Kanzlei bietet Ihnen Strafverteidigung in allen Facetten.\",\"publisher\":{\"@id\":\"https:\\\/\\\/stirnweiss-brenner.de\\\/en\\\/#organization\"},\"alternateName\":\"Stirnweiss | Brenner Rechtsanw\u00e4lte\",\"potentialAction\":[{\"@type\":\"SearchAction\",\"target\":{\"@type\":\"EntryPoint\",\"urlTemplate\":\"https:\\\/\\\/stirnweiss-brenner.de\\\/en\\\/?s={search_term_string}\"},\"query-input\":{\"@type\":\"PropertyValueSpecification\",\"valueRequired\":true,\"valueName\":\"search_term_string\"}}],\"inLanguage\":\"en-US\"},{\"@type\":\"Organization\",\"@id\":\"https:\\\/\\\/stirnweiss-brenner.de\\\/en\\\/#organization\",\"name\":\"Stirnweiss Brenner Rechtsanw\u00e4lte | Kanzlei f\u00fcr Strafrecht Stuttgart, Strafverteidiger & Fachanw\u00e4lte\",\"alternateName\":\"Stirnweiss Brenner Rechtsanw\u00e4lte\",\"url\":\"https:\\\/\\\/stirnweiss-brenner.de\\\/en\\\/\",\"logo\":{\"@type\":\"ImageObject\",\"inLanguage\":\"en-US\",\"@id\":\"https:\\\/\\\/stirnweiss-brenner.de\\\/en\\\/#\\\/schema\\\/logo\\\/image\\\/\",\"url\":\"https:\\\/\\\/stirnweiss-brenner.de\\\/wp-content\\\/uploads\\\/2023\\\/03\\\/SB_logo_l.png\",\"contentUrl\":\"https:\\\/\\\/stirnweiss-brenner.de\\\/wp-content\\\/uploads\\\/2023\\\/03\\\/SB_logo_l.png\",\"width\":1436,\"height\":217,\"caption\":\"Stirnweiss Brenner Rechtsanw\u00e4lte | Kanzlei f\u00fcr Strafrecht Stuttgart, Strafverteidiger & Fachanw\u00e4lte\"},\"image\":{\"@id\":\"https:\\\/\\\/stirnweiss-brenner.de\\\/en\\\/#\\\/schema\\\/logo\\\/image\\\/\"},\"sameAs\":[\"https:\\\/\\\/www.facebook.com\\\/StirnweissBrennerRechtsanwaelte\\\/\",\"https:\\\/\\\/www.linkedin.com\\\/company\\\/stirnweiss-brenner-rechtsanwaelte\\\/\"]},{\"@type\":\"Person\",\"@id\":\"https:\\\/\\\/stirnweiss-brenner.de\\\/en\\\/#\\\/schema\\\/person\\\/68bb9c2235cc0dd5687fa2e5922b771c\",\"name\":\"Paul F. Fallscheer-Schlegel\",\"image\":{\"@type\":\"ImageObject\",\"inLanguage\":\"en-US\",\"@id\":\"https:\\\/\\\/secure.gravatar.com\\\/avatar\\\/0c8e9049ed78211a3dddeef806aafaab5796208657fa14e0c8504c3ecef24242?s=96&d=mm&r=g\",\"url\":\"https:\\\/\\\/secure.gravatar.com\\\/avatar\\\/0c8e9049ed78211a3dddeef806aafaab5796208657fa14e0c8504c3ecef24242?s=96&d=mm&r=g\",\"contentUrl\":\"https:\\\/\\\/secure.gravatar.com\\\/avatar\\\/0c8e9049ed78211a3dddeef806aafaab5796208657fa14e0c8504c3ecef24242?s=96&d=mm&r=g\",\"caption\":\"Paul F. Fallscheer-Schlegel\"},\"sameAs\":[\"https:\\\/\\\/laterna.tech\"]}]}<\/script>\n<!-- \/ Yoast SEO plugin. -->","yoast_head_json":{"title":"Spectacular panel discussion at the BD\u00dc state association\u2019s annual general meeting in Stuttgart - Stirnweiss | Brenner Rechtsanw\u00e4lte","description":"Alles, was Sie \u00fcber Spectacular panel discussion at the BD\u00dc state association\u2019s annual general meeting in Stuttgart wissen m\u00fcssen, kompakt erkl\u00e4rt \u27a4 Jetzt lesen!","robots":{"index":"index","follow":"follow","max-snippet":"max-snippet:-1","max-image-preview":"max-image-preview:large","max-video-preview":"max-video-preview:-1"},"canonical":"https:\/\/stirnweiss-brenner.de\/en\/news\/spectacular-panel-discussion-at-the-bdue-state-associations-annual-general-meeting-in-stuttgart\/","og_locale":"en_US","og_type":"article","og_title":"Spectacular panel discussion at the BD\u00dc state association\u2019s annual general meeting in Stuttgart - Stirnweiss | Brenner Rechtsanw\u00e4lte","og_description":"Alles, was Sie \u00fcber Spectacular panel discussion at the BD\u00dc state association\u2019s annual general meeting in Stuttgart wissen m\u00fcssen, kompakt erkl\u00e4rt \u27a4 Jetzt lesen!","og_url":"https:\/\/stirnweiss-brenner.de\/en\/news\/spectacular-panel-discussion-at-the-bdue-state-associations-annual-general-meeting-in-stuttgart\/","og_site_name":"Stirnweiss | Brenner Rechtsanw\u00e4lte","article_publisher":"https:\/\/www.facebook.com\/StirnweissBrennerRechtsanwaelte\/","article_published_time":"2019-03-23T18:38:00+00:00","article_modified_time":"2026-04-22T08:07:45+00:00","og_image":[{"width":1280,"height":1147,"url":"https:\/\/stirnweiss-brenner.de\/wp-content\/uploads\/2021\/04\/book-3101450_1280.jpg","type":"image\/jpeg"}],"author":"Paul F. Fallscheer-Schlegel","twitter_card":"summary_large_image","twitter_misc":{"Written by":"Paul F. Fallscheer-Schlegel","Est. reading time":"1 minute"},"schema":{"@context":"https:\/\/schema.org","@graph":[{"@type":"Article","@id":"https:\/\/stirnweiss-brenner.de\/en\/news\/spectacular-panel-discussion-at-the-bdue-state-associations-annual-general-meeting-in-stuttgart\/#article","isPartOf":{"@id":"https:\/\/stirnweiss-brenner.de\/en\/news\/spectacular-panel-discussion-at-the-bdue-state-associations-annual-general-meeting-in-stuttgart\/"},"author":{"name":"Paul F. Fallscheer-Schlegel","@id":"https:\/\/stirnweiss-brenner.de\/en\/#\/schema\/person\/68bb9c2235cc0dd5687fa2e5922b771c"},"headline":"Spectacular panel discussion at the BD\u00dc state association\u2019s annual general meeting in Stuttgart","datePublished":"2019-03-23T18:38:00+00:00","dateModified":"2026-04-22T08:07:45+00:00","mainEntityOfPage":{"@id":"https:\/\/stirnweiss-brenner.de\/en\/news\/spectacular-panel-discussion-at-the-bdue-state-associations-annual-general-meeting-in-stuttgart\/"},"wordCount":131,"publisher":{"@id":"https:\/\/stirnweiss-brenner.de\/en\/#organization"},"image":{"@id":"https:\/\/stirnweiss-brenner.de\/en\/news\/spectacular-panel-discussion-at-the-bdue-state-associations-annual-general-meeting-in-stuttgart\/#primaryimage"},"thumbnailUrl":"https:\/\/stirnweiss-brenner.de\/wp-content\/uploads\/2021\/04\/book-3101450_1280.jpg","articleSection":["News"],"inLanguage":"en-US"},{"@type":"WebPage","@id":"https:\/\/stirnweiss-brenner.de\/en\/news\/spectacular-panel-discussion-at-the-bdue-state-associations-annual-general-meeting-in-stuttgart\/","url":"https:\/\/stirnweiss-brenner.de\/en\/news\/spectacular-panel-discussion-at-the-bdue-state-associations-annual-general-meeting-in-stuttgart\/","name":"Spectacular panel discussion at the BD\u00dc state association\u2019s annual general meeting in Stuttgart - Stirnweiss | Brenner Rechtsanw\u00e4lte","isPartOf":{"@id":"https:\/\/stirnweiss-brenner.de\/en\/#website"},"primaryImageOfPage":{"@id":"https:\/\/stirnweiss-brenner.de\/en\/news\/spectacular-panel-discussion-at-the-bdue-state-associations-annual-general-meeting-in-stuttgart\/#primaryimage"},"image":{"@id":"https:\/\/stirnweiss-brenner.de\/en\/news\/spectacular-panel-discussion-at-the-bdue-state-associations-annual-general-meeting-in-stuttgart\/#primaryimage"},"thumbnailUrl":"https:\/\/stirnweiss-brenner.de\/wp-content\/uploads\/2021\/04\/book-3101450_1280.jpg","datePublished":"2019-03-23T18:38:00+00:00","dateModified":"2026-04-22T08:07:45+00:00","description":"Alles, was Sie \u00fcber Spectacular panel discussion at the BD\u00dc state association\u2019s annual general meeting in Stuttgart wissen m\u00fcssen, kompakt erkl\u00e4rt \u27a4 Jetzt lesen!","breadcrumb":{"@id":"https:\/\/stirnweiss-brenner.de\/en\/news\/spectacular-panel-discussion-at-the-bdue-state-associations-annual-general-meeting-in-stuttgart\/#breadcrumb"},"inLanguage":"en-US","potentialAction":[{"@type":"ReadAction","target":["https:\/\/stirnweiss-brenner.de\/en\/news\/spectacular-panel-discussion-at-the-bdue-state-associations-annual-general-meeting-in-stuttgart\/"]}]},{"@type":"ImageObject","inLanguage":"en-US","@id":"https:\/\/stirnweiss-brenner.de\/en\/news\/spectacular-panel-discussion-at-the-bdue-state-associations-annual-general-meeting-in-stuttgart\/#primaryimage","url":"https:\/\/stirnweiss-brenner.de\/wp-content\/uploads\/2021\/04\/book-3101450_1280.jpg","contentUrl":"https:\/\/stirnweiss-brenner.de\/wp-content\/uploads\/2021\/04\/book-3101450_1280.jpg","width":1280,"height":1147,"caption":"Image by Monika Schr\u00f6der from Pixabay"},{"@type":"BreadcrumbList","@id":"https:\/\/stirnweiss-brenner.de\/en\/news\/spectacular-panel-discussion-at-the-bdue-state-associations-annual-general-meeting-in-stuttgart\/#breadcrumb","itemListElement":[{"@type":"ListItem","position":1,"name":"Home","item":"https:\/\/stirnweiss-brenner.de\/en\/"},{"@type":"ListItem","position":2,"name":"Spectacular panel discussion at the BD\u00dc state association\u2019s annual general meeting in Stuttgart"}]},{"@type":"WebSite","@id":"https:\/\/stirnweiss-brenner.de\/en\/#website","url":"https:\/\/stirnweiss-brenner.de\/en\/","name":"Stirnweiss | Brenner Rechtsanw\u00e4lte f\u00fcr Strafrecht in Stuttgart & Konstanz","description":"Kompetente, rasche Hilfe in Stuttgart bei Stirnweiss | Brenner Rechtsanw\u00e4lte. Unsere Kanzlei bietet Ihnen Strafverteidigung in allen Facetten.","publisher":{"@id":"https:\/\/stirnweiss-brenner.de\/en\/#organization"},"alternateName":"Stirnweiss | Brenner Rechtsanw\u00e4lte","potentialAction":[{"@type":"SearchAction","target":{"@type":"EntryPoint","urlTemplate":"https:\/\/stirnweiss-brenner.de\/en\/?s={search_term_string}"},"query-input":{"@type":"PropertyValueSpecification","valueRequired":true,"valueName":"search_term_string"}}],"inLanguage":"en-US"},{"@type":"Organization","@id":"https:\/\/stirnweiss-brenner.de\/en\/#organization","name":"Stirnweiss Brenner Rechtsanw\u00e4lte | Kanzlei f\u00fcr Strafrecht Stuttgart, Strafverteidiger & Fachanw\u00e4lte","alternateName":"Stirnweiss Brenner Rechtsanw\u00e4lte","url":"https:\/\/stirnweiss-brenner.de\/en\/","logo":{"@type":"ImageObject","inLanguage":"en-US","@id":"https:\/\/stirnweiss-brenner.de\/en\/#\/schema\/logo\/image\/","url":"https:\/\/stirnweiss-brenner.de\/wp-content\/uploads\/2023\/03\/SB_logo_l.png","contentUrl":"https:\/\/stirnweiss-brenner.de\/wp-content\/uploads\/2023\/03\/SB_logo_l.png","width":1436,"height":217,"caption":"Stirnweiss Brenner Rechtsanw\u00e4lte | Kanzlei f\u00fcr Strafrecht Stuttgart, Strafverteidiger & Fachanw\u00e4lte"},"image":{"@id":"https:\/\/stirnweiss-brenner.de\/en\/#\/schema\/logo\/image\/"},"sameAs":["https:\/\/www.facebook.com\/StirnweissBrennerRechtsanwaelte\/","https:\/\/www.linkedin.com\/company\/stirnweiss-brenner-rechtsanwaelte\/"]},{"@type":"Person","@id":"https:\/\/stirnweiss-brenner.de\/en\/#\/schema\/person\/68bb9c2235cc0dd5687fa2e5922b771c","name":"Paul F. Fallscheer-Schlegel","image":{"@type":"ImageObject","inLanguage":"en-US","@id":"https:\/\/secure.gravatar.com\/avatar\/0c8e9049ed78211a3dddeef806aafaab5796208657fa14e0c8504c3ecef24242?s=96&d=mm&r=g","url":"https:\/\/secure.gravatar.com\/avatar\/0c8e9049ed78211a3dddeef806aafaab5796208657fa14e0c8504c3ecef24242?s=96&d=mm&r=g","contentUrl":"https:\/\/secure.gravatar.com\/avatar\/0c8e9049ed78211a3dddeef806aafaab5796208657fa14e0c8504c3ecef24242?s=96&d=mm&r=g","caption":"Paul F. Fallscheer-Schlegel"},"sameAs":["https:\/\/laterna.tech"]}]}},"_links":{"self":[{"href":"https:\/\/stirnweiss-brenner.de\/en\/wp-json\/wp\/v2\/posts\/12108","targetHints":{"allow":["GET"]}}],"collection":[{"href":"https:\/\/stirnweiss-brenner.de\/en\/wp-json\/wp\/v2\/posts"}],"about":[{"href":"https:\/\/stirnweiss-brenner.de\/en\/wp-json\/wp\/v2\/types\/post"}],"author":[{"embeddable":true,"href":"https:\/\/stirnweiss-brenner.de\/en\/wp-json\/wp\/v2\/users\/7"}],"replies":[{"embeddable":true,"href":"https:\/\/stirnweiss-brenner.de\/en\/wp-json\/wp\/v2\/comments?post=12108"}],"version-history":[{"count":1,"href":"https:\/\/stirnweiss-brenner.de\/en\/wp-json\/wp\/v2\/posts\/12108\/revisions"}],"predecessor-version":[{"id":12110,"href":"https:\/\/stirnweiss-brenner.de\/en\/wp-json\/wp\/v2\/posts\/12108\/revisions\/12110"}],"wp:featuredmedia":[{"embeddable":true,"href":"https:\/\/stirnweiss-brenner.de\/en\/wp-json\/wp\/v2\/media\/12109"}],"wp:attachment":[{"href":"https:\/\/stirnweiss-brenner.de\/en\/wp-json\/wp\/v2\/media?parent=12108"}],"wp:term":[{"taxonomy":"category","embeddable":true,"href":"https:\/\/stirnweiss-brenner.de\/en\/wp-json\/wp\/v2\/categories?post=12108"},{"taxonomy":"post_tag","embeddable":true,"href":"https:\/\/stirnweiss-brenner.de\/en\/wp-json\/wp\/v2\/tags?post=12108"}],"curies":[{"name":"wp","href":"https:\/\/api.w.org\/{rel}","templated":true}]}}