{"id":12059,"date":"2022-01-16T15:52:00","date_gmt":"2022-01-16T14:52:00","guid":{"rendered":"https:\/\/stirnweiss-brenner.de\/appointment-of-legal-counsel-for-children-affected-by-asset-forfeiture-due-to-a-conflict-of-interest-of-accused-parents\/"},"modified":"2026-04-22T10:07:37","modified_gmt":"2026-04-22T08:07:37","slug":"appointment-of-legal-counsel-for-children-affected-by-asset-forfeiture-due-to-a-conflict-of-interest-of-accused-parents","status":"publish","type":"post","link":"https:\/\/stirnweiss-brenner.de\/en\/press\/appointment-of-legal-counsel-for-children-affected-by-asset-forfeiture-due-to-a-conflict-of-interest-of-accused-parents\/","title":{"rendered":"Appointment of legal counsel for children affected by asset forfeiture due to a conflict of interest of accused parents"},"content":{"rendered":"\n<p>An article by attorney Lisanne B\u00fchler has been published in the current issue 1\/2022 of the <em><a href=\"https:\/\/www.wistra-online.com\/73851.htm\" data-type=\"URL\" data-id=\"https:\/\/www.wistra-online.com\/73851.htm\">Journal for Commercial and Tax Criminal Law (<strong>&#8220;<\/strong>wistra<em><strong>&#8220;<\/strong><\/em>)<\/a><\/em>. It is titled <strong>&#8220;<\/strong>Appointment of legal counsel for children affected by asset forfeiture due to a conflict of interest of accused parents<strong>&#8220;<\/strong>. <\/p>\n\n<p>The article discusses a decision by the Munich Higher Regional Court, in which attorney B\u00fchler appeared as a representative for parties affected by asset forfeiture.<\/p>\n","protected":false},"excerpt":{"rendered":"<p>An article by attorney Lisanne B\u00fchler has been published in the current issue 1\/2022 of the Journal for Commercial and Tax Criminal Law (&#8220;wistra&#8220;). It is titled &#8220;Appointment of legal counsel for children affected by asset forfeiture due to a conflict of interest of accused parents&#8220;. The article discusses a decision by the Munich Higher [&hellip;]<\/p>\n","protected":false},"author":7,"featured_media":12060,"comment_status":"closed","ping_status":"closed","sticky":false,"template":"","format":"standard","meta":{"footnotes":""},"categories":[76,71],"tags":[74],"class_list":["post-12059","post","type-post","status-publish","format-standard","has-post-thumbnail","hentry","category-news","category-press","tag-buehler"],"yoast_head":"<!-- This site is optimized with the Yoast SEO plugin v27.4 - https:\/\/yoast.com\/product\/yoast-seo-wordpress\/ -->\n<title>Appointment of legal counsel for children affected by asset forfeiture due to a conflict of interest of accused parents - Stirnweiss | Brenner Rechtsanw\u00e4lte<\/title>\n<meta name=\"description\" content=\"BUEHLER. An article by attorney Lisanne B\u00fchler has been published in the current issue 1\/2022 of the Journal for Commercial and Tax Criminal Law (&quot;wistra&quot;). It is titled &quot;Appointment of legal counsel for children affected by asset forfeiture due to a conflict of interest of accused parents.&quot; The article discusses a decision by the Munich Higher Regional Court, in which attorney B\u00fchler appeared as a representative for parties affected by asset forfeiture.\" \/>\n<meta name=\"robots\" content=\"index, follow, max-snippet:-1, max-image-preview:large, max-video-preview:-1\" \/>\n<link rel=\"canonical\" href=\"https:\/\/stirnweiss-brenner.de\/en\/press\/appointment-of-legal-counsel-for-children-affected-by-asset-forfeiture-due-to-a-conflict-of-interest-of-accused-parents\/\" \/>\n<meta property=\"og:locale\" content=\"en_US\" \/>\n<meta property=\"og:type\" content=\"article\" \/>\n<meta property=\"og:title\" content=\"Appointment of legal counsel for children affected by asset forfeiture due to a conflict of interest of accused parents - Stirnweiss | Brenner Rechtsanw\u00e4lte\" \/>\n<meta property=\"og:description\" content=\"BUEHLER. An article by attorney Lisanne B\u00fchler has been published in the current issue 1\/2022 of the Journal for Commercial and Tax Criminal Law (&quot;wistra&quot;). It is titled &quot;Appointment of legal counsel for children affected by asset forfeiture due to a conflict of interest of accused parents.&quot; The article discusses a decision by the Munich Higher Regional Court, in which attorney B\u00fchler appeared as a representative for parties affected by asset forfeiture.\" \/>\n<meta property=\"og:url\" content=\"https:\/\/stirnweiss-brenner.de\/en\/press\/appointment-of-legal-counsel-for-children-affected-by-asset-forfeiture-due-to-a-conflict-of-interest-of-accused-parents\/\" \/>\n<meta property=\"og:site_name\" content=\"Stirnweiss | Brenner Rechtsanw\u00e4lte\" \/>\n<meta property=\"article:publisher\" content=\"https:\/\/www.facebook.com\/StirnweissBrennerRechtsanwaelte\/\" \/>\n<meta property=\"article:published_time\" content=\"2022-01-16T14:52:00+00:00\" \/>\n<meta property=\"article:modified_time\" content=\"2026-04-22T08:07:37+00:00\" \/>\n<meta property=\"og:image\" content=\"https:\/\/stirnweiss-brenner.de\/wp-content\/uploads\/2022\/02\/research-g002650e39_1920.jpg\" \/>\n\t<meta property=\"og:image:width\" content=\"1080\" \/>\n\t<meta property=\"og:image:height\" content=\"1920\" \/>\n\t<meta property=\"og:image:type\" content=\"image\/jpeg\" \/>\n<meta name=\"author\" content=\"Paul F. Fallscheer-Schlegel\" \/>\n<meta name=\"twitter:card\" content=\"summary_large_image\" \/>\n<meta name=\"twitter:label1\" content=\"Written by\" \/>\n\t<meta name=\"twitter:data1\" content=\"Paul F. Fallscheer-Schlegel\" \/>\n<script type=\"application\/ld+json\" class=\"yoast-schema-graph\">{\"@context\":\"https:\\\/\\\/schema.org\",\"@graph\":[{\"@type\":\"Article\",\"@id\":\"https:\\\/\\\/stirnweiss-brenner.de\\\/en\\\/press\\\/appointment-of-legal-counsel-for-children-affected-by-asset-forfeiture-due-to-a-conflict-of-interest-of-accused-parents\\\/#article\",\"isPartOf\":{\"@id\":\"https:\\\/\\\/stirnweiss-brenner.de\\\/en\\\/press\\\/appointment-of-legal-counsel-for-children-affected-by-asset-forfeiture-due-to-a-conflict-of-interest-of-accused-parents\\\/\"},\"author\":{\"name\":\"Paul F. Fallscheer-Schlegel\",\"@id\":\"https:\\\/\\\/stirnweiss-brenner.de\\\/en\\\/#\\\/schema\\\/person\\\/68bb9c2235cc0dd5687fa2e5922b771c\"},\"headline\":\"Appointment of legal counsel for children affected by asset forfeiture due to a conflict of interest of accused parents\",\"datePublished\":\"2022-01-16T14:52:00+00:00\",\"dateModified\":\"2026-04-22T08:07:37+00:00\",\"mainEntityOfPage\":{\"@id\":\"https:\\\/\\\/stirnweiss-brenner.de\\\/en\\\/press\\\/appointment-of-legal-counsel-for-children-affected-by-asset-forfeiture-due-to-a-conflict-of-interest-of-accused-parents\\\/\"},\"wordCount\":91,\"publisher\":{\"@id\":\"https:\\\/\\\/stirnweiss-brenner.de\\\/en\\\/#organization\"},\"image\":{\"@id\":\"https:\\\/\\\/stirnweiss-brenner.de\\\/en\\\/press\\\/appointment-of-legal-counsel-for-children-affected-by-asset-forfeiture-due-to-a-conflict-of-interest-of-accused-parents\\\/#primaryimage\"},\"thumbnailUrl\":\"https:\\\/\\\/stirnweiss-brenner.de\\\/wp-content\\\/uploads\\\/2022\\\/02\\\/research-g002650e39_1920.jpg\",\"keywords\":[\"B\u00fchler\"],\"articleSection\":[\"News\",\"Press\"],\"inLanguage\":\"en-US\"},{\"@type\":\"WebPage\",\"@id\":\"https:\\\/\\\/stirnweiss-brenner.de\\\/en\\\/press\\\/appointment-of-legal-counsel-for-children-affected-by-asset-forfeiture-due-to-a-conflict-of-interest-of-accused-parents\\\/\",\"url\":\"https:\\\/\\\/stirnweiss-brenner.de\\\/en\\\/press\\\/appointment-of-legal-counsel-for-children-affected-by-asset-forfeiture-due-to-a-conflict-of-interest-of-accused-parents\\\/\",\"name\":\"Appointment of legal counsel for children affected by asset forfeiture due to a conflict of interest of accused parents - Stirnweiss | Brenner Rechtsanw\u00e4lte\",\"isPartOf\":{\"@id\":\"https:\\\/\\\/stirnweiss-brenner.de\\\/en\\\/#website\"},\"primaryImageOfPage\":{\"@id\":\"https:\\\/\\\/stirnweiss-brenner.de\\\/en\\\/press\\\/appointment-of-legal-counsel-for-children-affected-by-asset-forfeiture-due-to-a-conflict-of-interest-of-accused-parents\\\/#primaryimage\"},\"image\":{\"@id\":\"https:\\\/\\\/stirnweiss-brenner.de\\\/en\\\/press\\\/appointment-of-legal-counsel-for-children-affected-by-asset-forfeiture-due-to-a-conflict-of-interest-of-accused-parents\\\/#primaryimage\"},\"thumbnailUrl\":\"https:\\\/\\\/stirnweiss-brenner.de\\\/wp-content\\\/uploads\\\/2022\\\/02\\\/research-g002650e39_1920.jpg\",\"datePublished\":\"2022-01-16T14:52:00+00:00\",\"dateModified\":\"2026-04-22T08:07:37+00:00\",\"description\":\"BUEHLER. An article by attorney Lisanne B\u00fchler has been published in the current issue 1\\\/2022 of the Journal for Commercial and Tax Criminal Law (\\\"wistra\\\"). It is titled \\\"Appointment of legal counsel for children affected by asset forfeiture due to a conflict of interest of accused parents.\\\" The article discusses a decision by the Munich Higher Regional Court, in which attorney B\u00fchler appeared as a representative for parties affected by asset forfeiture.\",\"breadcrumb\":{\"@id\":\"https:\\\/\\\/stirnweiss-brenner.de\\\/en\\\/press\\\/appointment-of-legal-counsel-for-children-affected-by-asset-forfeiture-due-to-a-conflict-of-interest-of-accused-parents\\\/#breadcrumb\"},\"inLanguage\":\"en-US\",\"potentialAction\":[{\"@type\":\"ReadAction\",\"target\":[\"https:\\\/\\\/stirnweiss-brenner.de\\\/en\\\/press\\\/appointment-of-legal-counsel-for-children-affected-by-asset-forfeiture-due-to-a-conflict-of-interest-of-accused-parents\\\/\"]}]},{\"@type\":\"ImageObject\",\"inLanguage\":\"en-US\",\"@id\":\"https:\\\/\\\/stirnweiss-brenner.de\\\/en\\\/press\\\/appointment-of-legal-counsel-for-children-affected-by-asset-forfeiture-due-to-a-conflict-of-interest-of-accused-parents\\\/#primaryimage\",\"url\":\"https:\\\/\\\/stirnweiss-brenner.de\\\/wp-content\\\/uploads\\\/2022\\\/02\\\/research-g002650e39_1920.jpg\",\"contentUrl\":\"https:\\\/\\\/stirnweiss-brenner.de\\\/wp-content\\\/uploads\\\/2022\\\/02\\\/research-g002650e39_1920.jpg\",\"width\":1080,\"height\":1920},{\"@type\":\"BreadcrumbList\",\"@id\":\"https:\\\/\\\/stirnweiss-brenner.de\\\/en\\\/press\\\/appointment-of-legal-counsel-for-children-affected-by-asset-forfeiture-due-to-a-conflict-of-interest-of-accused-parents\\\/#breadcrumb\",\"itemListElement\":[{\"@type\":\"ListItem\",\"position\":1,\"name\":\"Home\",\"item\":\"https:\\\/\\\/stirnweiss-brenner.de\\\/en\\\/\"},{\"@type\":\"ListItem\",\"position\":2,\"name\":\"Appointment of legal counsel for children affected by asset forfeiture due to a conflict of interest of accused parents\"}]},{\"@type\":\"WebSite\",\"@id\":\"https:\\\/\\\/stirnweiss-brenner.de\\\/en\\\/#website\",\"url\":\"https:\\\/\\\/stirnweiss-brenner.de\\\/en\\\/\",\"name\":\"Stirnweiss | Brenner Rechtsanw\u00e4lte f\u00fcr Strafrecht in Stuttgart & Konstanz\",\"description\":\"Kompetente, rasche Hilfe in Stuttgart bei Stirnweiss | Brenner Rechtsanw\u00e4lte. Unsere Kanzlei bietet Ihnen Strafverteidigung in allen Facetten.\",\"publisher\":{\"@id\":\"https:\\\/\\\/stirnweiss-brenner.de\\\/en\\\/#organization\"},\"alternateName\":\"Stirnweiss | Brenner Rechtsanw\u00e4lte\",\"potentialAction\":[{\"@type\":\"SearchAction\",\"target\":{\"@type\":\"EntryPoint\",\"urlTemplate\":\"https:\\\/\\\/stirnweiss-brenner.de\\\/en\\\/?s={search_term_string}\"},\"query-input\":{\"@type\":\"PropertyValueSpecification\",\"valueRequired\":true,\"valueName\":\"search_term_string\"}}],\"inLanguage\":\"en-US\"},{\"@type\":\"Organization\",\"@id\":\"https:\\\/\\\/stirnweiss-brenner.de\\\/en\\\/#organization\",\"name\":\"Stirnweiss Brenner Rechtsanw\u00e4lte | Kanzlei f\u00fcr Strafrecht Stuttgart, Strafverteidiger & Fachanw\u00e4lte\",\"alternateName\":\"Stirnweiss Brenner Rechtsanw\u00e4lte\",\"url\":\"https:\\\/\\\/stirnweiss-brenner.de\\\/en\\\/\",\"logo\":{\"@type\":\"ImageObject\",\"inLanguage\":\"en-US\",\"@id\":\"https:\\\/\\\/stirnweiss-brenner.de\\\/en\\\/#\\\/schema\\\/logo\\\/image\\\/\",\"url\":\"https:\\\/\\\/stirnweiss-brenner.de\\\/wp-content\\\/uploads\\\/2023\\\/03\\\/SB_logo_l.png\",\"contentUrl\":\"https:\\\/\\\/stirnweiss-brenner.de\\\/wp-content\\\/uploads\\\/2023\\\/03\\\/SB_logo_l.png\",\"width\":1436,\"height\":217,\"caption\":\"Stirnweiss Brenner Rechtsanw\u00e4lte | Kanzlei f\u00fcr Strafrecht Stuttgart, Strafverteidiger & Fachanw\u00e4lte\"},\"image\":{\"@id\":\"https:\\\/\\\/stirnweiss-brenner.de\\\/en\\\/#\\\/schema\\\/logo\\\/image\\\/\"},\"sameAs\":[\"https:\\\/\\\/www.facebook.com\\\/StirnweissBrennerRechtsanwaelte\\\/\",\"https:\\\/\\\/www.linkedin.com\\\/company\\\/stirnweiss-brenner-rechtsanwaelte\\\/\"]},{\"@type\":\"Person\",\"@id\":\"https:\\\/\\\/stirnweiss-brenner.de\\\/en\\\/#\\\/schema\\\/person\\\/68bb9c2235cc0dd5687fa2e5922b771c\",\"name\":\"Paul F. Fallscheer-Schlegel\",\"image\":{\"@type\":\"ImageObject\",\"inLanguage\":\"en-US\",\"@id\":\"https:\\\/\\\/secure.gravatar.com\\\/avatar\\\/0c8e9049ed78211a3dddeef806aafaab5796208657fa14e0c8504c3ecef24242?s=96&d=mm&r=g\",\"url\":\"https:\\\/\\\/secure.gravatar.com\\\/avatar\\\/0c8e9049ed78211a3dddeef806aafaab5796208657fa14e0c8504c3ecef24242?s=96&d=mm&r=g\",\"contentUrl\":\"https:\\\/\\\/secure.gravatar.com\\\/avatar\\\/0c8e9049ed78211a3dddeef806aafaab5796208657fa14e0c8504c3ecef24242?s=96&d=mm&r=g\",\"caption\":\"Paul F. Fallscheer-Schlegel\"},\"sameAs\":[\"https:\\\/\\\/laterna.tech\"]}]}<\/script>\n<!-- \/ Yoast SEO plugin. -->","yoast_head_json":{"title":"Appointment of legal counsel for children affected by asset forfeiture due to a conflict of interest of accused parents - Stirnweiss | Brenner Rechtsanw\u00e4lte","description":"BUEHLER. An article by attorney Lisanne B\u00fchler has been published in the current issue 1\/2022 of the Journal for Commercial and Tax Criminal Law (\"wistra\"). It is titled \"Appointment of legal counsel for children affected by asset forfeiture due to a conflict of interest of accused parents.\" The article discusses a decision by the Munich Higher Regional Court, in which attorney B\u00fchler appeared as a representative for parties affected by asset forfeiture.","robots":{"index":"index","follow":"follow","max-snippet":"max-snippet:-1","max-image-preview":"max-image-preview:large","max-video-preview":"max-video-preview:-1"},"canonical":"https:\/\/stirnweiss-brenner.de\/en\/press\/appointment-of-legal-counsel-for-children-affected-by-asset-forfeiture-due-to-a-conflict-of-interest-of-accused-parents\/","og_locale":"en_US","og_type":"article","og_title":"Appointment of legal counsel for children affected by asset forfeiture due to a conflict of interest of accused parents - Stirnweiss | Brenner Rechtsanw\u00e4lte","og_description":"BUEHLER. An article by attorney Lisanne B\u00fchler has been published in the current issue 1\/2022 of the Journal for Commercial and Tax Criminal Law (\"wistra\"). It is titled \"Appointment of legal counsel for children affected by asset forfeiture due to a conflict of interest of accused parents.\" The article discusses a decision by the Munich Higher Regional Court, in which attorney B\u00fchler appeared as a representative for parties affected by asset forfeiture.","og_url":"https:\/\/stirnweiss-brenner.de\/en\/press\/appointment-of-legal-counsel-for-children-affected-by-asset-forfeiture-due-to-a-conflict-of-interest-of-accused-parents\/","og_site_name":"Stirnweiss | Brenner Rechtsanw\u00e4lte","article_publisher":"https:\/\/www.facebook.com\/StirnweissBrennerRechtsanwaelte\/","article_published_time":"2022-01-16T14:52:00+00:00","article_modified_time":"2026-04-22T08:07:37+00:00","og_image":[{"width":1080,"height":1920,"url":"https:\/\/stirnweiss-brenner.de\/wp-content\/uploads\/2022\/02\/research-g002650e39_1920.jpg","type":"image\/jpeg"}],"author":"Paul F. Fallscheer-Schlegel","twitter_card":"summary_large_image","twitter_misc":{"Written by":"Paul F. Fallscheer-Schlegel"},"schema":{"@context":"https:\/\/schema.org","@graph":[{"@type":"Article","@id":"https:\/\/stirnweiss-brenner.de\/en\/press\/appointment-of-legal-counsel-for-children-affected-by-asset-forfeiture-due-to-a-conflict-of-interest-of-accused-parents\/#article","isPartOf":{"@id":"https:\/\/stirnweiss-brenner.de\/en\/press\/appointment-of-legal-counsel-for-children-affected-by-asset-forfeiture-due-to-a-conflict-of-interest-of-accused-parents\/"},"author":{"name":"Paul F. Fallscheer-Schlegel","@id":"https:\/\/stirnweiss-brenner.de\/en\/#\/schema\/person\/68bb9c2235cc0dd5687fa2e5922b771c"},"headline":"Appointment of legal counsel for children affected by asset forfeiture due to a conflict of interest of accused parents","datePublished":"2022-01-16T14:52:00+00:00","dateModified":"2026-04-22T08:07:37+00:00","mainEntityOfPage":{"@id":"https:\/\/stirnweiss-brenner.de\/en\/press\/appointment-of-legal-counsel-for-children-affected-by-asset-forfeiture-due-to-a-conflict-of-interest-of-accused-parents\/"},"wordCount":91,"publisher":{"@id":"https:\/\/stirnweiss-brenner.de\/en\/#organization"},"image":{"@id":"https:\/\/stirnweiss-brenner.de\/en\/press\/appointment-of-legal-counsel-for-children-affected-by-asset-forfeiture-due-to-a-conflict-of-interest-of-accused-parents\/#primaryimage"},"thumbnailUrl":"https:\/\/stirnweiss-brenner.de\/wp-content\/uploads\/2022\/02\/research-g002650e39_1920.jpg","keywords":["B\u00fchler"],"articleSection":["News","Press"],"inLanguage":"en-US"},{"@type":"WebPage","@id":"https:\/\/stirnweiss-brenner.de\/en\/press\/appointment-of-legal-counsel-for-children-affected-by-asset-forfeiture-due-to-a-conflict-of-interest-of-accused-parents\/","url":"https:\/\/stirnweiss-brenner.de\/en\/press\/appointment-of-legal-counsel-for-children-affected-by-asset-forfeiture-due-to-a-conflict-of-interest-of-accused-parents\/","name":"Appointment of legal counsel for children affected by asset forfeiture due to a conflict of interest of accused parents - Stirnweiss | Brenner Rechtsanw\u00e4lte","isPartOf":{"@id":"https:\/\/stirnweiss-brenner.de\/en\/#website"},"primaryImageOfPage":{"@id":"https:\/\/stirnweiss-brenner.de\/en\/press\/appointment-of-legal-counsel-for-children-affected-by-asset-forfeiture-due-to-a-conflict-of-interest-of-accused-parents\/#primaryimage"},"image":{"@id":"https:\/\/stirnweiss-brenner.de\/en\/press\/appointment-of-legal-counsel-for-children-affected-by-asset-forfeiture-due-to-a-conflict-of-interest-of-accused-parents\/#primaryimage"},"thumbnailUrl":"https:\/\/stirnweiss-brenner.de\/wp-content\/uploads\/2022\/02\/research-g002650e39_1920.jpg","datePublished":"2022-01-16T14:52:00+00:00","dateModified":"2026-04-22T08:07:37+00:00","description":"BUEHLER. An article by attorney Lisanne B\u00fchler has been published in the current issue 1\/2022 of the Journal for Commercial and Tax Criminal Law (\"wistra\"). It is titled \"Appointment of legal counsel for children affected by asset forfeiture due to a conflict of interest of accused parents.\" The article discusses a decision by the Munich Higher Regional Court, in which attorney B\u00fchler appeared as a representative for parties affected by asset forfeiture.","breadcrumb":{"@id":"https:\/\/stirnweiss-brenner.de\/en\/press\/appointment-of-legal-counsel-for-children-affected-by-asset-forfeiture-due-to-a-conflict-of-interest-of-accused-parents\/#breadcrumb"},"inLanguage":"en-US","potentialAction":[{"@type":"ReadAction","target":["https:\/\/stirnweiss-brenner.de\/en\/press\/appointment-of-legal-counsel-for-children-affected-by-asset-forfeiture-due-to-a-conflict-of-interest-of-accused-parents\/"]}]},{"@type":"ImageObject","inLanguage":"en-US","@id":"https:\/\/stirnweiss-brenner.de\/en\/press\/appointment-of-legal-counsel-for-children-affected-by-asset-forfeiture-due-to-a-conflict-of-interest-of-accused-parents\/#primaryimage","url":"https:\/\/stirnweiss-brenner.de\/wp-content\/uploads\/2022\/02\/research-g002650e39_1920.jpg","contentUrl":"https:\/\/stirnweiss-brenner.de\/wp-content\/uploads\/2022\/02\/research-g002650e39_1920.jpg","width":1080,"height":1920},{"@type":"BreadcrumbList","@id":"https:\/\/stirnweiss-brenner.de\/en\/press\/appointment-of-legal-counsel-for-children-affected-by-asset-forfeiture-due-to-a-conflict-of-interest-of-accused-parents\/#breadcrumb","itemListElement":[{"@type":"ListItem","position":1,"name":"Home","item":"https:\/\/stirnweiss-brenner.de\/en\/"},{"@type":"ListItem","position":2,"name":"Appointment of legal counsel for children affected by asset forfeiture due to a conflict of interest of accused parents"}]},{"@type":"WebSite","@id":"https:\/\/stirnweiss-brenner.de\/en\/#website","url":"https:\/\/stirnweiss-brenner.de\/en\/","name":"Stirnweiss | Brenner Rechtsanw\u00e4lte f\u00fcr Strafrecht in Stuttgart & Konstanz","description":"Kompetente, rasche Hilfe in Stuttgart bei Stirnweiss | Brenner Rechtsanw\u00e4lte. Unsere Kanzlei bietet Ihnen Strafverteidigung in allen Facetten.","publisher":{"@id":"https:\/\/stirnweiss-brenner.de\/en\/#organization"},"alternateName":"Stirnweiss | Brenner Rechtsanw\u00e4lte","potentialAction":[{"@type":"SearchAction","target":{"@type":"EntryPoint","urlTemplate":"https:\/\/stirnweiss-brenner.de\/en\/?s={search_term_string}"},"query-input":{"@type":"PropertyValueSpecification","valueRequired":true,"valueName":"search_term_string"}}],"inLanguage":"en-US"},{"@type":"Organization","@id":"https:\/\/stirnweiss-brenner.de\/en\/#organization","name":"Stirnweiss Brenner Rechtsanw\u00e4lte | Kanzlei f\u00fcr Strafrecht Stuttgart, Strafverteidiger & Fachanw\u00e4lte","alternateName":"Stirnweiss Brenner Rechtsanw\u00e4lte","url":"https:\/\/stirnweiss-brenner.de\/en\/","logo":{"@type":"ImageObject","inLanguage":"en-US","@id":"https:\/\/stirnweiss-brenner.de\/en\/#\/schema\/logo\/image\/","url":"https:\/\/stirnweiss-brenner.de\/wp-content\/uploads\/2023\/03\/SB_logo_l.png","contentUrl":"https:\/\/stirnweiss-brenner.de\/wp-content\/uploads\/2023\/03\/SB_logo_l.png","width":1436,"height":217,"caption":"Stirnweiss Brenner Rechtsanw\u00e4lte | Kanzlei f\u00fcr Strafrecht Stuttgart, Strafverteidiger & Fachanw\u00e4lte"},"image":{"@id":"https:\/\/stirnweiss-brenner.de\/en\/#\/schema\/logo\/image\/"},"sameAs":["https:\/\/www.facebook.com\/StirnweissBrennerRechtsanwaelte\/","https:\/\/www.linkedin.com\/company\/stirnweiss-brenner-rechtsanwaelte\/"]},{"@type":"Person","@id":"https:\/\/stirnweiss-brenner.de\/en\/#\/schema\/person\/68bb9c2235cc0dd5687fa2e5922b771c","name":"Paul F. Fallscheer-Schlegel","image":{"@type":"ImageObject","inLanguage":"en-US","@id":"https:\/\/secure.gravatar.com\/avatar\/0c8e9049ed78211a3dddeef806aafaab5796208657fa14e0c8504c3ecef24242?s=96&d=mm&r=g","url":"https:\/\/secure.gravatar.com\/avatar\/0c8e9049ed78211a3dddeef806aafaab5796208657fa14e0c8504c3ecef24242?s=96&d=mm&r=g","contentUrl":"https:\/\/secure.gravatar.com\/avatar\/0c8e9049ed78211a3dddeef806aafaab5796208657fa14e0c8504c3ecef24242?s=96&d=mm&r=g","caption":"Paul F. Fallscheer-Schlegel"},"sameAs":["https:\/\/laterna.tech"]}]}},"_links":{"self":[{"href":"https:\/\/stirnweiss-brenner.de\/en\/wp-json\/wp\/v2\/posts\/12059","targetHints":{"allow":["GET"]}}],"collection":[{"href":"https:\/\/stirnweiss-brenner.de\/en\/wp-json\/wp\/v2\/posts"}],"about":[{"href":"https:\/\/stirnweiss-brenner.de\/en\/wp-json\/wp\/v2\/types\/post"}],"author":[{"embeddable":true,"href":"https:\/\/stirnweiss-brenner.de\/en\/wp-json\/wp\/v2\/users\/7"}],"replies":[{"embeddable":true,"href":"https:\/\/stirnweiss-brenner.de\/en\/wp-json\/wp\/v2\/comments?post=12059"}],"version-history":[{"count":1,"href":"https:\/\/stirnweiss-brenner.de\/en\/wp-json\/wp\/v2\/posts\/12059\/revisions"}],"predecessor-version":[{"id":12061,"href":"https:\/\/stirnweiss-brenner.de\/en\/wp-json\/wp\/v2\/posts\/12059\/revisions\/12061"}],"wp:featuredmedia":[{"embeddable":true,"href":"https:\/\/stirnweiss-brenner.de\/en\/wp-json\/wp\/v2\/media\/12060"}],"wp:attachment":[{"href":"https:\/\/stirnweiss-brenner.de\/en\/wp-json\/wp\/v2\/media?parent=12059"}],"wp:term":[{"taxonomy":"category","embeddable":true,"href":"https:\/\/stirnweiss-brenner.de\/en\/wp-json\/wp\/v2\/categories?post=12059"},{"taxonomy":"post_tag","embeddable":true,"href":"https:\/\/stirnweiss-brenner.de\/en\/wp-json\/wp\/v2\/tags?post=12059"}],"curies":[{"name":"wp","href":"https:\/\/api.w.org\/{rel}","templated":true}]}}