{"id":12047,"date":"2022-02-22T19:40:00","date_gmt":"2022-02-22T18:40:00","guid":{"rendered":"https:\/\/stirnweiss-brenner.de\/lawyers-complain-of-failure-to-provide-assistance-in-pre-trial-detention\/"},"modified":"2026-04-22T10:07:36","modified_gmt":"2026-04-22T08:07:36","slug":"lawyers-complain-of-failure-to-provide-assistance-in-pre-trial-detention","status":"publish","type":"post","link":"https:\/\/stirnweiss-brenner.de\/en\/press\/lawyers-complain-of-failure-to-provide-assistance-in-pre-trial-detention\/","title":{"rendered":"Lawyers Complain of Failure to Provide Assistance in Pre-Trial Detention"},"content":{"rendered":"\n<p>An accused patient caretaker has been held in pre-trial detention at Stammheim for 32 months. He complains of not having received medical care for months and is represented by criminal defense attorneys Martin Stirnwei\u00df and Matthias Sigmund. The Stuttgarter Zeitung reported on the matter <a href=\"https:\/\/www.stuttgarter-zeitung.de\/inhalt.klinikum-prozess-in-stuttgart-keine-aerztliche-hilfe-in-der-u-haft.4023f880-c6fd-414f-aefa-95c0afc4aa49.html?reduced=true\" data-type=\"URL\" data-id=\"https:\/\/www.stuttgarter-zeitung.de\/inhalt.klinikum-prozess-in-stuttgart-keine-aerztliche-hilfe-in-der-u-haft.4023f880-c6fd-414f-aefa-95c0afc4aa49.html?reduced=true\">here<\/a> and in the print edition of the following day.  <\/p>\n\n<p><\/p>\n","protected":false},"excerpt":{"rendered":"<p>An accused patient caretaker has been held in pre-trial detention at Stammheim for 32 months. He complains of not having received medical care for months and is represented by criminal defense attorneys Martin Stirnwei\u00df and Matthias Sigmund. The Stuttgarter Zeitung reported on the matter here and in the print edition of the following day.<\/p>\n","protected":false},"author":7,"featured_media":12048,"comment_status":"closed","ping_status":"closed","sticky":false,"template":"","format":"standard","meta":{"footnotes":""},"categories":[71],"tags":[82,80,83],"class_list":["post-12047","post","type-post","status-publish","format-standard","has-post-thumbnail","hentry","category-press","tag-medical-criminal-law","tag-siegmund","tag-stirnweiss"],"yoast_head":"<!-- This site is optimized with the Yoast SEO plugin v27.4 - https:\/\/yoast.com\/product\/yoast-seo-wordpress\/ -->\n<title>Lawyers Complain of Failure to Provide Assistance in Pre-Trial Detention - Stirnweiss | Brenner Rechtsanw\u00e4lte<\/title>\n<meta name=\"description\" content=\"STIRNWEISS. SIGMUND. An accused patient caretaker has been held in pre-trial detention at Stammheim for 32 months. He complains of not having received medical care for months and is represented by criminal defense attorneys Martin Stirnwei\u00df and Matthias Sigmund. The Stuttgarter Zeitung reported on the matter here and in the print edition of the following day.\" \/>\n<meta name=\"robots\" content=\"index, follow, max-snippet:-1, max-image-preview:large, max-video-preview:-1\" \/>\n<link rel=\"canonical\" href=\"https:\/\/stirnweiss-brenner.de\/en\/press\/lawyers-complain-of-failure-to-provide-assistance-in-pre-trial-detention\/\" \/>\n<meta property=\"og:locale\" content=\"en_US\" \/>\n<meta property=\"og:type\" content=\"article\" \/>\n<meta property=\"og:title\" content=\"Lawyers Complain of Failure to Provide Assistance in Pre-Trial Detention - Stirnweiss | Brenner Rechtsanw\u00e4lte\" \/>\n<meta property=\"og:description\" content=\"STIRNWEISS. SIGMUND. An accused patient caretaker has been held in pre-trial detention at Stammheim for 32 months. He complains of not having received medical care for months and is represented by criminal defense attorneys Martin Stirnwei\u00df and Matthias Sigmund. The Stuttgarter Zeitung reported on the matter here and in the print edition of the following day.\" \/>\n<meta property=\"og:url\" content=\"https:\/\/stirnweiss-brenner.de\/en\/press\/lawyers-complain-of-failure-to-provide-assistance-in-pre-trial-detention\/\" \/>\n<meta property=\"og:site_name\" content=\"Stirnweiss | Brenner Rechtsanw\u00e4lte\" \/>\n<meta property=\"article:publisher\" content=\"https:\/\/www.facebook.com\/StirnweissBrennerRechtsanwaelte\/\" \/>\n<meta property=\"article:published_time\" content=\"2022-02-22T18:40:00+00:00\" \/>\n<meta property=\"article:modified_time\" content=\"2026-04-22T08:07:36+00:00\" \/>\n<meta property=\"og:image\" content=\"https:\/\/stirnweiss-brenner.de\/wp-content\/uploads\/2022\/04\/stuttgart-g9ab9f1733_1920.jpg\" \/>\n\t<meta property=\"og:image:width\" content=\"1272\" \/>\n\t<meta property=\"og:image:height\" content=\"1920\" \/>\n\t<meta property=\"og:image:type\" content=\"image\/jpeg\" \/>\n<meta name=\"author\" content=\"Paul F. Fallscheer-Schlegel\" \/>\n<meta name=\"twitter:card\" content=\"summary_large_image\" \/>\n<meta name=\"twitter:label1\" content=\"Written by\" \/>\n\t<meta name=\"twitter:data1\" content=\"Paul F. Fallscheer-Schlegel\" \/>\n<script type=\"application\/ld+json\" class=\"yoast-schema-graph\">{\"@context\":\"https:\\\/\\\/schema.org\",\"@graph\":[{\"@type\":\"Article\",\"@id\":\"https:\\\/\\\/stirnweiss-brenner.de\\\/en\\\/press\\\/lawyers-complain-of-failure-to-provide-assistance-in-pre-trial-detention\\\/#article\",\"isPartOf\":{\"@id\":\"https:\\\/\\\/stirnweiss-brenner.de\\\/en\\\/press\\\/lawyers-complain-of-failure-to-provide-assistance-in-pre-trial-detention\\\/\"},\"author\":{\"name\":\"Paul F. Fallscheer-Schlegel\",\"@id\":\"https:\\\/\\\/stirnweiss-brenner.de\\\/en\\\/#\\\/schema\\\/person\\\/68bb9c2235cc0dd5687fa2e5922b771c\"},\"headline\":\"Lawyers Complain of Failure to Provide Assistance in Pre-Trial Detention\",\"datePublished\":\"2022-02-22T18:40:00+00:00\",\"dateModified\":\"2026-04-22T08:07:36+00:00\",\"mainEntityOfPage\":{\"@id\":\"https:\\\/\\\/stirnweiss-brenner.de\\\/en\\\/press\\\/lawyers-complain-of-failure-to-provide-assistance-in-pre-trial-detention\\\/\"},\"wordCount\":63,\"publisher\":{\"@id\":\"https:\\\/\\\/stirnweiss-brenner.de\\\/en\\\/#organization\"},\"image\":{\"@id\":\"https:\\\/\\\/stirnweiss-brenner.de\\\/en\\\/press\\\/lawyers-complain-of-failure-to-provide-assistance-in-pre-trial-detention\\\/#primaryimage\"},\"thumbnailUrl\":\"https:\\\/\\\/stirnweiss-brenner.de\\\/wp-content\\\/uploads\\\/2022\\\/04\\\/stuttgart-g9ab9f1733_1920.jpg\",\"keywords\":[\"Medical criminal law\",\"Siegmund\",\"Stirnweiss\"],\"articleSection\":[\"Press\"],\"inLanguage\":\"en-US\"},{\"@type\":\"WebPage\",\"@id\":\"https:\\\/\\\/stirnweiss-brenner.de\\\/en\\\/press\\\/lawyers-complain-of-failure-to-provide-assistance-in-pre-trial-detention\\\/\",\"url\":\"https:\\\/\\\/stirnweiss-brenner.de\\\/en\\\/press\\\/lawyers-complain-of-failure-to-provide-assistance-in-pre-trial-detention\\\/\",\"name\":\"Lawyers Complain of Failure to Provide Assistance in Pre-Trial Detention - Stirnweiss | Brenner Rechtsanw\u00e4lte\",\"isPartOf\":{\"@id\":\"https:\\\/\\\/stirnweiss-brenner.de\\\/en\\\/#website\"},\"primaryImageOfPage\":{\"@id\":\"https:\\\/\\\/stirnweiss-brenner.de\\\/en\\\/press\\\/lawyers-complain-of-failure-to-provide-assistance-in-pre-trial-detention\\\/#primaryimage\"},\"image\":{\"@id\":\"https:\\\/\\\/stirnweiss-brenner.de\\\/en\\\/press\\\/lawyers-complain-of-failure-to-provide-assistance-in-pre-trial-detention\\\/#primaryimage\"},\"thumbnailUrl\":\"https:\\\/\\\/stirnweiss-brenner.de\\\/wp-content\\\/uploads\\\/2022\\\/04\\\/stuttgart-g9ab9f1733_1920.jpg\",\"datePublished\":\"2022-02-22T18:40:00+00:00\",\"dateModified\":\"2026-04-22T08:07:36+00:00\",\"description\":\"STIRNWEISS. SIGMUND. An accused patient caretaker has been held in pre-trial detention at Stammheim for 32 months. He complains of not having received medical care for months and is represented by criminal defense attorneys Martin Stirnwei\u00df and Matthias Sigmund. The Stuttgarter Zeitung reported on the matter here and in the print edition of the following day.\",\"breadcrumb\":{\"@id\":\"https:\\\/\\\/stirnweiss-brenner.de\\\/en\\\/press\\\/lawyers-complain-of-failure-to-provide-assistance-in-pre-trial-detention\\\/#breadcrumb\"},\"inLanguage\":\"en-US\",\"potentialAction\":[{\"@type\":\"ReadAction\",\"target\":[\"https:\\\/\\\/stirnweiss-brenner.de\\\/en\\\/press\\\/lawyers-complain-of-failure-to-provide-assistance-in-pre-trial-detention\\\/\"]}]},{\"@type\":\"ImageObject\",\"inLanguage\":\"en-US\",\"@id\":\"https:\\\/\\\/stirnweiss-brenner.de\\\/en\\\/press\\\/lawyers-complain-of-failure-to-provide-assistance-in-pre-trial-detention\\\/#primaryimage\",\"url\":\"https:\\\/\\\/stirnweiss-brenner.de\\\/wp-content\\\/uploads\\\/2022\\\/04\\\/stuttgart-g9ab9f1733_1920.jpg\",\"contentUrl\":\"https:\\\/\\\/stirnweiss-brenner.de\\\/wp-content\\\/uploads\\\/2022\\\/04\\\/stuttgart-g9ab9f1733_1920.jpg\",\"width\":1272,\"height\":1920},{\"@type\":\"BreadcrumbList\",\"@id\":\"https:\\\/\\\/stirnweiss-brenner.de\\\/en\\\/press\\\/lawyers-complain-of-failure-to-provide-assistance-in-pre-trial-detention\\\/#breadcrumb\",\"itemListElement\":[{\"@type\":\"ListItem\",\"position\":1,\"name\":\"Home\",\"item\":\"https:\\\/\\\/stirnweiss-brenner.de\\\/en\\\/\"},{\"@type\":\"ListItem\",\"position\":2,\"name\":\"Lawyers Complain of Failure to Provide Assistance in Pre-Trial Detention\"}]},{\"@type\":\"WebSite\",\"@id\":\"https:\\\/\\\/stirnweiss-brenner.de\\\/en\\\/#website\",\"url\":\"https:\\\/\\\/stirnweiss-brenner.de\\\/en\\\/\",\"name\":\"Stirnweiss | Brenner Rechtsanw\u00e4lte f\u00fcr Strafrecht in Stuttgart & Konstanz\",\"description\":\"Kompetente, rasche Hilfe in Stuttgart bei Stirnweiss | Brenner Rechtsanw\u00e4lte. Unsere Kanzlei bietet Ihnen Strafverteidigung in allen Facetten.\",\"publisher\":{\"@id\":\"https:\\\/\\\/stirnweiss-brenner.de\\\/en\\\/#organization\"},\"alternateName\":\"Stirnweiss | Brenner Rechtsanw\u00e4lte\",\"potentialAction\":[{\"@type\":\"SearchAction\",\"target\":{\"@type\":\"EntryPoint\",\"urlTemplate\":\"https:\\\/\\\/stirnweiss-brenner.de\\\/en\\\/?s={search_term_string}\"},\"query-input\":{\"@type\":\"PropertyValueSpecification\",\"valueRequired\":true,\"valueName\":\"search_term_string\"}}],\"inLanguage\":\"en-US\"},{\"@type\":\"Organization\",\"@id\":\"https:\\\/\\\/stirnweiss-brenner.de\\\/en\\\/#organization\",\"name\":\"Stirnweiss Brenner Rechtsanw\u00e4lte | Kanzlei f\u00fcr Strafrecht Stuttgart, Strafverteidiger & Fachanw\u00e4lte\",\"alternateName\":\"Stirnweiss Brenner Rechtsanw\u00e4lte\",\"url\":\"https:\\\/\\\/stirnweiss-brenner.de\\\/en\\\/\",\"logo\":{\"@type\":\"ImageObject\",\"inLanguage\":\"en-US\",\"@id\":\"https:\\\/\\\/stirnweiss-brenner.de\\\/en\\\/#\\\/schema\\\/logo\\\/image\\\/\",\"url\":\"https:\\\/\\\/stirnweiss-brenner.de\\\/wp-content\\\/uploads\\\/2023\\\/03\\\/SB_logo_l.png\",\"contentUrl\":\"https:\\\/\\\/stirnweiss-brenner.de\\\/wp-content\\\/uploads\\\/2023\\\/03\\\/SB_logo_l.png\",\"width\":1436,\"height\":217,\"caption\":\"Stirnweiss Brenner Rechtsanw\u00e4lte | Kanzlei f\u00fcr Strafrecht Stuttgart, Strafverteidiger & Fachanw\u00e4lte\"},\"image\":{\"@id\":\"https:\\\/\\\/stirnweiss-brenner.de\\\/en\\\/#\\\/schema\\\/logo\\\/image\\\/\"},\"sameAs\":[\"https:\\\/\\\/www.facebook.com\\\/StirnweissBrennerRechtsanwaelte\\\/\",\"https:\\\/\\\/www.linkedin.com\\\/company\\\/stirnweiss-brenner-rechtsanwaelte\\\/\"]},{\"@type\":\"Person\",\"@id\":\"https:\\\/\\\/stirnweiss-brenner.de\\\/en\\\/#\\\/schema\\\/person\\\/68bb9c2235cc0dd5687fa2e5922b771c\",\"name\":\"Paul F. Fallscheer-Schlegel\",\"image\":{\"@type\":\"ImageObject\",\"inLanguage\":\"en-US\",\"@id\":\"https:\\\/\\\/secure.gravatar.com\\\/avatar\\\/0c8e9049ed78211a3dddeef806aafaab5796208657fa14e0c8504c3ecef24242?s=96&d=mm&r=g\",\"url\":\"https:\\\/\\\/secure.gravatar.com\\\/avatar\\\/0c8e9049ed78211a3dddeef806aafaab5796208657fa14e0c8504c3ecef24242?s=96&d=mm&r=g\",\"contentUrl\":\"https:\\\/\\\/secure.gravatar.com\\\/avatar\\\/0c8e9049ed78211a3dddeef806aafaab5796208657fa14e0c8504c3ecef24242?s=96&d=mm&r=g\",\"caption\":\"Paul F. Fallscheer-Schlegel\"},\"sameAs\":[\"https:\\\/\\\/laterna.tech\"]}]}<\/script>\n<!-- \/ Yoast SEO plugin. -->","yoast_head_json":{"title":"Lawyers Complain of Failure to Provide Assistance in Pre-Trial Detention - Stirnweiss | Brenner Rechtsanw\u00e4lte","description":"STIRNWEISS. SIGMUND. An accused patient caretaker has been held in pre-trial detention at Stammheim for 32 months. He complains of not having received medical care for months and is represented by criminal defense attorneys Martin Stirnwei\u00df and Matthias Sigmund. The Stuttgarter Zeitung reported on the matter here and in the print edition of the following day.","robots":{"index":"index","follow":"follow","max-snippet":"max-snippet:-1","max-image-preview":"max-image-preview:large","max-video-preview":"max-video-preview:-1"},"canonical":"https:\/\/stirnweiss-brenner.de\/en\/press\/lawyers-complain-of-failure-to-provide-assistance-in-pre-trial-detention\/","og_locale":"en_US","og_type":"article","og_title":"Lawyers Complain of Failure to Provide Assistance in Pre-Trial Detention - Stirnweiss | Brenner Rechtsanw\u00e4lte","og_description":"STIRNWEISS. SIGMUND. An accused patient caretaker has been held in pre-trial detention at Stammheim for 32 months. He complains of not having received medical care for months and is represented by criminal defense attorneys Martin Stirnwei\u00df and Matthias Sigmund. The Stuttgarter Zeitung reported on the matter here and in the print edition of the following day.","og_url":"https:\/\/stirnweiss-brenner.de\/en\/press\/lawyers-complain-of-failure-to-provide-assistance-in-pre-trial-detention\/","og_site_name":"Stirnweiss | Brenner Rechtsanw\u00e4lte","article_publisher":"https:\/\/www.facebook.com\/StirnweissBrennerRechtsanwaelte\/","article_published_time":"2022-02-22T18:40:00+00:00","article_modified_time":"2026-04-22T08:07:36+00:00","og_image":[{"width":1272,"height":1920,"url":"https:\/\/stirnweiss-brenner.de\/wp-content\/uploads\/2022\/04\/stuttgart-g9ab9f1733_1920.jpg","type":"image\/jpeg"}],"author":"Paul F. Fallscheer-Schlegel","twitter_card":"summary_large_image","twitter_misc":{"Written by":"Paul F. Fallscheer-Schlegel"},"schema":{"@context":"https:\/\/schema.org","@graph":[{"@type":"Article","@id":"https:\/\/stirnweiss-brenner.de\/en\/press\/lawyers-complain-of-failure-to-provide-assistance-in-pre-trial-detention\/#article","isPartOf":{"@id":"https:\/\/stirnweiss-brenner.de\/en\/press\/lawyers-complain-of-failure-to-provide-assistance-in-pre-trial-detention\/"},"author":{"name":"Paul F. Fallscheer-Schlegel","@id":"https:\/\/stirnweiss-brenner.de\/en\/#\/schema\/person\/68bb9c2235cc0dd5687fa2e5922b771c"},"headline":"Lawyers Complain of Failure to Provide Assistance in Pre-Trial Detention","datePublished":"2022-02-22T18:40:00+00:00","dateModified":"2026-04-22T08:07:36+00:00","mainEntityOfPage":{"@id":"https:\/\/stirnweiss-brenner.de\/en\/press\/lawyers-complain-of-failure-to-provide-assistance-in-pre-trial-detention\/"},"wordCount":63,"publisher":{"@id":"https:\/\/stirnweiss-brenner.de\/en\/#organization"},"image":{"@id":"https:\/\/stirnweiss-brenner.de\/en\/press\/lawyers-complain-of-failure-to-provide-assistance-in-pre-trial-detention\/#primaryimage"},"thumbnailUrl":"https:\/\/stirnweiss-brenner.de\/wp-content\/uploads\/2022\/04\/stuttgart-g9ab9f1733_1920.jpg","keywords":["Medical criminal law","Siegmund","Stirnweiss"],"articleSection":["Press"],"inLanguage":"en-US"},{"@type":"WebPage","@id":"https:\/\/stirnweiss-brenner.de\/en\/press\/lawyers-complain-of-failure-to-provide-assistance-in-pre-trial-detention\/","url":"https:\/\/stirnweiss-brenner.de\/en\/press\/lawyers-complain-of-failure-to-provide-assistance-in-pre-trial-detention\/","name":"Lawyers Complain of Failure to Provide Assistance in Pre-Trial Detention - Stirnweiss | Brenner Rechtsanw\u00e4lte","isPartOf":{"@id":"https:\/\/stirnweiss-brenner.de\/en\/#website"},"primaryImageOfPage":{"@id":"https:\/\/stirnweiss-brenner.de\/en\/press\/lawyers-complain-of-failure-to-provide-assistance-in-pre-trial-detention\/#primaryimage"},"image":{"@id":"https:\/\/stirnweiss-brenner.de\/en\/press\/lawyers-complain-of-failure-to-provide-assistance-in-pre-trial-detention\/#primaryimage"},"thumbnailUrl":"https:\/\/stirnweiss-brenner.de\/wp-content\/uploads\/2022\/04\/stuttgart-g9ab9f1733_1920.jpg","datePublished":"2022-02-22T18:40:00+00:00","dateModified":"2026-04-22T08:07:36+00:00","description":"STIRNWEISS. SIGMUND. An accused patient caretaker has been held in pre-trial detention at Stammheim for 32 months. He complains of not having received medical care for months and is represented by criminal defense attorneys Martin Stirnwei\u00df and Matthias Sigmund. The Stuttgarter Zeitung reported on the matter here and in the print edition of the following day.","breadcrumb":{"@id":"https:\/\/stirnweiss-brenner.de\/en\/press\/lawyers-complain-of-failure-to-provide-assistance-in-pre-trial-detention\/#breadcrumb"},"inLanguage":"en-US","potentialAction":[{"@type":"ReadAction","target":["https:\/\/stirnweiss-brenner.de\/en\/press\/lawyers-complain-of-failure-to-provide-assistance-in-pre-trial-detention\/"]}]},{"@type":"ImageObject","inLanguage":"en-US","@id":"https:\/\/stirnweiss-brenner.de\/en\/press\/lawyers-complain-of-failure-to-provide-assistance-in-pre-trial-detention\/#primaryimage","url":"https:\/\/stirnweiss-brenner.de\/wp-content\/uploads\/2022\/04\/stuttgart-g9ab9f1733_1920.jpg","contentUrl":"https:\/\/stirnweiss-brenner.de\/wp-content\/uploads\/2022\/04\/stuttgart-g9ab9f1733_1920.jpg","width":1272,"height":1920},{"@type":"BreadcrumbList","@id":"https:\/\/stirnweiss-brenner.de\/en\/press\/lawyers-complain-of-failure-to-provide-assistance-in-pre-trial-detention\/#breadcrumb","itemListElement":[{"@type":"ListItem","position":1,"name":"Home","item":"https:\/\/stirnweiss-brenner.de\/en\/"},{"@type":"ListItem","position":2,"name":"Lawyers Complain of Failure to Provide Assistance in Pre-Trial Detention"}]},{"@type":"WebSite","@id":"https:\/\/stirnweiss-brenner.de\/en\/#website","url":"https:\/\/stirnweiss-brenner.de\/en\/","name":"Stirnweiss | Brenner Rechtsanw\u00e4lte f\u00fcr Strafrecht in Stuttgart & Konstanz","description":"Kompetente, rasche Hilfe in Stuttgart bei Stirnweiss | Brenner Rechtsanw\u00e4lte. Unsere Kanzlei bietet Ihnen Strafverteidigung in allen Facetten.","publisher":{"@id":"https:\/\/stirnweiss-brenner.de\/en\/#organization"},"alternateName":"Stirnweiss | Brenner Rechtsanw\u00e4lte","potentialAction":[{"@type":"SearchAction","target":{"@type":"EntryPoint","urlTemplate":"https:\/\/stirnweiss-brenner.de\/en\/?s={search_term_string}"},"query-input":{"@type":"PropertyValueSpecification","valueRequired":true,"valueName":"search_term_string"}}],"inLanguage":"en-US"},{"@type":"Organization","@id":"https:\/\/stirnweiss-brenner.de\/en\/#organization","name":"Stirnweiss Brenner Rechtsanw\u00e4lte | Kanzlei f\u00fcr Strafrecht Stuttgart, Strafverteidiger & Fachanw\u00e4lte","alternateName":"Stirnweiss Brenner Rechtsanw\u00e4lte","url":"https:\/\/stirnweiss-brenner.de\/en\/","logo":{"@type":"ImageObject","inLanguage":"en-US","@id":"https:\/\/stirnweiss-brenner.de\/en\/#\/schema\/logo\/image\/","url":"https:\/\/stirnweiss-brenner.de\/wp-content\/uploads\/2023\/03\/SB_logo_l.png","contentUrl":"https:\/\/stirnweiss-brenner.de\/wp-content\/uploads\/2023\/03\/SB_logo_l.png","width":1436,"height":217,"caption":"Stirnweiss Brenner Rechtsanw\u00e4lte | Kanzlei f\u00fcr Strafrecht Stuttgart, Strafverteidiger & Fachanw\u00e4lte"},"image":{"@id":"https:\/\/stirnweiss-brenner.de\/en\/#\/schema\/logo\/image\/"},"sameAs":["https:\/\/www.facebook.com\/StirnweissBrennerRechtsanwaelte\/","https:\/\/www.linkedin.com\/company\/stirnweiss-brenner-rechtsanwaelte\/"]},{"@type":"Person","@id":"https:\/\/stirnweiss-brenner.de\/en\/#\/schema\/person\/68bb9c2235cc0dd5687fa2e5922b771c","name":"Paul F. Fallscheer-Schlegel","image":{"@type":"ImageObject","inLanguage":"en-US","@id":"https:\/\/secure.gravatar.com\/avatar\/0c8e9049ed78211a3dddeef806aafaab5796208657fa14e0c8504c3ecef24242?s=96&d=mm&r=g","url":"https:\/\/secure.gravatar.com\/avatar\/0c8e9049ed78211a3dddeef806aafaab5796208657fa14e0c8504c3ecef24242?s=96&d=mm&r=g","contentUrl":"https:\/\/secure.gravatar.com\/avatar\/0c8e9049ed78211a3dddeef806aafaab5796208657fa14e0c8504c3ecef24242?s=96&d=mm&r=g","caption":"Paul F. Fallscheer-Schlegel"},"sameAs":["https:\/\/laterna.tech"]}]}},"_links":{"self":[{"href":"https:\/\/stirnweiss-brenner.de\/en\/wp-json\/wp\/v2\/posts\/12047","targetHints":{"allow":["GET"]}}],"collection":[{"href":"https:\/\/stirnweiss-brenner.de\/en\/wp-json\/wp\/v2\/posts"}],"about":[{"href":"https:\/\/stirnweiss-brenner.de\/en\/wp-json\/wp\/v2\/types\/post"}],"author":[{"embeddable":true,"href":"https:\/\/stirnweiss-brenner.de\/en\/wp-json\/wp\/v2\/users\/7"}],"replies":[{"embeddable":true,"href":"https:\/\/stirnweiss-brenner.de\/en\/wp-json\/wp\/v2\/comments?post=12047"}],"version-history":[{"count":1,"href":"https:\/\/stirnweiss-brenner.de\/en\/wp-json\/wp\/v2\/posts\/12047\/revisions"}],"predecessor-version":[{"id":12049,"href":"https:\/\/stirnweiss-brenner.de\/en\/wp-json\/wp\/v2\/posts\/12047\/revisions\/12049"}],"wp:featuredmedia":[{"embeddable":true,"href":"https:\/\/stirnweiss-brenner.de\/en\/wp-json\/wp\/v2\/media\/12048"}],"wp:attachment":[{"href":"https:\/\/stirnweiss-brenner.de\/en\/wp-json\/wp\/v2\/media?parent=12047"}],"wp:term":[{"taxonomy":"category","embeddable":true,"href":"https:\/\/stirnweiss-brenner.de\/en\/wp-json\/wp\/v2\/categories?post=12047"},{"taxonomy":"post_tag","embeddable":true,"href":"https:\/\/stirnweiss-brenner.de\/en\/wp-json\/wp\/v2\/tags?post=12047"}],"curies":[{"name":"wp","href":"https:\/\/api.w.org\/{rel}","templated":true}]}}