{"id":12020,"date":"2023-01-30T22:00:19","date_gmt":"2023-01-30T21:00:19","guid":{"rendered":"https:\/\/stirnweiss-brenner.de\/peculiar-decorative-frog-theft-occupies-appeals-chamber\/"},"modified":"2026-04-22T10:07:34","modified_gmt":"2026-04-22T08:07:34","slug":"peculiar-decorative-frog-theft-occupies-appeals-chamber","status":"publish","type":"post","link":"https:\/\/stirnweiss-brenner.de\/en\/press\/peculiar-decorative-frog-theft-occupies-appeals-chamber\/","title":{"rendered":"Peculiar &#8220;Decorative Frog Theft&#8221; Occupies Appeals Chamber"},"content":{"rendered":"\n<p>A 43-year-old man hopes for the revocation or at least reduction of a lengthy prison sentence before the Appeals Chamber of the Rottweil Regional Court. Defense lawyer Nadja M\u00fcller deplores egregious investigative errors by the police. The report by the <em>Schw\u00e4bische<\/em> can be read <a href=\"https:\/\/www.schwaebische.de\/regional\/region-tuttlingen\/rottweil\/hat-er-die-deko-froesche-geklaut-oder-nicht-1329568\" data-type=\"URL\" data-id=\"https:\/\/www.schwaebische.de\/regional\/region-tuttlingen\/rottweil\/hat-er-die-deko-froesche-geklaut-oder-nicht-1329568\">here<\/a>.  <\/p>\n","protected":false},"excerpt":{"rendered":"<p>A 43-year-old man hopes for the revocation or at least reduction of a lengthy prison sentence before the Appeals Chamber of the Rottweil Regional Court. Defense lawyer Nadja M\u00fcller deplores egregious investigative errors by the police. The report by the Schw\u00e4bische can be read here.<\/p>\n","protected":false},"author":7,"featured_media":12021,"comment_status":"closed","ping_status":"closed","sticky":false,"template":"","format":"standard","meta":{"footnotes":""},"categories":[71],"tags":[98,81],"class_list":["post-12020","post","type-post","status-publish","format-standard","has-post-thumbnail","hentry","category-press","tag-press-general","tag-theft"],"yoast_head":"<!-- This site is optimized with the Yoast SEO plugin v27.4 - https:\/\/yoast.com\/product\/yoast-seo-wordpress\/ -->\n<title>Peculiar &quot;Decorative Frog Theft&quot; Occupies Appeals Chamber - Stirnweiss | Brenner Rechtsanw\u00e4lte<\/title>\n<meta name=\"description\" content=\"M\u00dcLLER. A 43-year-old man hopes for the revocation or at least reduction of a lengthy prison sentence before the Appeals Chamber of the Rottweil Regional Court. Defense lawyer Nadja M\u00fcller deplores egregious investigative errors by the police. The report by the Schw\u00e4bische can be read here.\" \/>\n<meta name=\"robots\" content=\"index, follow, max-snippet:-1, max-image-preview:large, max-video-preview:-1\" \/>\n<link rel=\"canonical\" href=\"https:\/\/stirnweiss-brenner.de\/en\/press\/peculiar-decorative-frog-theft-occupies-appeals-chamber\/\" \/>\n<meta property=\"og:locale\" content=\"en_US\" \/>\n<meta property=\"og:type\" content=\"article\" \/>\n<meta property=\"og:title\" content=\"Peculiar &quot;Decorative Frog Theft&quot; Occupies Appeals Chamber - Stirnweiss | Brenner Rechtsanw\u00e4lte\" \/>\n<meta property=\"og:description\" content=\"M\u00dcLLER. A 43-year-old man hopes for the revocation or at least reduction of a lengthy prison sentence before the Appeals Chamber of the Rottweil Regional Court. Defense lawyer Nadja M\u00fcller deplores egregious investigative errors by the police. The report by the Schw\u00e4bische can be read here.\" \/>\n<meta property=\"og:url\" content=\"https:\/\/stirnweiss-brenner.de\/en\/press\/peculiar-decorative-frog-theft-occupies-appeals-chamber\/\" \/>\n<meta property=\"og:site_name\" content=\"Stirnweiss | Brenner Rechtsanw\u00e4lte\" \/>\n<meta property=\"article:publisher\" content=\"https:\/\/www.facebook.com\/StirnweissBrennerRechtsanwaelte\/\" \/>\n<meta property=\"article:published_time\" content=\"2023-01-30T21:00:19+00:00\" \/>\n<meta property=\"article:modified_time\" content=\"2026-04-22T08:07:34+00:00\" \/>\n<meta property=\"og:image\" content=\"https:\/\/stirnweiss-brenner.de\/wp-content\/uploads\/2023\/01\/frog-g88554435a_1920.jpg\" \/>\n\t<meta property=\"og:image:width\" content=\"1920\" \/>\n\t<meta property=\"og:image:height\" content=\"1175\" \/>\n\t<meta property=\"og:image:type\" content=\"image\/jpeg\" \/>\n<meta name=\"author\" content=\"Paul F. Fallscheer-Schlegel\" \/>\n<meta name=\"twitter:card\" content=\"summary_large_image\" \/>\n<meta name=\"twitter:label1\" content=\"Written by\" \/>\n\t<meta name=\"twitter:data1\" content=\"Paul F. Fallscheer-Schlegel\" \/>\n<script type=\"application\/ld+json\" class=\"yoast-schema-graph\">{\"@context\":\"https:\\\/\\\/schema.org\",\"@graph\":[{\"@type\":\"Article\",\"@id\":\"https:\\\/\\\/stirnweiss-brenner.de\\\/en\\\/press\\\/peculiar-decorative-frog-theft-occupies-appeals-chamber\\\/#article\",\"isPartOf\":{\"@id\":\"https:\\\/\\\/stirnweiss-brenner.de\\\/en\\\/press\\\/peculiar-decorative-frog-theft-occupies-appeals-chamber\\\/\"},\"author\":{\"name\":\"Paul F. Fallscheer-Schlegel\",\"@id\":\"https:\\\/\\\/stirnweiss-brenner.de\\\/en\\\/#\\\/schema\\\/person\\\/68bb9c2235cc0dd5687fa2e5922b771c\"},\"headline\":\"Peculiar &#8220;Decorative Frog Theft&#8221; Occupies Appeals Chamber\",\"datePublished\":\"2023-01-30T21:00:19+00:00\",\"dateModified\":\"2026-04-22T08:07:34+00:00\",\"mainEntityOfPage\":{\"@id\":\"https:\\\/\\\/stirnweiss-brenner.de\\\/en\\\/press\\\/peculiar-decorative-frog-theft-occupies-appeals-chamber\\\/\"},\"wordCount\":54,\"publisher\":{\"@id\":\"https:\\\/\\\/stirnweiss-brenner.de\\\/en\\\/#organization\"},\"image\":{\"@id\":\"https:\\\/\\\/stirnweiss-brenner.de\\\/en\\\/press\\\/peculiar-decorative-frog-theft-occupies-appeals-chamber\\\/#primaryimage\"},\"thumbnailUrl\":\"https:\\\/\\\/stirnweiss-brenner.de\\\/wp-content\\\/uploads\\\/2023\\\/01\\\/frog-g88554435a_1920.jpg\",\"keywords\":[\"Press - General\",\"Theft\"],\"articleSection\":[\"Press\"],\"inLanguage\":\"en-US\"},{\"@type\":\"WebPage\",\"@id\":\"https:\\\/\\\/stirnweiss-brenner.de\\\/en\\\/press\\\/peculiar-decorative-frog-theft-occupies-appeals-chamber\\\/\",\"url\":\"https:\\\/\\\/stirnweiss-brenner.de\\\/en\\\/press\\\/peculiar-decorative-frog-theft-occupies-appeals-chamber\\\/\",\"name\":\"Peculiar \\\"Decorative Frog Theft\\\" Occupies Appeals Chamber - Stirnweiss | Brenner Rechtsanw\u00e4lte\",\"isPartOf\":{\"@id\":\"https:\\\/\\\/stirnweiss-brenner.de\\\/en\\\/#website\"},\"primaryImageOfPage\":{\"@id\":\"https:\\\/\\\/stirnweiss-brenner.de\\\/en\\\/press\\\/peculiar-decorative-frog-theft-occupies-appeals-chamber\\\/#primaryimage\"},\"image\":{\"@id\":\"https:\\\/\\\/stirnweiss-brenner.de\\\/en\\\/press\\\/peculiar-decorative-frog-theft-occupies-appeals-chamber\\\/#primaryimage\"},\"thumbnailUrl\":\"https:\\\/\\\/stirnweiss-brenner.de\\\/wp-content\\\/uploads\\\/2023\\\/01\\\/frog-g88554435a_1920.jpg\",\"datePublished\":\"2023-01-30T21:00:19+00:00\",\"dateModified\":\"2026-04-22T08:07:34+00:00\",\"description\":\"M\u00dcLLER. A 43-year-old man hopes for the revocation or at least reduction of a lengthy prison sentence before the Appeals Chamber of the Rottweil Regional Court. Defense lawyer Nadja M\u00fcller deplores egregious investigative errors by the police. The report by the Schw\u00e4bische can be read here.\",\"breadcrumb\":{\"@id\":\"https:\\\/\\\/stirnweiss-brenner.de\\\/en\\\/press\\\/peculiar-decorative-frog-theft-occupies-appeals-chamber\\\/#breadcrumb\"},\"inLanguage\":\"en-US\",\"potentialAction\":[{\"@type\":\"ReadAction\",\"target\":[\"https:\\\/\\\/stirnweiss-brenner.de\\\/en\\\/press\\\/peculiar-decorative-frog-theft-occupies-appeals-chamber\\\/\"]}]},{\"@type\":\"ImageObject\",\"inLanguage\":\"en-US\",\"@id\":\"https:\\\/\\\/stirnweiss-brenner.de\\\/en\\\/press\\\/peculiar-decorative-frog-theft-occupies-appeals-chamber\\\/#primaryimage\",\"url\":\"https:\\\/\\\/stirnweiss-brenner.de\\\/wp-content\\\/uploads\\\/2023\\\/01\\\/frog-g88554435a_1920.jpg\",\"contentUrl\":\"https:\\\/\\\/stirnweiss-brenner.de\\\/wp-content\\\/uploads\\\/2023\\\/01\\\/frog-g88554435a_1920.jpg\",\"width\":1920,\"height\":1175},{\"@type\":\"BreadcrumbList\",\"@id\":\"https:\\\/\\\/stirnweiss-brenner.de\\\/en\\\/press\\\/peculiar-decorative-frog-theft-occupies-appeals-chamber\\\/#breadcrumb\",\"itemListElement\":[{\"@type\":\"ListItem\",\"position\":1,\"name\":\"Home\",\"item\":\"https:\\\/\\\/stirnweiss-brenner.de\\\/en\\\/\"},{\"@type\":\"ListItem\",\"position\":2,\"name\":\"Peculiar &#8222;Decorative Frog Theft&#8220; Occupies Appeals Chamber\"}]},{\"@type\":\"WebSite\",\"@id\":\"https:\\\/\\\/stirnweiss-brenner.de\\\/en\\\/#website\",\"url\":\"https:\\\/\\\/stirnweiss-brenner.de\\\/en\\\/\",\"name\":\"Stirnweiss | Brenner Rechtsanw\u00e4lte f\u00fcr Strafrecht in Stuttgart & Konstanz\",\"description\":\"Kompetente, rasche Hilfe in Stuttgart bei Stirnweiss | Brenner Rechtsanw\u00e4lte. Unsere Kanzlei bietet Ihnen Strafverteidigung in allen Facetten.\",\"publisher\":{\"@id\":\"https:\\\/\\\/stirnweiss-brenner.de\\\/en\\\/#organization\"},\"alternateName\":\"Stirnweiss | Brenner Rechtsanw\u00e4lte\",\"potentialAction\":[{\"@type\":\"SearchAction\",\"target\":{\"@type\":\"EntryPoint\",\"urlTemplate\":\"https:\\\/\\\/stirnweiss-brenner.de\\\/en\\\/?s={search_term_string}\"},\"query-input\":{\"@type\":\"PropertyValueSpecification\",\"valueRequired\":true,\"valueName\":\"search_term_string\"}}],\"inLanguage\":\"en-US\"},{\"@type\":\"Organization\",\"@id\":\"https:\\\/\\\/stirnweiss-brenner.de\\\/en\\\/#organization\",\"name\":\"Stirnweiss Brenner Rechtsanw\u00e4lte | Kanzlei f\u00fcr Strafrecht Stuttgart, Strafverteidiger & Fachanw\u00e4lte\",\"alternateName\":\"Stirnweiss Brenner Rechtsanw\u00e4lte\",\"url\":\"https:\\\/\\\/stirnweiss-brenner.de\\\/en\\\/\",\"logo\":{\"@type\":\"ImageObject\",\"inLanguage\":\"en-US\",\"@id\":\"https:\\\/\\\/stirnweiss-brenner.de\\\/en\\\/#\\\/schema\\\/logo\\\/image\\\/\",\"url\":\"https:\\\/\\\/stirnweiss-brenner.de\\\/wp-content\\\/uploads\\\/2023\\\/03\\\/SB_logo_l.png\",\"contentUrl\":\"https:\\\/\\\/stirnweiss-brenner.de\\\/wp-content\\\/uploads\\\/2023\\\/03\\\/SB_logo_l.png\",\"width\":1436,\"height\":217,\"caption\":\"Stirnweiss Brenner Rechtsanw\u00e4lte | Kanzlei f\u00fcr Strafrecht Stuttgart, Strafverteidiger & Fachanw\u00e4lte\"},\"image\":{\"@id\":\"https:\\\/\\\/stirnweiss-brenner.de\\\/en\\\/#\\\/schema\\\/logo\\\/image\\\/\"},\"sameAs\":[\"https:\\\/\\\/www.facebook.com\\\/StirnweissBrennerRechtsanwaelte\\\/\",\"https:\\\/\\\/www.linkedin.com\\\/company\\\/stirnweiss-brenner-rechtsanwaelte\\\/\"]},{\"@type\":\"Person\",\"@id\":\"https:\\\/\\\/stirnweiss-brenner.de\\\/en\\\/#\\\/schema\\\/person\\\/68bb9c2235cc0dd5687fa2e5922b771c\",\"name\":\"Paul F. Fallscheer-Schlegel\",\"image\":{\"@type\":\"ImageObject\",\"inLanguage\":\"en-US\",\"@id\":\"https:\\\/\\\/secure.gravatar.com\\\/avatar\\\/0c8e9049ed78211a3dddeef806aafaab5796208657fa14e0c8504c3ecef24242?s=96&d=mm&r=g\",\"url\":\"https:\\\/\\\/secure.gravatar.com\\\/avatar\\\/0c8e9049ed78211a3dddeef806aafaab5796208657fa14e0c8504c3ecef24242?s=96&d=mm&r=g\",\"contentUrl\":\"https:\\\/\\\/secure.gravatar.com\\\/avatar\\\/0c8e9049ed78211a3dddeef806aafaab5796208657fa14e0c8504c3ecef24242?s=96&d=mm&r=g\",\"caption\":\"Paul F. Fallscheer-Schlegel\"},\"sameAs\":[\"https:\\\/\\\/laterna.tech\"]}]}<\/script>\n<!-- \/ Yoast SEO plugin. -->","yoast_head_json":{"title":"Peculiar \"Decorative Frog Theft\" Occupies Appeals Chamber - Stirnweiss | Brenner Rechtsanw\u00e4lte","description":"M\u00dcLLER. A 43-year-old man hopes for the revocation or at least reduction of a lengthy prison sentence before the Appeals Chamber of the Rottweil Regional Court. Defense lawyer Nadja M\u00fcller deplores egregious investigative errors by the police. The report by the Schw\u00e4bische can be read here.","robots":{"index":"index","follow":"follow","max-snippet":"max-snippet:-1","max-image-preview":"max-image-preview:large","max-video-preview":"max-video-preview:-1"},"canonical":"https:\/\/stirnweiss-brenner.de\/en\/press\/peculiar-decorative-frog-theft-occupies-appeals-chamber\/","og_locale":"en_US","og_type":"article","og_title":"Peculiar \"Decorative Frog Theft\" Occupies Appeals Chamber - Stirnweiss | Brenner Rechtsanw\u00e4lte","og_description":"M\u00dcLLER. A 43-year-old man hopes for the revocation or at least reduction of a lengthy prison sentence before the Appeals Chamber of the Rottweil Regional Court. Defense lawyer Nadja M\u00fcller deplores egregious investigative errors by the police. The report by the Schw\u00e4bische can be read here.","og_url":"https:\/\/stirnweiss-brenner.de\/en\/press\/peculiar-decorative-frog-theft-occupies-appeals-chamber\/","og_site_name":"Stirnweiss | Brenner Rechtsanw\u00e4lte","article_publisher":"https:\/\/www.facebook.com\/StirnweissBrennerRechtsanwaelte\/","article_published_time":"2023-01-30T21:00:19+00:00","article_modified_time":"2026-04-22T08:07:34+00:00","og_image":[{"width":1920,"height":1175,"url":"https:\/\/stirnweiss-brenner.de\/wp-content\/uploads\/2023\/01\/frog-g88554435a_1920.jpg","type":"image\/jpeg"}],"author":"Paul F. Fallscheer-Schlegel","twitter_card":"summary_large_image","twitter_misc":{"Written by":"Paul F. Fallscheer-Schlegel"},"schema":{"@context":"https:\/\/schema.org","@graph":[{"@type":"Article","@id":"https:\/\/stirnweiss-brenner.de\/en\/press\/peculiar-decorative-frog-theft-occupies-appeals-chamber\/#article","isPartOf":{"@id":"https:\/\/stirnweiss-brenner.de\/en\/press\/peculiar-decorative-frog-theft-occupies-appeals-chamber\/"},"author":{"name":"Paul F. Fallscheer-Schlegel","@id":"https:\/\/stirnweiss-brenner.de\/en\/#\/schema\/person\/68bb9c2235cc0dd5687fa2e5922b771c"},"headline":"Peculiar &#8220;Decorative Frog Theft&#8221; Occupies Appeals Chamber","datePublished":"2023-01-30T21:00:19+00:00","dateModified":"2026-04-22T08:07:34+00:00","mainEntityOfPage":{"@id":"https:\/\/stirnweiss-brenner.de\/en\/press\/peculiar-decorative-frog-theft-occupies-appeals-chamber\/"},"wordCount":54,"publisher":{"@id":"https:\/\/stirnweiss-brenner.de\/en\/#organization"},"image":{"@id":"https:\/\/stirnweiss-brenner.de\/en\/press\/peculiar-decorative-frog-theft-occupies-appeals-chamber\/#primaryimage"},"thumbnailUrl":"https:\/\/stirnweiss-brenner.de\/wp-content\/uploads\/2023\/01\/frog-g88554435a_1920.jpg","keywords":["Press - General","Theft"],"articleSection":["Press"],"inLanguage":"en-US"},{"@type":"WebPage","@id":"https:\/\/stirnweiss-brenner.de\/en\/press\/peculiar-decorative-frog-theft-occupies-appeals-chamber\/","url":"https:\/\/stirnweiss-brenner.de\/en\/press\/peculiar-decorative-frog-theft-occupies-appeals-chamber\/","name":"Peculiar \"Decorative Frog Theft\" Occupies Appeals Chamber - Stirnweiss | Brenner Rechtsanw\u00e4lte","isPartOf":{"@id":"https:\/\/stirnweiss-brenner.de\/en\/#website"},"primaryImageOfPage":{"@id":"https:\/\/stirnweiss-brenner.de\/en\/press\/peculiar-decorative-frog-theft-occupies-appeals-chamber\/#primaryimage"},"image":{"@id":"https:\/\/stirnweiss-brenner.de\/en\/press\/peculiar-decorative-frog-theft-occupies-appeals-chamber\/#primaryimage"},"thumbnailUrl":"https:\/\/stirnweiss-brenner.de\/wp-content\/uploads\/2023\/01\/frog-g88554435a_1920.jpg","datePublished":"2023-01-30T21:00:19+00:00","dateModified":"2026-04-22T08:07:34+00:00","description":"M\u00dcLLER. A 43-year-old man hopes for the revocation or at least reduction of a lengthy prison sentence before the Appeals Chamber of the Rottweil Regional Court. Defense lawyer Nadja M\u00fcller deplores egregious investigative errors by the police. The report by the Schw\u00e4bische can be read here.","breadcrumb":{"@id":"https:\/\/stirnweiss-brenner.de\/en\/press\/peculiar-decorative-frog-theft-occupies-appeals-chamber\/#breadcrumb"},"inLanguage":"en-US","potentialAction":[{"@type":"ReadAction","target":["https:\/\/stirnweiss-brenner.de\/en\/press\/peculiar-decorative-frog-theft-occupies-appeals-chamber\/"]}]},{"@type":"ImageObject","inLanguage":"en-US","@id":"https:\/\/stirnweiss-brenner.de\/en\/press\/peculiar-decorative-frog-theft-occupies-appeals-chamber\/#primaryimage","url":"https:\/\/stirnweiss-brenner.de\/wp-content\/uploads\/2023\/01\/frog-g88554435a_1920.jpg","contentUrl":"https:\/\/stirnweiss-brenner.de\/wp-content\/uploads\/2023\/01\/frog-g88554435a_1920.jpg","width":1920,"height":1175},{"@type":"BreadcrumbList","@id":"https:\/\/stirnweiss-brenner.de\/en\/press\/peculiar-decorative-frog-theft-occupies-appeals-chamber\/#breadcrumb","itemListElement":[{"@type":"ListItem","position":1,"name":"Home","item":"https:\/\/stirnweiss-brenner.de\/en\/"},{"@type":"ListItem","position":2,"name":"Peculiar &#8222;Decorative Frog Theft&#8220; Occupies Appeals Chamber"}]},{"@type":"WebSite","@id":"https:\/\/stirnweiss-brenner.de\/en\/#website","url":"https:\/\/stirnweiss-brenner.de\/en\/","name":"Stirnweiss | Brenner Rechtsanw\u00e4lte f\u00fcr Strafrecht in Stuttgart & Konstanz","description":"Kompetente, rasche Hilfe in Stuttgart bei Stirnweiss | Brenner Rechtsanw\u00e4lte. Unsere Kanzlei bietet Ihnen Strafverteidigung in allen Facetten.","publisher":{"@id":"https:\/\/stirnweiss-brenner.de\/en\/#organization"},"alternateName":"Stirnweiss | Brenner Rechtsanw\u00e4lte","potentialAction":[{"@type":"SearchAction","target":{"@type":"EntryPoint","urlTemplate":"https:\/\/stirnweiss-brenner.de\/en\/?s={search_term_string}"},"query-input":{"@type":"PropertyValueSpecification","valueRequired":true,"valueName":"search_term_string"}}],"inLanguage":"en-US"},{"@type":"Organization","@id":"https:\/\/stirnweiss-brenner.de\/en\/#organization","name":"Stirnweiss Brenner Rechtsanw\u00e4lte | Kanzlei f\u00fcr Strafrecht Stuttgart, Strafverteidiger & Fachanw\u00e4lte","alternateName":"Stirnweiss Brenner Rechtsanw\u00e4lte","url":"https:\/\/stirnweiss-brenner.de\/en\/","logo":{"@type":"ImageObject","inLanguage":"en-US","@id":"https:\/\/stirnweiss-brenner.de\/en\/#\/schema\/logo\/image\/","url":"https:\/\/stirnweiss-brenner.de\/wp-content\/uploads\/2023\/03\/SB_logo_l.png","contentUrl":"https:\/\/stirnweiss-brenner.de\/wp-content\/uploads\/2023\/03\/SB_logo_l.png","width":1436,"height":217,"caption":"Stirnweiss Brenner Rechtsanw\u00e4lte | Kanzlei f\u00fcr Strafrecht Stuttgart, Strafverteidiger & Fachanw\u00e4lte"},"image":{"@id":"https:\/\/stirnweiss-brenner.de\/en\/#\/schema\/logo\/image\/"},"sameAs":["https:\/\/www.facebook.com\/StirnweissBrennerRechtsanwaelte\/","https:\/\/www.linkedin.com\/company\/stirnweiss-brenner-rechtsanwaelte\/"]},{"@type":"Person","@id":"https:\/\/stirnweiss-brenner.de\/en\/#\/schema\/person\/68bb9c2235cc0dd5687fa2e5922b771c","name":"Paul F. Fallscheer-Schlegel","image":{"@type":"ImageObject","inLanguage":"en-US","@id":"https:\/\/secure.gravatar.com\/avatar\/0c8e9049ed78211a3dddeef806aafaab5796208657fa14e0c8504c3ecef24242?s=96&d=mm&r=g","url":"https:\/\/secure.gravatar.com\/avatar\/0c8e9049ed78211a3dddeef806aafaab5796208657fa14e0c8504c3ecef24242?s=96&d=mm&r=g","contentUrl":"https:\/\/secure.gravatar.com\/avatar\/0c8e9049ed78211a3dddeef806aafaab5796208657fa14e0c8504c3ecef24242?s=96&d=mm&r=g","caption":"Paul F. Fallscheer-Schlegel"},"sameAs":["https:\/\/laterna.tech"]}]}},"_links":{"self":[{"href":"https:\/\/stirnweiss-brenner.de\/en\/wp-json\/wp\/v2\/posts\/12020","targetHints":{"allow":["GET"]}}],"collection":[{"href":"https:\/\/stirnweiss-brenner.de\/en\/wp-json\/wp\/v2\/posts"}],"about":[{"href":"https:\/\/stirnweiss-brenner.de\/en\/wp-json\/wp\/v2\/types\/post"}],"author":[{"embeddable":true,"href":"https:\/\/stirnweiss-brenner.de\/en\/wp-json\/wp\/v2\/users\/7"}],"replies":[{"embeddable":true,"href":"https:\/\/stirnweiss-brenner.de\/en\/wp-json\/wp\/v2\/comments?post=12020"}],"version-history":[{"count":1,"href":"https:\/\/stirnweiss-brenner.de\/en\/wp-json\/wp\/v2\/posts\/12020\/revisions"}],"predecessor-version":[{"id":12022,"href":"https:\/\/stirnweiss-brenner.de\/en\/wp-json\/wp\/v2\/posts\/12020\/revisions\/12022"}],"wp:featuredmedia":[{"embeddable":true,"href":"https:\/\/stirnweiss-brenner.de\/en\/wp-json\/wp\/v2\/media\/12021"}],"wp:attachment":[{"href":"https:\/\/stirnweiss-brenner.de\/en\/wp-json\/wp\/v2\/media?parent=12020"}],"wp:term":[{"taxonomy":"category","embeddable":true,"href":"https:\/\/stirnweiss-brenner.de\/en\/wp-json\/wp\/v2\/categories?post=12020"},{"taxonomy":"post_tag","embeddable":true,"href":"https:\/\/stirnweiss-brenner.de\/en\/wp-json\/wp\/v2\/tags?post=12020"}],"curies":[{"name":"wp","href":"https:\/\/api.w.org\/{rel}","templated":true}]}}