{"id":11978,"date":"2023-12-15T18:00:00","date_gmt":"2023-12-15T17:00:00","guid":{"rendered":"https:\/\/stirnweiss-brenner.de\/start-of-the-second-trial-regarding-the-hand-grenade-attack-in-altbach\/"},"modified":"2026-04-22T10:07:33","modified_gmt":"2026-04-22T08:07:33","slug":"start-of-the-second-trial-regarding-the-hand-grenade-attack-in-altbach","status":"publish","type":"post","link":"https:\/\/stirnweiss-brenner.de\/en\/press\/start-of-the-second-trial-regarding-the-hand-grenade-attack-in-altbach\/","title":{"rendered":"Start of the second trial regarding the hand grenade attack in Altbach"},"content":{"rendered":"\n<p>The second trial regarding the hand grenade attack in Altbach (Esslingen district) concerns an alleged act of revenge. The defendants are accused of attacking and seriously injuring the perpetrator.  <a href=\"https:\/\/www.swr.de\/swraktuell\/baden-wuerttemberg\/prozess-handgranate-100.html\" target=\"_blank\" rel=\"noreferrer noopener\">SWR reports. <\/a><\/p>\n\n<p><\/p>\n","protected":false},"excerpt":{"rendered":"<p>The second trial regarding the hand grenade attack in Altbach (Esslingen district) concerns an alleged act of revenge. The defendants are accused of attacking and seriously injuring the perpetrator. SWR reports.<\/p>\n","protected":false},"author":7,"featured_media":11979,"comment_status":"open","ping_status":"open","sticky":false,"template":"","format":"standard","meta":{"footnotes":""},"categories":[71],"tags":[72],"class_list":["post-11978","post","type-post","status-publish","format-standard","has-post-thumbnail","hentry","category-press","tag-brenner"],"yoast_head":"<!-- This site is optimized with the Yoast SEO plugin v27.4 - https:\/\/yoast.com\/product\/yoast-seo-wordpress\/ -->\n<title>Start of the second trial regarding the hand grenade attack in Altbach - Stirnweiss | Brenner Rechtsanw\u00e4lte<\/title>\n<meta name=\"description\" content=\"Alles, was Sie \u00fcber Start of the second trial regarding the hand grenade attack in Altbach wissen m\u00fcssen, kompakt erkl\u00e4rt \u27a4 Jetzt lesen!\" \/>\n<meta name=\"robots\" content=\"index, follow, max-snippet:-1, max-image-preview:large, max-video-preview:-1\" \/>\n<link rel=\"canonical\" href=\"https:\/\/stirnweiss-brenner.de\/en\/press\/start-of-the-second-trial-regarding-the-hand-grenade-attack-in-altbach\/\" \/>\n<meta property=\"og:locale\" content=\"en_US\" \/>\n<meta property=\"og:type\" content=\"article\" \/>\n<meta property=\"og:title\" content=\"Start of the second trial regarding the hand grenade attack in Altbach - Stirnweiss | Brenner Rechtsanw\u00e4lte\" \/>\n<meta property=\"og:description\" content=\"Alles, was Sie \u00fcber Start of the second trial regarding the hand grenade attack in Altbach wissen m\u00fcssen, kompakt erkl\u00e4rt \u27a4 Jetzt lesen!\" \/>\n<meta property=\"og:url\" content=\"https:\/\/stirnweiss-brenner.de\/en\/press\/start-of-the-second-trial-regarding-the-hand-grenade-attack-in-altbach\/\" \/>\n<meta property=\"og:site_name\" content=\"Stirnweiss | Brenner Rechtsanw\u00e4lte\" \/>\n<meta property=\"article:publisher\" content=\"https:\/\/www.facebook.com\/StirnweissBrennerRechtsanwaelte\/\" \/>\n<meta property=\"article:published_time\" content=\"2023-12-15T17:00:00+00:00\" \/>\n<meta property=\"article:modified_time\" content=\"2026-04-22T08:07:33+00:00\" \/>\n<meta property=\"og:image\" content=\"https:\/\/stirnweiss-brenner.de\/wp-content\/uploads\/2024\/04\/hand-grenade-6183963_1280.jpg\" \/>\n\t<meta property=\"og:image:width\" content=\"1280\" \/>\n\t<meta property=\"og:image:height\" content=\"850\" \/>\n\t<meta property=\"og:image:type\" content=\"image\/jpeg\" \/>\n<meta name=\"author\" content=\"Paul F. Fallscheer-Schlegel\" \/>\n<meta name=\"twitter:card\" content=\"summary_large_image\" \/>\n<meta name=\"twitter:label1\" content=\"Written by\" \/>\n\t<meta name=\"twitter:data1\" content=\"Paul F. Fallscheer-Schlegel\" \/>\n<script type=\"application\/ld+json\" class=\"yoast-schema-graph\">{\"@context\":\"https:\\\/\\\/schema.org\",\"@graph\":[{\"@type\":\"Article\",\"@id\":\"https:\\\/\\\/stirnweiss-brenner.de\\\/en\\\/press\\\/start-of-the-second-trial-regarding-the-hand-grenade-attack-in-altbach\\\/#article\",\"isPartOf\":{\"@id\":\"https:\\\/\\\/stirnweiss-brenner.de\\\/en\\\/press\\\/start-of-the-second-trial-regarding-the-hand-grenade-attack-in-altbach\\\/\"},\"author\":{\"name\":\"Paul F. Fallscheer-Schlegel\",\"@id\":\"https:\\\/\\\/stirnweiss-brenner.de\\\/en\\\/#\\\/schema\\\/person\\\/68bb9c2235cc0dd5687fa2e5922b771c\"},\"headline\":\"Start of the second trial regarding the hand grenade attack in Altbach\",\"datePublished\":\"2023-12-15T17:00:00+00:00\",\"dateModified\":\"2026-04-22T08:07:33+00:00\",\"mainEntityOfPage\":{\"@id\":\"https:\\\/\\\/stirnweiss-brenner.de\\\/en\\\/press\\\/start-of-the-second-trial-regarding-the-hand-grenade-attack-in-altbach\\\/\"},\"wordCount\":43,\"commentCount\":0,\"publisher\":{\"@id\":\"https:\\\/\\\/stirnweiss-brenner.de\\\/en\\\/#organization\"},\"image\":{\"@id\":\"https:\\\/\\\/stirnweiss-brenner.de\\\/en\\\/press\\\/start-of-the-second-trial-regarding-the-hand-grenade-attack-in-altbach\\\/#primaryimage\"},\"thumbnailUrl\":\"https:\\\/\\\/stirnweiss-brenner.de\\\/wp-content\\\/uploads\\\/2024\\\/04\\\/hand-grenade-6183963_1280.jpg\",\"keywords\":[\"Brenner\"],\"articleSection\":[\"Press\"],\"inLanguage\":\"en-US\",\"potentialAction\":[{\"@type\":\"CommentAction\",\"name\":\"Comment\",\"target\":[\"https:\\\/\\\/stirnweiss-brenner.de\\\/en\\\/press\\\/start-of-the-second-trial-regarding-the-hand-grenade-attack-in-altbach\\\/#respond\"]}]},{\"@type\":\"WebPage\",\"@id\":\"https:\\\/\\\/stirnweiss-brenner.de\\\/en\\\/press\\\/start-of-the-second-trial-regarding-the-hand-grenade-attack-in-altbach\\\/\",\"url\":\"https:\\\/\\\/stirnweiss-brenner.de\\\/en\\\/press\\\/start-of-the-second-trial-regarding-the-hand-grenade-attack-in-altbach\\\/\",\"name\":\"Start of the second trial regarding the hand grenade attack in Altbach - Stirnweiss | Brenner Rechtsanw\u00e4lte\",\"isPartOf\":{\"@id\":\"https:\\\/\\\/stirnweiss-brenner.de\\\/en\\\/#website\"},\"primaryImageOfPage\":{\"@id\":\"https:\\\/\\\/stirnweiss-brenner.de\\\/en\\\/press\\\/start-of-the-second-trial-regarding-the-hand-grenade-attack-in-altbach\\\/#primaryimage\"},\"image\":{\"@id\":\"https:\\\/\\\/stirnweiss-brenner.de\\\/en\\\/press\\\/start-of-the-second-trial-regarding-the-hand-grenade-attack-in-altbach\\\/#primaryimage\"},\"thumbnailUrl\":\"https:\\\/\\\/stirnweiss-brenner.de\\\/wp-content\\\/uploads\\\/2024\\\/04\\\/hand-grenade-6183963_1280.jpg\",\"datePublished\":\"2023-12-15T17:00:00+00:00\",\"dateModified\":\"2026-04-22T08:07:33+00:00\",\"description\":\"Alles, was Sie \u00fcber Start of the second trial regarding the hand grenade attack in Altbach wissen m\u00fcssen, kompakt erkl\u00e4rt \u27a4 Jetzt lesen!\",\"breadcrumb\":{\"@id\":\"https:\\\/\\\/stirnweiss-brenner.de\\\/en\\\/press\\\/start-of-the-second-trial-regarding-the-hand-grenade-attack-in-altbach\\\/#breadcrumb\"},\"inLanguage\":\"en-US\",\"potentialAction\":[{\"@type\":\"ReadAction\",\"target\":[\"https:\\\/\\\/stirnweiss-brenner.de\\\/en\\\/press\\\/start-of-the-second-trial-regarding-the-hand-grenade-attack-in-altbach\\\/\"]}]},{\"@type\":\"ImageObject\",\"inLanguage\":\"en-US\",\"@id\":\"https:\\\/\\\/stirnweiss-brenner.de\\\/en\\\/press\\\/start-of-the-second-trial-regarding-the-hand-grenade-attack-in-altbach\\\/#primaryimage\",\"url\":\"https:\\\/\\\/stirnweiss-brenner.de\\\/wp-content\\\/uploads\\\/2024\\\/04\\\/hand-grenade-6183963_1280.jpg\",\"contentUrl\":\"https:\\\/\\\/stirnweiss-brenner.de\\\/wp-content\\\/uploads\\\/2024\\\/04\\\/hand-grenade-6183963_1280.jpg\",\"width\":1280,\"height\":850,\"caption\":\"Start of the second trial regarding the hand grenade attack in Altbach\"},{\"@type\":\"BreadcrumbList\",\"@id\":\"https:\\\/\\\/stirnweiss-brenner.de\\\/en\\\/press\\\/start-of-the-second-trial-regarding-the-hand-grenade-attack-in-altbach\\\/#breadcrumb\",\"itemListElement\":[{\"@type\":\"ListItem\",\"position\":1,\"name\":\"Home\",\"item\":\"https:\\\/\\\/stirnweiss-brenner.de\\\/en\\\/\"},{\"@type\":\"ListItem\",\"position\":2,\"name\":\"Start of the second trial regarding the hand grenade attack in Altbach\"}]},{\"@type\":\"WebSite\",\"@id\":\"https:\\\/\\\/stirnweiss-brenner.de\\\/en\\\/#website\",\"url\":\"https:\\\/\\\/stirnweiss-brenner.de\\\/en\\\/\",\"name\":\"Stirnweiss | Brenner Rechtsanw\u00e4lte f\u00fcr Strafrecht in Stuttgart & Konstanz\",\"description\":\"Kompetente, rasche Hilfe in Stuttgart bei Stirnweiss | Brenner Rechtsanw\u00e4lte. Unsere Kanzlei bietet Ihnen Strafverteidigung in allen Facetten.\",\"publisher\":{\"@id\":\"https:\\\/\\\/stirnweiss-brenner.de\\\/en\\\/#organization\"},\"alternateName\":\"Stirnweiss | Brenner Rechtsanw\u00e4lte\",\"potentialAction\":[{\"@type\":\"SearchAction\",\"target\":{\"@type\":\"EntryPoint\",\"urlTemplate\":\"https:\\\/\\\/stirnweiss-brenner.de\\\/en\\\/?s={search_term_string}\"},\"query-input\":{\"@type\":\"PropertyValueSpecification\",\"valueRequired\":true,\"valueName\":\"search_term_string\"}}],\"inLanguage\":\"en-US\"},{\"@type\":\"Organization\",\"@id\":\"https:\\\/\\\/stirnweiss-brenner.de\\\/en\\\/#organization\",\"name\":\"Stirnweiss Brenner Rechtsanw\u00e4lte | Kanzlei f\u00fcr Strafrecht Stuttgart, Strafverteidiger & Fachanw\u00e4lte\",\"alternateName\":\"Stirnweiss Brenner Rechtsanw\u00e4lte\",\"url\":\"https:\\\/\\\/stirnweiss-brenner.de\\\/en\\\/\",\"logo\":{\"@type\":\"ImageObject\",\"inLanguage\":\"en-US\",\"@id\":\"https:\\\/\\\/stirnweiss-brenner.de\\\/en\\\/#\\\/schema\\\/logo\\\/image\\\/\",\"url\":\"https:\\\/\\\/stirnweiss-brenner.de\\\/wp-content\\\/uploads\\\/2023\\\/03\\\/SB_logo_l.png\",\"contentUrl\":\"https:\\\/\\\/stirnweiss-brenner.de\\\/wp-content\\\/uploads\\\/2023\\\/03\\\/SB_logo_l.png\",\"width\":1436,\"height\":217,\"caption\":\"Stirnweiss Brenner Rechtsanw\u00e4lte | Kanzlei f\u00fcr Strafrecht Stuttgart, Strafverteidiger & Fachanw\u00e4lte\"},\"image\":{\"@id\":\"https:\\\/\\\/stirnweiss-brenner.de\\\/en\\\/#\\\/schema\\\/logo\\\/image\\\/\"},\"sameAs\":[\"https:\\\/\\\/www.facebook.com\\\/StirnweissBrennerRechtsanwaelte\\\/\",\"https:\\\/\\\/www.linkedin.com\\\/company\\\/stirnweiss-brenner-rechtsanwaelte\\\/\"]},{\"@type\":\"Person\",\"@id\":\"https:\\\/\\\/stirnweiss-brenner.de\\\/en\\\/#\\\/schema\\\/person\\\/68bb9c2235cc0dd5687fa2e5922b771c\",\"name\":\"Paul F. Fallscheer-Schlegel\",\"image\":{\"@type\":\"ImageObject\",\"inLanguage\":\"en-US\",\"@id\":\"https:\\\/\\\/secure.gravatar.com\\\/avatar\\\/0c8e9049ed78211a3dddeef806aafaab5796208657fa14e0c8504c3ecef24242?s=96&d=mm&r=g\",\"url\":\"https:\\\/\\\/secure.gravatar.com\\\/avatar\\\/0c8e9049ed78211a3dddeef806aafaab5796208657fa14e0c8504c3ecef24242?s=96&d=mm&r=g\",\"contentUrl\":\"https:\\\/\\\/secure.gravatar.com\\\/avatar\\\/0c8e9049ed78211a3dddeef806aafaab5796208657fa14e0c8504c3ecef24242?s=96&d=mm&r=g\",\"caption\":\"Paul F. Fallscheer-Schlegel\"},\"sameAs\":[\"https:\\\/\\\/laterna.tech\"]}]}<\/script>\n<!-- \/ Yoast SEO plugin. -->","yoast_head_json":{"title":"Start of the second trial regarding the hand grenade attack in Altbach - Stirnweiss | Brenner Rechtsanw\u00e4lte","description":"Alles, was Sie \u00fcber Start of the second trial regarding the hand grenade attack in Altbach wissen m\u00fcssen, kompakt erkl\u00e4rt \u27a4 Jetzt lesen!","robots":{"index":"index","follow":"follow","max-snippet":"max-snippet:-1","max-image-preview":"max-image-preview:large","max-video-preview":"max-video-preview:-1"},"canonical":"https:\/\/stirnweiss-brenner.de\/en\/press\/start-of-the-second-trial-regarding-the-hand-grenade-attack-in-altbach\/","og_locale":"en_US","og_type":"article","og_title":"Start of the second trial regarding the hand grenade attack in Altbach - Stirnweiss | Brenner Rechtsanw\u00e4lte","og_description":"Alles, was Sie \u00fcber Start of the second trial regarding the hand grenade attack in Altbach wissen m\u00fcssen, kompakt erkl\u00e4rt \u27a4 Jetzt lesen!","og_url":"https:\/\/stirnweiss-brenner.de\/en\/press\/start-of-the-second-trial-regarding-the-hand-grenade-attack-in-altbach\/","og_site_name":"Stirnweiss | Brenner Rechtsanw\u00e4lte","article_publisher":"https:\/\/www.facebook.com\/StirnweissBrennerRechtsanwaelte\/","article_published_time":"2023-12-15T17:00:00+00:00","article_modified_time":"2026-04-22T08:07:33+00:00","og_image":[{"width":1280,"height":850,"url":"https:\/\/stirnweiss-brenner.de\/wp-content\/uploads\/2024\/04\/hand-grenade-6183963_1280.jpg","type":"image\/jpeg"}],"author":"Paul F. Fallscheer-Schlegel","twitter_card":"summary_large_image","twitter_misc":{"Written by":"Paul F. Fallscheer-Schlegel"},"schema":{"@context":"https:\/\/schema.org","@graph":[{"@type":"Article","@id":"https:\/\/stirnweiss-brenner.de\/en\/press\/start-of-the-second-trial-regarding-the-hand-grenade-attack-in-altbach\/#article","isPartOf":{"@id":"https:\/\/stirnweiss-brenner.de\/en\/press\/start-of-the-second-trial-regarding-the-hand-grenade-attack-in-altbach\/"},"author":{"name":"Paul F. Fallscheer-Schlegel","@id":"https:\/\/stirnweiss-brenner.de\/en\/#\/schema\/person\/68bb9c2235cc0dd5687fa2e5922b771c"},"headline":"Start of the second trial regarding the hand grenade attack in Altbach","datePublished":"2023-12-15T17:00:00+00:00","dateModified":"2026-04-22T08:07:33+00:00","mainEntityOfPage":{"@id":"https:\/\/stirnweiss-brenner.de\/en\/press\/start-of-the-second-trial-regarding-the-hand-grenade-attack-in-altbach\/"},"wordCount":43,"commentCount":0,"publisher":{"@id":"https:\/\/stirnweiss-brenner.de\/en\/#organization"},"image":{"@id":"https:\/\/stirnweiss-brenner.de\/en\/press\/start-of-the-second-trial-regarding-the-hand-grenade-attack-in-altbach\/#primaryimage"},"thumbnailUrl":"https:\/\/stirnweiss-brenner.de\/wp-content\/uploads\/2024\/04\/hand-grenade-6183963_1280.jpg","keywords":["Brenner"],"articleSection":["Press"],"inLanguage":"en-US","potentialAction":[{"@type":"CommentAction","name":"Comment","target":["https:\/\/stirnweiss-brenner.de\/en\/press\/start-of-the-second-trial-regarding-the-hand-grenade-attack-in-altbach\/#respond"]}]},{"@type":"WebPage","@id":"https:\/\/stirnweiss-brenner.de\/en\/press\/start-of-the-second-trial-regarding-the-hand-grenade-attack-in-altbach\/","url":"https:\/\/stirnweiss-brenner.de\/en\/press\/start-of-the-second-trial-regarding-the-hand-grenade-attack-in-altbach\/","name":"Start of the second trial regarding the hand grenade attack in Altbach - Stirnweiss | Brenner Rechtsanw\u00e4lte","isPartOf":{"@id":"https:\/\/stirnweiss-brenner.de\/en\/#website"},"primaryImageOfPage":{"@id":"https:\/\/stirnweiss-brenner.de\/en\/press\/start-of-the-second-trial-regarding-the-hand-grenade-attack-in-altbach\/#primaryimage"},"image":{"@id":"https:\/\/stirnweiss-brenner.de\/en\/press\/start-of-the-second-trial-regarding-the-hand-grenade-attack-in-altbach\/#primaryimage"},"thumbnailUrl":"https:\/\/stirnweiss-brenner.de\/wp-content\/uploads\/2024\/04\/hand-grenade-6183963_1280.jpg","datePublished":"2023-12-15T17:00:00+00:00","dateModified":"2026-04-22T08:07:33+00:00","description":"Alles, was Sie \u00fcber Start of the second trial regarding the hand grenade attack in Altbach wissen m\u00fcssen, kompakt erkl\u00e4rt \u27a4 Jetzt lesen!","breadcrumb":{"@id":"https:\/\/stirnweiss-brenner.de\/en\/press\/start-of-the-second-trial-regarding-the-hand-grenade-attack-in-altbach\/#breadcrumb"},"inLanguage":"en-US","potentialAction":[{"@type":"ReadAction","target":["https:\/\/stirnweiss-brenner.de\/en\/press\/start-of-the-second-trial-regarding-the-hand-grenade-attack-in-altbach\/"]}]},{"@type":"ImageObject","inLanguage":"en-US","@id":"https:\/\/stirnweiss-brenner.de\/en\/press\/start-of-the-second-trial-regarding-the-hand-grenade-attack-in-altbach\/#primaryimage","url":"https:\/\/stirnweiss-brenner.de\/wp-content\/uploads\/2024\/04\/hand-grenade-6183963_1280.jpg","contentUrl":"https:\/\/stirnweiss-brenner.de\/wp-content\/uploads\/2024\/04\/hand-grenade-6183963_1280.jpg","width":1280,"height":850,"caption":"Start of the second trial regarding the hand grenade attack in Altbach"},{"@type":"BreadcrumbList","@id":"https:\/\/stirnweiss-brenner.de\/en\/press\/start-of-the-second-trial-regarding-the-hand-grenade-attack-in-altbach\/#breadcrumb","itemListElement":[{"@type":"ListItem","position":1,"name":"Home","item":"https:\/\/stirnweiss-brenner.de\/en\/"},{"@type":"ListItem","position":2,"name":"Start of the second trial regarding the hand grenade attack in Altbach"}]},{"@type":"WebSite","@id":"https:\/\/stirnweiss-brenner.de\/en\/#website","url":"https:\/\/stirnweiss-brenner.de\/en\/","name":"Stirnweiss | Brenner Rechtsanw\u00e4lte f\u00fcr Strafrecht in Stuttgart & Konstanz","description":"Kompetente, rasche Hilfe in Stuttgart bei Stirnweiss | Brenner Rechtsanw\u00e4lte. Unsere Kanzlei bietet Ihnen Strafverteidigung in allen Facetten.","publisher":{"@id":"https:\/\/stirnweiss-brenner.de\/en\/#organization"},"alternateName":"Stirnweiss | Brenner Rechtsanw\u00e4lte","potentialAction":[{"@type":"SearchAction","target":{"@type":"EntryPoint","urlTemplate":"https:\/\/stirnweiss-brenner.de\/en\/?s={search_term_string}"},"query-input":{"@type":"PropertyValueSpecification","valueRequired":true,"valueName":"search_term_string"}}],"inLanguage":"en-US"},{"@type":"Organization","@id":"https:\/\/stirnweiss-brenner.de\/en\/#organization","name":"Stirnweiss Brenner Rechtsanw\u00e4lte | Kanzlei f\u00fcr Strafrecht Stuttgart, Strafverteidiger & Fachanw\u00e4lte","alternateName":"Stirnweiss Brenner Rechtsanw\u00e4lte","url":"https:\/\/stirnweiss-brenner.de\/en\/","logo":{"@type":"ImageObject","inLanguage":"en-US","@id":"https:\/\/stirnweiss-brenner.de\/en\/#\/schema\/logo\/image\/","url":"https:\/\/stirnweiss-brenner.de\/wp-content\/uploads\/2023\/03\/SB_logo_l.png","contentUrl":"https:\/\/stirnweiss-brenner.de\/wp-content\/uploads\/2023\/03\/SB_logo_l.png","width":1436,"height":217,"caption":"Stirnweiss Brenner Rechtsanw\u00e4lte | Kanzlei f\u00fcr Strafrecht Stuttgart, Strafverteidiger & Fachanw\u00e4lte"},"image":{"@id":"https:\/\/stirnweiss-brenner.de\/en\/#\/schema\/logo\/image\/"},"sameAs":["https:\/\/www.facebook.com\/StirnweissBrennerRechtsanwaelte\/","https:\/\/www.linkedin.com\/company\/stirnweiss-brenner-rechtsanwaelte\/"]},{"@type":"Person","@id":"https:\/\/stirnweiss-brenner.de\/en\/#\/schema\/person\/68bb9c2235cc0dd5687fa2e5922b771c","name":"Paul F. Fallscheer-Schlegel","image":{"@type":"ImageObject","inLanguage":"en-US","@id":"https:\/\/secure.gravatar.com\/avatar\/0c8e9049ed78211a3dddeef806aafaab5796208657fa14e0c8504c3ecef24242?s=96&d=mm&r=g","url":"https:\/\/secure.gravatar.com\/avatar\/0c8e9049ed78211a3dddeef806aafaab5796208657fa14e0c8504c3ecef24242?s=96&d=mm&r=g","contentUrl":"https:\/\/secure.gravatar.com\/avatar\/0c8e9049ed78211a3dddeef806aafaab5796208657fa14e0c8504c3ecef24242?s=96&d=mm&r=g","caption":"Paul F. Fallscheer-Schlegel"},"sameAs":["https:\/\/laterna.tech"]}]}},"_links":{"self":[{"href":"https:\/\/stirnweiss-brenner.de\/en\/wp-json\/wp\/v2\/posts\/11978","targetHints":{"allow":["GET"]}}],"collection":[{"href":"https:\/\/stirnweiss-brenner.de\/en\/wp-json\/wp\/v2\/posts"}],"about":[{"href":"https:\/\/stirnweiss-brenner.de\/en\/wp-json\/wp\/v2\/types\/post"}],"author":[{"embeddable":true,"href":"https:\/\/stirnweiss-brenner.de\/en\/wp-json\/wp\/v2\/users\/7"}],"replies":[{"embeddable":true,"href":"https:\/\/stirnweiss-brenner.de\/en\/wp-json\/wp\/v2\/comments?post=11978"}],"version-history":[{"count":1,"href":"https:\/\/stirnweiss-brenner.de\/en\/wp-json\/wp\/v2\/posts\/11978\/revisions"}],"predecessor-version":[{"id":11980,"href":"https:\/\/stirnweiss-brenner.de\/en\/wp-json\/wp\/v2\/posts\/11978\/revisions\/11980"}],"wp:featuredmedia":[{"embeddable":true,"href":"https:\/\/stirnweiss-brenner.de\/en\/wp-json\/wp\/v2\/media\/11979"}],"wp:attachment":[{"href":"https:\/\/stirnweiss-brenner.de\/en\/wp-json\/wp\/v2\/media?parent=11978"}],"wp:term":[{"taxonomy":"category","embeddable":true,"href":"https:\/\/stirnweiss-brenner.de\/en\/wp-json\/wp\/v2\/categories?post=11978"},{"taxonomy":"post_tag","embeddable":true,"href":"https:\/\/stirnweiss-brenner.de\/en\/wp-json\/wp\/v2\/tags?post=11978"}],"curies":[{"name":"wp","href":"https:\/\/api.w.org\/{rel}","templated":true}]}}