{"id":11967,"date":"2024-04-18T23:12:00","date_gmt":"2024-04-18T21:12:00","guid":{"rendered":"https:\/\/stirnweiss-brenner.de\/prison-sentences-following-violent-act-of-revenge-in-altbach\/"},"modified":"2026-04-22T10:07:33","modified_gmt":"2026-04-22T08:07:33","slug":"prison-sentences-following-violent-act-of-revenge-in-altbach","status":"publish","type":"post","link":"https:\/\/stirnweiss-brenner.de\/en\/press\/prison-sentences-following-violent-act-of-revenge-in-altbach\/","title":{"rendered":"Prison Sentences Following Violent Act of Revenge in Altbach"},"content":{"rendered":"\n<p>Stuttgart, April 18, 2024 &#8211; The Stuttgart Regional Court today sentenced five men to prison terms for severely assaulting an attacker following a hand grenade attack on a cemetery in Altbach. The sentences range from three years to just under five years. <\/p>\n\n<p>In June 2023, the perpetrators pursued and attacked the assailant after he had thrown a hand grenade during a funeral ceremony. The grenade thrower, who injured 15 people in this incident, has already been sentenced to twelve years in prison. <\/p>\n\n<p>The court&#8217;s decisions are part of the legal proceedings addressing a prolonged series of violent incidents between rival gangs in the greater Stuttgart area. The ongoing investigations and verdicts to date appear to have contributed to a decrease in acts of violence. <\/p>\n\n<p>Further trials in this connection have already been scheduled and underscore the judiciary&#8217;s commitment to strengthening public safety and curbing violence in the region.<\/p>\n\n<p>Reports have been published by, among others, the <a href=\"https:\/\/www.faz.net\/agenturmeldungen\/dpa\/prozess-nach-handgranaten-anschlag-haftstrafen-fuer-rache-19662592.html\" target=\"_blank\" rel=\"noreferrer noopener\">Frankfurter Allgemeine<\/a>, the <a href=\"https:\/\/www.sueddeutsche.de\/panorama\/prozesse-stuttgart-prozess-nach-handgranaten-anschlag-haftstrafen-fuer-rache-dpa.urn-newsml-dpa-com-20090101-240418-99-723604\" target=\"_blank\" rel=\"noreferrer noopener\">S\u00fcddeutsche Zeitung<\/a>, and <a href=\"https:\/\/www.swr.de\/swraktuell\/baden-wuerttemberg\/stuttgart\/altbach-rache-friedhof-beerdigung-bestattung-granate-verpruegelt-attacke-angriff-100.html\" target=\"_blank\" rel=\"noreferrer noopener\">SWR<\/a>. <\/p>\n","protected":false},"excerpt":{"rendered":"<p>Stuttgart, April 18, 2024 &#8211; The Stuttgart Regional Court today sentenced five men to prison terms for severely assaulting an attacker following a hand grenade attack on a cemetery in Altbach. The sentences range from three years to just under five years. In June 2023, the perpetrators pursued and attacked the assailant after he had [&hellip;]<\/p>\n","protected":false},"author":7,"featured_media":11968,"comment_status":"open","ping_status":"open","sticky":false,"template":"","format":"standard","meta":{"footnotes":""},"categories":[71],"tags":[72],"class_list":["post-11967","post","type-post","status-publish","format-standard","has-post-thumbnail","hentry","category-press","tag-brenner"],"yoast_head":"<!-- This site is optimized with the Yoast SEO plugin v27.4 - https:\/\/yoast.com\/product\/yoast-seo-wordpress\/ -->\n<title>Prison Sentences Following Violent Act of Revenge in Altbach - Stirnweiss | Brenner Rechtsanw\u00e4lte<\/title>\n<meta name=\"description\" content=\"Alles, was Sie \u00fcber Prison Sentences Following Violent Act of Revenge in Altbach wissen m\u00fcssen, kompakt erkl\u00e4rt \u27a4 Jetzt lesen!\" \/>\n<meta name=\"robots\" content=\"index, follow, max-snippet:-1, max-image-preview:large, max-video-preview:-1\" \/>\n<link rel=\"canonical\" href=\"https:\/\/stirnweiss-brenner.de\/en\/press\/prison-sentences-following-violent-act-of-revenge-in-altbach\/\" \/>\n<meta property=\"og:locale\" content=\"en_US\" \/>\n<meta property=\"og:type\" content=\"article\" \/>\n<meta property=\"og:title\" content=\"Prison Sentences Following Violent Act of Revenge in Altbach - Stirnweiss | Brenner Rechtsanw\u00e4lte\" \/>\n<meta property=\"og:description\" content=\"Alles, was Sie \u00fcber Prison Sentences Following Violent Act of Revenge in Altbach wissen m\u00fcssen, kompakt erkl\u00e4rt \u27a4 Jetzt lesen!\" \/>\n<meta property=\"og:url\" content=\"https:\/\/stirnweiss-brenner.de\/en\/press\/prison-sentences-following-violent-act-of-revenge-in-altbach\/\" \/>\n<meta property=\"og:site_name\" content=\"Stirnweiss | Brenner Rechtsanw\u00e4lte\" \/>\n<meta property=\"article:publisher\" content=\"https:\/\/www.facebook.com\/StirnweissBrennerRechtsanwaelte\/\" \/>\n<meta property=\"article:published_time\" content=\"2024-04-18T21:12:00+00:00\" \/>\n<meta property=\"article:modified_time\" content=\"2026-04-22T08:07:33+00:00\" \/>\n<meta property=\"og:image\" content=\"https:\/\/stirnweiss-brenner.de\/wp-content\/uploads\/2024\/04\/grenade-3087912_1280.jpg\" \/>\n\t<meta property=\"og:image:width\" content=\"1280\" \/>\n\t<meta property=\"og:image:height\" content=\"720\" \/>\n\t<meta property=\"og:image:type\" content=\"image\/jpeg\" \/>\n<meta name=\"author\" content=\"Paul F. Fallscheer-Schlegel\" \/>\n<meta name=\"twitter:card\" content=\"summary_large_image\" \/>\n<meta name=\"twitter:label1\" content=\"Written by\" \/>\n\t<meta name=\"twitter:data1\" content=\"Paul F. Fallscheer-Schlegel\" \/>\n\t<meta name=\"twitter:label2\" content=\"Est. reading time\" \/>\n\t<meta name=\"twitter:data2\" content=\"1 minute\" \/>\n<script type=\"application\/ld+json\" class=\"yoast-schema-graph\">{\"@context\":\"https:\\\/\\\/schema.org\",\"@graph\":[{\"@type\":\"Article\",\"@id\":\"https:\\\/\\\/stirnweiss-brenner.de\\\/en\\\/press\\\/prison-sentences-following-violent-act-of-revenge-in-altbach\\\/#article\",\"isPartOf\":{\"@id\":\"https:\\\/\\\/stirnweiss-brenner.de\\\/en\\\/press\\\/prison-sentences-following-violent-act-of-revenge-in-altbach\\\/\"},\"author\":{\"name\":\"Paul F. Fallscheer-Schlegel\",\"@id\":\"https:\\\/\\\/stirnweiss-brenner.de\\\/en\\\/#\\\/schema\\\/person\\\/68bb9c2235cc0dd5687fa2e5922b771c\"},\"headline\":\"Prison Sentences Following Violent Act of Revenge in Altbach\",\"datePublished\":\"2024-04-18T21:12:00+00:00\",\"dateModified\":\"2026-04-22T08:07:33+00:00\",\"mainEntityOfPage\":{\"@id\":\"https:\\\/\\\/stirnweiss-brenner.de\\\/en\\\/press\\\/prison-sentences-following-violent-act-of-revenge-in-altbach\\\/\"},\"wordCount\":171,\"commentCount\":0,\"publisher\":{\"@id\":\"https:\\\/\\\/stirnweiss-brenner.de\\\/en\\\/#organization\"},\"image\":{\"@id\":\"https:\\\/\\\/stirnweiss-brenner.de\\\/en\\\/press\\\/prison-sentences-following-violent-act-of-revenge-in-altbach\\\/#primaryimage\"},\"thumbnailUrl\":\"https:\\\/\\\/stirnweiss-brenner.de\\\/wp-content\\\/uploads\\\/2024\\\/04\\\/grenade-3087912_1280.jpg\",\"keywords\":[\"Brenner\"],\"articleSection\":[\"Press\"],\"inLanguage\":\"en-US\",\"potentialAction\":[{\"@type\":\"CommentAction\",\"name\":\"Comment\",\"target\":[\"https:\\\/\\\/stirnweiss-brenner.de\\\/en\\\/press\\\/prison-sentences-following-violent-act-of-revenge-in-altbach\\\/#respond\"]}]},{\"@type\":\"WebPage\",\"@id\":\"https:\\\/\\\/stirnweiss-brenner.de\\\/en\\\/press\\\/prison-sentences-following-violent-act-of-revenge-in-altbach\\\/\",\"url\":\"https:\\\/\\\/stirnweiss-brenner.de\\\/en\\\/press\\\/prison-sentences-following-violent-act-of-revenge-in-altbach\\\/\",\"name\":\"Prison Sentences Following Violent Act of Revenge in Altbach - Stirnweiss | Brenner Rechtsanw\u00e4lte\",\"isPartOf\":{\"@id\":\"https:\\\/\\\/stirnweiss-brenner.de\\\/en\\\/#website\"},\"primaryImageOfPage\":{\"@id\":\"https:\\\/\\\/stirnweiss-brenner.de\\\/en\\\/press\\\/prison-sentences-following-violent-act-of-revenge-in-altbach\\\/#primaryimage\"},\"image\":{\"@id\":\"https:\\\/\\\/stirnweiss-brenner.de\\\/en\\\/press\\\/prison-sentences-following-violent-act-of-revenge-in-altbach\\\/#primaryimage\"},\"thumbnailUrl\":\"https:\\\/\\\/stirnweiss-brenner.de\\\/wp-content\\\/uploads\\\/2024\\\/04\\\/grenade-3087912_1280.jpg\",\"datePublished\":\"2024-04-18T21:12:00+00:00\",\"dateModified\":\"2026-04-22T08:07:33+00:00\",\"description\":\"Alles, was Sie \u00fcber Prison Sentences Following Violent Act of Revenge in Altbach wissen m\u00fcssen, kompakt erkl\u00e4rt \u27a4 Jetzt lesen!\",\"breadcrumb\":{\"@id\":\"https:\\\/\\\/stirnweiss-brenner.de\\\/en\\\/press\\\/prison-sentences-following-violent-act-of-revenge-in-altbach\\\/#breadcrumb\"},\"inLanguage\":\"en-US\",\"potentialAction\":[{\"@type\":\"ReadAction\",\"target\":[\"https:\\\/\\\/stirnweiss-brenner.de\\\/en\\\/press\\\/prison-sentences-following-violent-act-of-revenge-in-altbach\\\/\"]}]},{\"@type\":\"ImageObject\",\"inLanguage\":\"en-US\",\"@id\":\"https:\\\/\\\/stirnweiss-brenner.de\\\/en\\\/press\\\/prison-sentences-following-violent-act-of-revenge-in-altbach\\\/#primaryimage\",\"url\":\"https:\\\/\\\/stirnweiss-brenner.de\\\/wp-content\\\/uploads\\\/2024\\\/04\\\/grenade-3087912_1280.jpg\",\"contentUrl\":\"https:\\\/\\\/stirnweiss-brenner.de\\\/wp-content\\\/uploads\\\/2024\\\/04\\\/grenade-3087912_1280.jpg\",\"width\":1280,\"height\":720,\"caption\":\"Prison Sentences Following Violent Act of Revenge Involving Hand Grenades in Altbach\"},{\"@type\":\"BreadcrumbList\",\"@id\":\"https:\\\/\\\/stirnweiss-brenner.de\\\/en\\\/press\\\/prison-sentences-following-violent-act-of-revenge-in-altbach\\\/#breadcrumb\",\"itemListElement\":[{\"@type\":\"ListItem\",\"position\":1,\"name\":\"Home\",\"item\":\"https:\\\/\\\/stirnweiss-brenner.de\\\/en\\\/\"},{\"@type\":\"ListItem\",\"position\":2,\"name\":\"Prison Sentences Following Violent Act of Revenge in Altbach\"}]},{\"@type\":\"WebSite\",\"@id\":\"https:\\\/\\\/stirnweiss-brenner.de\\\/en\\\/#website\",\"url\":\"https:\\\/\\\/stirnweiss-brenner.de\\\/en\\\/\",\"name\":\"Stirnweiss | Brenner Rechtsanw\u00e4lte f\u00fcr Strafrecht in Stuttgart & Konstanz\",\"description\":\"Kompetente, rasche Hilfe in Stuttgart bei Stirnweiss | Brenner Rechtsanw\u00e4lte. Unsere Kanzlei bietet Ihnen Strafverteidigung in allen Facetten.\",\"publisher\":{\"@id\":\"https:\\\/\\\/stirnweiss-brenner.de\\\/en\\\/#organization\"},\"alternateName\":\"Stirnweiss | Brenner Rechtsanw\u00e4lte\",\"potentialAction\":[{\"@type\":\"SearchAction\",\"target\":{\"@type\":\"EntryPoint\",\"urlTemplate\":\"https:\\\/\\\/stirnweiss-brenner.de\\\/en\\\/?s={search_term_string}\"},\"query-input\":{\"@type\":\"PropertyValueSpecification\",\"valueRequired\":true,\"valueName\":\"search_term_string\"}}],\"inLanguage\":\"en-US\"},{\"@type\":\"Organization\",\"@id\":\"https:\\\/\\\/stirnweiss-brenner.de\\\/en\\\/#organization\",\"name\":\"Stirnweiss Brenner Rechtsanw\u00e4lte | Kanzlei f\u00fcr Strafrecht Stuttgart, Strafverteidiger & Fachanw\u00e4lte\",\"alternateName\":\"Stirnweiss Brenner Rechtsanw\u00e4lte\",\"url\":\"https:\\\/\\\/stirnweiss-brenner.de\\\/en\\\/\",\"logo\":{\"@type\":\"ImageObject\",\"inLanguage\":\"en-US\",\"@id\":\"https:\\\/\\\/stirnweiss-brenner.de\\\/en\\\/#\\\/schema\\\/logo\\\/image\\\/\",\"url\":\"https:\\\/\\\/stirnweiss-brenner.de\\\/wp-content\\\/uploads\\\/2023\\\/03\\\/SB_logo_l.png\",\"contentUrl\":\"https:\\\/\\\/stirnweiss-brenner.de\\\/wp-content\\\/uploads\\\/2023\\\/03\\\/SB_logo_l.png\",\"width\":1436,\"height\":217,\"caption\":\"Stirnweiss Brenner Rechtsanw\u00e4lte | Kanzlei f\u00fcr Strafrecht Stuttgart, Strafverteidiger & Fachanw\u00e4lte\"},\"image\":{\"@id\":\"https:\\\/\\\/stirnweiss-brenner.de\\\/en\\\/#\\\/schema\\\/logo\\\/image\\\/\"},\"sameAs\":[\"https:\\\/\\\/www.facebook.com\\\/StirnweissBrennerRechtsanwaelte\\\/\",\"https:\\\/\\\/www.linkedin.com\\\/company\\\/stirnweiss-brenner-rechtsanwaelte\\\/\"]},{\"@type\":\"Person\",\"@id\":\"https:\\\/\\\/stirnweiss-brenner.de\\\/en\\\/#\\\/schema\\\/person\\\/68bb9c2235cc0dd5687fa2e5922b771c\",\"name\":\"Paul F. Fallscheer-Schlegel\",\"image\":{\"@type\":\"ImageObject\",\"inLanguage\":\"en-US\",\"@id\":\"https:\\\/\\\/secure.gravatar.com\\\/avatar\\\/0c8e9049ed78211a3dddeef806aafaab5796208657fa14e0c8504c3ecef24242?s=96&d=mm&r=g\",\"url\":\"https:\\\/\\\/secure.gravatar.com\\\/avatar\\\/0c8e9049ed78211a3dddeef806aafaab5796208657fa14e0c8504c3ecef24242?s=96&d=mm&r=g\",\"contentUrl\":\"https:\\\/\\\/secure.gravatar.com\\\/avatar\\\/0c8e9049ed78211a3dddeef806aafaab5796208657fa14e0c8504c3ecef24242?s=96&d=mm&r=g\",\"caption\":\"Paul F. Fallscheer-Schlegel\"},\"sameAs\":[\"https:\\\/\\\/laterna.tech\"]}]}<\/script>\n<!-- \/ Yoast SEO plugin. -->","yoast_head_json":{"title":"Prison Sentences Following Violent Act of Revenge in Altbach - Stirnweiss | Brenner Rechtsanw\u00e4lte","description":"Alles, was Sie \u00fcber Prison Sentences Following Violent Act of Revenge in Altbach wissen m\u00fcssen, kompakt erkl\u00e4rt \u27a4 Jetzt lesen!","robots":{"index":"index","follow":"follow","max-snippet":"max-snippet:-1","max-image-preview":"max-image-preview:large","max-video-preview":"max-video-preview:-1"},"canonical":"https:\/\/stirnweiss-brenner.de\/en\/press\/prison-sentences-following-violent-act-of-revenge-in-altbach\/","og_locale":"en_US","og_type":"article","og_title":"Prison Sentences Following Violent Act of Revenge in Altbach - Stirnweiss | Brenner Rechtsanw\u00e4lte","og_description":"Alles, was Sie \u00fcber Prison Sentences Following Violent Act of Revenge in Altbach wissen m\u00fcssen, kompakt erkl\u00e4rt \u27a4 Jetzt lesen!","og_url":"https:\/\/stirnweiss-brenner.de\/en\/press\/prison-sentences-following-violent-act-of-revenge-in-altbach\/","og_site_name":"Stirnweiss | Brenner Rechtsanw\u00e4lte","article_publisher":"https:\/\/www.facebook.com\/StirnweissBrennerRechtsanwaelte\/","article_published_time":"2024-04-18T21:12:00+00:00","article_modified_time":"2026-04-22T08:07:33+00:00","og_image":[{"width":1280,"height":720,"url":"https:\/\/stirnweiss-brenner.de\/wp-content\/uploads\/2024\/04\/grenade-3087912_1280.jpg","type":"image\/jpeg"}],"author":"Paul F. Fallscheer-Schlegel","twitter_card":"summary_large_image","twitter_misc":{"Written by":"Paul F. Fallscheer-Schlegel","Est. reading time":"1 minute"},"schema":{"@context":"https:\/\/schema.org","@graph":[{"@type":"Article","@id":"https:\/\/stirnweiss-brenner.de\/en\/press\/prison-sentences-following-violent-act-of-revenge-in-altbach\/#article","isPartOf":{"@id":"https:\/\/stirnweiss-brenner.de\/en\/press\/prison-sentences-following-violent-act-of-revenge-in-altbach\/"},"author":{"name":"Paul F. Fallscheer-Schlegel","@id":"https:\/\/stirnweiss-brenner.de\/en\/#\/schema\/person\/68bb9c2235cc0dd5687fa2e5922b771c"},"headline":"Prison Sentences Following Violent Act of Revenge in Altbach","datePublished":"2024-04-18T21:12:00+00:00","dateModified":"2026-04-22T08:07:33+00:00","mainEntityOfPage":{"@id":"https:\/\/stirnweiss-brenner.de\/en\/press\/prison-sentences-following-violent-act-of-revenge-in-altbach\/"},"wordCount":171,"commentCount":0,"publisher":{"@id":"https:\/\/stirnweiss-brenner.de\/en\/#organization"},"image":{"@id":"https:\/\/stirnweiss-brenner.de\/en\/press\/prison-sentences-following-violent-act-of-revenge-in-altbach\/#primaryimage"},"thumbnailUrl":"https:\/\/stirnweiss-brenner.de\/wp-content\/uploads\/2024\/04\/grenade-3087912_1280.jpg","keywords":["Brenner"],"articleSection":["Press"],"inLanguage":"en-US","potentialAction":[{"@type":"CommentAction","name":"Comment","target":["https:\/\/stirnweiss-brenner.de\/en\/press\/prison-sentences-following-violent-act-of-revenge-in-altbach\/#respond"]}]},{"@type":"WebPage","@id":"https:\/\/stirnweiss-brenner.de\/en\/press\/prison-sentences-following-violent-act-of-revenge-in-altbach\/","url":"https:\/\/stirnweiss-brenner.de\/en\/press\/prison-sentences-following-violent-act-of-revenge-in-altbach\/","name":"Prison Sentences Following Violent Act of Revenge in Altbach - Stirnweiss | Brenner Rechtsanw\u00e4lte","isPartOf":{"@id":"https:\/\/stirnweiss-brenner.de\/en\/#website"},"primaryImageOfPage":{"@id":"https:\/\/stirnweiss-brenner.de\/en\/press\/prison-sentences-following-violent-act-of-revenge-in-altbach\/#primaryimage"},"image":{"@id":"https:\/\/stirnweiss-brenner.de\/en\/press\/prison-sentences-following-violent-act-of-revenge-in-altbach\/#primaryimage"},"thumbnailUrl":"https:\/\/stirnweiss-brenner.de\/wp-content\/uploads\/2024\/04\/grenade-3087912_1280.jpg","datePublished":"2024-04-18T21:12:00+00:00","dateModified":"2026-04-22T08:07:33+00:00","description":"Alles, was Sie \u00fcber Prison Sentences Following Violent Act of Revenge in Altbach wissen m\u00fcssen, kompakt erkl\u00e4rt \u27a4 Jetzt lesen!","breadcrumb":{"@id":"https:\/\/stirnweiss-brenner.de\/en\/press\/prison-sentences-following-violent-act-of-revenge-in-altbach\/#breadcrumb"},"inLanguage":"en-US","potentialAction":[{"@type":"ReadAction","target":["https:\/\/stirnweiss-brenner.de\/en\/press\/prison-sentences-following-violent-act-of-revenge-in-altbach\/"]}]},{"@type":"ImageObject","inLanguage":"en-US","@id":"https:\/\/stirnweiss-brenner.de\/en\/press\/prison-sentences-following-violent-act-of-revenge-in-altbach\/#primaryimage","url":"https:\/\/stirnweiss-brenner.de\/wp-content\/uploads\/2024\/04\/grenade-3087912_1280.jpg","contentUrl":"https:\/\/stirnweiss-brenner.de\/wp-content\/uploads\/2024\/04\/grenade-3087912_1280.jpg","width":1280,"height":720,"caption":"Prison Sentences Following Violent Act of Revenge Involving Hand Grenades in Altbach"},{"@type":"BreadcrumbList","@id":"https:\/\/stirnweiss-brenner.de\/en\/press\/prison-sentences-following-violent-act-of-revenge-in-altbach\/#breadcrumb","itemListElement":[{"@type":"ListItem","position":1,"name":"Home","item":"https:\/\/stirnweiss-brenner.de\/en\/"},{"@type":"ListItem","position":2,"name":"Prison Sentences Following Violent Act of Revenge in Altbach"}]},{"@type":"WebSite","@id":"https:\/\/stirnweiss-brenner.de\/en\/#website","url":"https:\/\/stirnweiss-brenner.de\/en\/","name":"Stirnweiss | Brenner Rechtsanw\u00e4lte f\u00fcr Strafrecht in Stuttgart & Konstanz","description":"Kompetente, rasche Hilfe in Stuttgart bei Stirnweiss | Brenner Rechtsanw\u00e4lte. Unsere Kanzlei bietet Ihnen Strafverteidigung in allen Facetten.","publisher":{"@id":"https:\/\/stirnweiss-brenner.de\/en\/#organization"},"alternateName":"Stirnweiss | Brenner Rechtsanw\u00e4lte","potentialAction":[{"@type":"SearchAction","target":{"@type":"EntryPoint","urlTemplate":"https:\/\/stirnweiss-brenner.de\/en\/?s={search_term_string}"},"query-input":{"@type":"PropertyValueSpecification","valueRequired":true,"valueName":"search_term_string"}}],"inLanguage":"en-US"},{"@type":"Organization","@id":"https:\/\/stirnweiss-brenner.de\/en\/#organization","name":"Stirnweiss Brenner Rechtsanw\u00e4lte | Kanzlei f\u00fcr Strafrecht Stuttgart, Strafverteidiger & Fachanw\u00e4lte","alternateName":"Stirnweiss Brenner Rechtsanw\u00e4lte","url":"https:\/\/stirnweiss-brenner.de\/en\/","logo":{"@type":"ImageObject","inLanguage":"en-US","@id":"https:\/\/stirnweiss-brenner.de\/en\/#\/schema\/logo\/image\/","url":"https:\/\/stirnweiss-brenner.de\/wp-content\/uploads\/2023\/03\/SB_logo_l.png","contentUrl":"https:\/\/stirnweiss-brenner.de\/wp-content\/uploads\/2023\/03\/SB_logo_l.png","width":1436,"height":217,"caption":"Stirnweiss Brenner Rechtsanw\u00e4lte | Kanzlei f\u00fcr Strafrecht Stuttgart, Strafverteidiger & Fachanw\u00e4lte"},"image":{"@id":"https:\/\/stirnweiss-brenner.de\/en\/#\/schema\/logo\/image\/"},"sameAs":["https:\/\/www.facebook.com\/StirnweissBrennerRechtsanwaelte\/","https:\/\/www.linkedin.com\/company\/stirnweiss-brenner-rechtsanwaelte\/"]},{"@type":"Person","@id":"https:\/\/stirnweiss-brenner.de\/en\/#\/schema\/person\/68bb9c2235cc0dd5687fa2e5922b771c","name":"Paul F. Fallscheer-Schlegel","image":{"@type":"ImageObject","inLanguage":"en-US","@id":"https:\/\/secure.gravatar.com\/avatar\/0c8e9049ed78211a3dddeef806aafaab5796208657fa14e0c8504c3ecef24242?s=96&d=mm&r=g","url":"https:\/\/secure.gravatar.com\/avatar\/0c8e9049ed78211a3dddeef806aafaab5796208657fa14e0c8504c3ecef24242?s=96&d=mm&r=g","contentUrl":"https:\/\/secure.gravatar.com\/avatar\/0c8e9049ed78211a3dddeef806aafaab5796208657fa14e0c8504c3ecef24242?s=96&d=mm&r=g","caption":"Paul F. Fallscheer-Schlegel"},"sameAs":["https:\/\/laterna.tech"]}]}},"_links":{"self":[{"href":"https:\/\/stirnweiss-brenner.de\/en\/wp-json\/wp\/v2\/posts\/11967","targetHints":{"allow":["GET"]}}],"collection":[{"href":"https:\/\/stirnweiss-brenner.de\/en\/wp-json\/wp\/v2\/posts"}],"about":[{"href":"https:\/\/stirnweiss-brenner.de\/en\/wp-json\/wp\/v2\/types\/post"}],"author":[{"embeddable":true,"href":"https:\/\/stirnweiss-brenner.de\/en\/wp-json\/wp\/v2\/users\/7"}],"replies":[{"embeddable":true,"href":"https:\/\/stirnweiss-brenner.de\/en\/wp-json\/wp\/v2\/comments?post=11967"}],"version-history":[{"count":1,"href":"https:\/\/stirnweiss-brenner.de\/en\/wp-json\/wp\/v2\/posts\/11967\/revisions"}],"predecessor-version":[{"id":11969,"href":"https:\/\/stirnweiss-brenner.de\/en\/wp-json\/wp\/v2\/posts\/11967\/revisions\/11969"}],"wp:featuredmedia":[{"embeddable":true,"href":"https:\/\/stirnweiss-brenner.de\/en\/wp-json\/wp\/v2\/media\/11968"}],"wp:attachment":[{"href":"https:\/\/stirnweiss-brenner.de\/en\/wp-json\/wp\/v2\/media?parent=11967"}],"wp:term":[{"taxonomy":"category","embeddable":true,"href":"https:\/\/stirnweiss-brenner.de\/en\/wp-json\/wp\/v2\/categories?post=11967"},{"taxonomy":"post_tag","embeddable":true,"href":"https:\/\/stirnweiss-brenner.de\/en\/wp-json\/wp\/v2\/tags?post=11967"}],"curies":[{"name":"wp","href":"https:\/\/api.w.org\/{rel}","templated":true}]}}