{"id":11775,"date":"2025-01-13T18:38:57","date_gmt":"2025-01-13T17:38:57","guid":{"rendered":"https:\/\/stirnweiss-brenner.de\/pre-trial-detention-what-those-affected-need-to-know\/"},"modified":"2026-03-09T17:16:08","modified_gmt":"2026-03-09T16:16:08","slug":"pre-trial-detention-what-those-affected-need-to-know","status":"publish","type":"post","link":"https:\/\/stirnweiss-brenner.de\/en\/guide\/pre-trial-detention-what-those-affected-need-to-know\/","title":{"rendered":"Pre-Trial Detention: What Those Affected Need to Know"},"content":{"rendered":"\t\t<div data-elementor-type=\"wp-post\" data-elementor-id=\"11775\" class=\"elementor elementor-11775 elementor-9463\" data-elementor-post-type=\"post\">\n\t\t\t\t\t\t<section class=\"elementor-section elementor-top-section elementor-element elementor-element-13cec667 elementor-section-boxed elementor-section-height-default elementor-section-height-default\" data-id=\"13cec667\" data-element_type=\"section\" data-e-type=\"section\">\n\t\t\t\t\t\t<div class=\"elementor-container elementor-column-gap-default\">\n\t\t\t\t\t<div class=\"elementor-column elementor-col-100 elementor-top-column elementor-element elementor-element-47a1b052\" data-id=\"47a1b052\" data-element_type=\"column\" data-e-type=\"column\">\n\t\t\t<div class=\"elementor-widget-wrap elementor-element-populated\">\n\t\t\t\t\t\t<div class=\"elementor-element elementor-element-3577dd59 elementor-widget elementor-widget-text-editor\" data-id=\"3577dd59\" data-element_type=\"widget\" data-e-type=\"widget\" data-widget_type=\"text-editor.default\">\n\t\t\t\t<div class=\"elementor-widget-container\">\n\t\t\t\t\t\t\t\t\t<p><span style=\"font-weight: 400;\">Pre-trial detention also constitutes a serious infringement of the fundamental rights of the accused. An arrest warrant may therefore only be issued within narrow limits and under specific conditions. In reality, this is not always the case.  <\/span><\/p>\n<p><span style=\"font-weight: 400;\">As experienced criminal defense attorneys, we understand the critical importance of pre-trial detention in criminal law, as well as the significant impact on the lives of the accused. <\/span><\/p>\n<p><span style=\"font-weight: 400;\">This article explains the legal foundations of pre-trial detention and outlines the rights and options available to you as an accused person in this procedure.<\/span><\/p>\n<p><\/p>\t\t\t\t\t\t\t\t<\/div>\n\t\t\t\t<\/div>\n\t\t<div class=\"elementor-element elementor-element-2314470 e-flex e-con-boxed e-con e-parent\" data-id=\"2314470\" data-element_type=\"container\" data-e-type=\"container\" data-settings=\"{&quot;background_background&quot;:&quot;classic&quot;}\">\n\t\t\t\t\t<div class=\"e-con-inner\">\n\t\t\t\t<div class=\"elementor-element elementor-element-43abdc5 elementor-widget elementor-widget-text-editor\" data-id=\"43abdc5\" data-element_type=\"widget\" data-e-type=\"widget\" data-widget_type=\"text-editor.default\">\n\t\t\t\t<div class=\"elementor-widget-container\">\n\t\t\t\t\t\t\t\t\t<p><b>Are you accused?<\/b><span style=\"font-weight: 400;\"> Seek criminal law support from an expert as quickly as possible. As experienced <\/span><b>criminal defense lawyers,<\/b><span style=\"font-weight: 400;\"> we have already achieved early termination of proceedings, reduced sentences, or acquittals for many clients. We are happy to assist you with an accusation and provide comprehensive advice on a possible <\/span><b>defense strategy.<\/b><span style=\"font-weight: 400;\"> Arrange an initial consultation with us at any time.<\/span><\/p>\n<p><span style=\"font-weight: 400;\">A <\/span><b>relative<\/b><span style=\"font-weight: 400;\"> has been apprehended by the police and taken into custody\u2014as family or friends of the accused, quickly arrange for an experienced criminal defense attorney. Otherwise, a court-appointed defender will be assigned by the state. Such counsel can derail a case early on and cause significant damage.<\/span><\/p>\t\t\t\t\t\t\t\t<\/div>\n\t\t\t\t<\/div>\n\t\t\t\t\t<\/div>\n\t\t\t\t<\/div>\n\t\t\t\t<div class=\"elementor-element elementor-element-ec060be elementor-widget elementor-widget-text-editor\" data-id=\"ec060be\" data-element_type=\"widget\" data-e-type=\"widget\" data-widget_type=\"text-editor.default\">\n\t\t\t\t<div class=\"elementor-widget-container\">\n\t\t\t\t\t\t\t\t\t<h2><span style=\"font-weight: 400;\">What Is Pre-Trial Detention? <\/span><\/h2>\n<p><span style=\"font-weight: 400;\">Pre-trial detention is a form of <\/span><b>deprivation of liberty<\/b><span style=\"font-weight: 400;\"> ordered in the context of criminal proceedings. It is intended to ensure that the accused does not flee during further investigations, manipulate evidence, or influence witnesses. Pre-trial detention is a <\/span><b>preventive measure<\/b><span style=\"font-weight: 400;\">, not a punishment.<\/span> <\/p>\n<p> <\/p>\n<p><span style=\"font-weight: 400;\">This means it serves solely to safeguard the course of the investigation and secure the proceedings. It may only be imposed under certain conditions and must be reviewed regularly. <\/span><\/p>\n<p><span style=\"font-weight: 400;\">Pre-trial <\/span><b>detention<\/b><span style=\"font-weight: 400;\"> is generally ordered by the competent judge at the <\/span><b>local court<\/b><span style=\"font-weight: 400;\">\u2014usually the so-called <\/span><b>investigating judge<\/b><span style=\"font-weight: 400;\">\u2014upon application by the public prosecutor&#8217;s office. The <\/span><b>arrest warrant<\/b><span style=\"font-weight: 400;\"> must be issued in writing and must contain the name of the accused, the offense of which he is strongly suspected, the time and place of commission, the statutory elements of the offense, and the applicable penal provisions. In addition, the grounds for detention and the facts from which the strong suspicion and grounds for detention arise (unless this would endanger state security) must be stated.<\/span> <\/p>\n<p><span style=\"font-weight: 400;\">After apprehension, the accused must be brought before the competent court on the same day; if this is not possible, at the latest on the following day.<\/span><\/p>\n<p><span style=\"font-weight: 400;\">The &#8220;detention judge&#8221; = investigating judge, gives the accused the opportunity to comment on the matter and\/or his personal circumstances. The detention judge then examines whether the requirements for pre-trial detention are met and whether it is proportionate. <\/span><\/p>\n<p><span style=\"font-weight: 400;\">In practice, the appearance before the detention judge usually takes place within <\/span><b>24 hours<\/b><span style=\"font-weight: 400;\"> of the &#8220;arrest.&#8221; If the detention judge considers the pre-trial detention lawful, it is enforced. Otherwise, the accused is released.<\/span><\/p>\n<p> <\/p>\n<h2><span style=\"font-weight: 400;\">Requirements: When Does One Enter Pre-Trial Detention? <\/span><\/h2>\n<p><span style=\"font-weight: 400;\">Pre-trial detention is only ordered when there is strong suspicion of an offense and grounds for detention exist. These grounds for detention are defined in criminal procedural law. For clarity, however, they are presented in simplified form below:  <\/span><\/p>\n<h3><span style=\"font-weight: 400;\">Risk of Flight <\/span><\/h3>\n<p><span style=\"font-weight: 400;\">If there is suspicion that the accused could leave the country to evade criminal prosecution, pre-trial detention may be ordered. The arrest warrant need not be based on an actual <\/span><b>flight attempt<\/b><span style=\"font-weight: 400;\">, but on the possibility that the accused could flee. The potential sentence for the alleged offense plays a significant role here.<\/span><\/p>\n<h3><span style=\"font-weight: 400;\">Risk of Obstruction of Justice <\/span><\/h3>\n<p><span style=\"font-weight: 400;\">In cases of risk of obstruction of justice, it is presumed that the accused could destroy or manipulate <\/span><b>evidence<\/b><span style=\"font-weight: 400;\"> or influence witnesses. This risk may exist, for example, if the accused has direct contact with witnesses to the offense or is in a position to destroy evidence.<\/span><\/p>\n<h3><span style=\"font-weight: 400;\">Risk of Recidivism <\/span><\/h3>\n<p><span style=\"font-weight: 400;\">In cases where the accused has already committed a similar specific <\/span><b>criminal offense<\/b><span style=\"font-weight: 400;\"> and there is a high <\/span><b>risk of recidivism<\/b><span style=\"font-weight: 400;\">, pre-trial detention may also be ordered. This is particularly relevant for especially dangerous offenses such as robbery, arson, organized drug trafficking, or offenses against sexual self-determination.<\/span><\/p>\n<p> <\/p>\n<h2><span style=\"font-weight: 400;\">Duration of Pre-Trial Detention<\/span><\/h2>\n<p><span style=\"font-weight: 400;\">Pre-trial detention should not, in the legislature&#8217;s view, continue indefinitely. It must be reviewed regularly. An investigation should last a maximum of <\/span><b>6 months<\/b><span style=\"font-weight: 400;\"> before charges are filed. If no <\/span><b>indictment<\/b><span style=\"font-weight: 400;\"> has been filed by that time, the Higher Regional Court reviews the detention issue.<\/span><\/p>\n<p><span style=\"font-weight: 400;\">In particularly serious cases or complex investigations, detention may be extended. However, if it becomes apparent that the investigation does not yield sufficient results or the grounds for detention no longer apply, pre-trial detention is lifted. <\/span><\/p>\n<p> <\/p>\n<h2><span style=\"font-weight: 400;\">The Arrest Warrant and Its Consequences <\/span><\/h2>\n<p><span style=\"font-weight: 400;\">The arrest warrant is a serious step in criminal proceedings. It results in <\/span><b>deprivation of liberty<\/b><span style=\"font-weight: 400;\"> and has far-reaching effects on the life of the accused. It is a provisional measure that does not simultaneously constitute a conviction. A conviction for a criminal offense is issued exclusively by the competent court and not by the &#8220;detention judge.&#8221;<\/span><\/p>\n<p><span style=\"font-weight: 400;\">The issuance of an arrest warrant can <\/span><b>stigmatize<\/b><span style=\"font-weight: 400;\"> the accused and in many cases also affects personal and professional life. It is therefore crucial to seek <\/span><b>legal advice<\/b><span style=\"font-weight: 400;\"> and support early on to challenge the grounds for detention and minimize the potential consequences of pre-trial detention.<\/span><\/p>\n<p> <\/p>\n<h2><span style=\"font-weight: 400;\">Rights of the Accused in Pre-Trial Detention <\/span><\/h2>\n<p><span style=\"font-weight: 400;\">Even when the accused is in pre-trial detention, he has certain rights that are available to him in the context of criminal proceedings. These rights are: <\/span><\/p>\n<h3><span style=\"font-weight: 400;\">Right to Legal Counsel <\/span><\/h3>\n<p><span style=\"font-weight: 400;\">The accused has the right to consult an attorney. It is advisable to exercise this right in order to organize one&#8217;s <\/span><b>defense<\/b><span style=\"font-weight: 400;\"> and exhaust legal options. An attorney can review the investigation files and, if necessary, challenge the order of pre-trial detention if the requirements are not met or the detention is disproportionate.<\/span><\/p>\n<h3><span style=\"font-weight: 400;\">Right to Placement in an Appropriate Detention Facility <\/span><\/h3>\n<p><span style=\"font-weight: 400;\">The accused must be housed during detention in a facility appropriate to his respective criminal law status. Excessive hardship or inappropriate conditions are impermissible. In the event of inappropriate <\/span><b>detention conditions<\/b><span style=\"font-weight: 400;\">, the attorney may file a motion for improvement of detention conditions.<\/span><\/p>\n<h3><span style=\"font-weight: 400;\">Right to a Legal Hearing <\/span><\/h3>\n<p><span style=\"font-weight: 400;\">The accused has the right to comment on the investigation. However, this can be detrimental to the defense, as the accused&#8217;s statements can be used against him. The accused is therefore entitled to exercise his <\/span><b>right to remain silent<\/b><span style=\"font-weight: 400;\">, which is the best way to avoid self-incrimination.<\/span><\/p>\n<p> <\/p>\n<h2><span style=\"font-weight: 400;\">Are You Facing Pre-Trial Detention? How to Conduct Yourself Properly <\/span><\/h2>\n<p><span style=\"font-weight: 400;\">If you are facing pre-trial detention, it is crucial to remain <\/span><b>calm<\/b><span style=\"font-weight: 400;\"> and composed. First, you should immediately contact an experienced <\/span><b>criminal defense attorney<\/b><span style=\"font-weight: 400;\">. If you have not already selected one in advance, it will be difficult to choose an attorney from police custody. This should then be done by friends or family on behalf of the accused.<\/span> <\/p>\n<p><span style=\"font-weight: 400;\">An attorney can help you protect your rights and develop a sound <\/span><b>defense strategy<\/b><span style=\"font-weight: 400;\">. Refrain from making statements about the allegations without legal assistance, as your <\/span><b>statements<\/b><span style=\"font-weight: 400;\"> could be used against you.<\/span><\/p>\n<p><span style=\"font-weight: 400;\">Ensure that you are informed of all relevant information in the proceedings. Your attorney will review the <\/span><b>investigation files<\/b><span style=\"font-weight: 400;\"> and, if necessary, apply for the arrest warrant to be reviewed or lifted. In many cases, suspension of the arrest warrant subject to conditions such as reporting requirements to the police, bail, etc., can be achieved.<\/span><\/p>\t\t\t\t\t\t\t\t<\/div>\n\t\t\t\t<\/div>\n\t\t\t\t\t<\/div>\n\t\t<\/div>\n\t\t\t\t\t<\/div>\n\t\t<\/section>\n\t\t<div class=\"elementor-element elementor-element-01d62a1 e-flex e-con-boxed e-con e-parent\" data-id=\"01d62a1\" data-element_type=\"container\" data-e-type=\"container\" data-settings=\"{&quot;background_background&quot;:&quot;classic&quot;}\">\n\t\t\t\t\t<div class=\"e-con-inner\">\n\t\t\t\t<div class=\"elementor-element elementor-element-bcfb6f5 elementor-widget elementor-widget-text-editor\" data-id=\"bcfb6f5\" data-element_type=\"widget\" data-e-type=\"widget\" data-widget_type=\"text-editor.default\">\n\t\t\t\t<div class=\"elementor-widget-container\">\n\t\t\t\t\t\t\t\t\t<p><span style=\"font-weight: 400;\">As <strong>experienced criminal defence lawyers<\/strong>, we have already been able to achieve early discontinuation of proceedings, a reduction in sentence or an acquittal for many clients. We will be pleased to support you legally in the event of an allegation and provide comprehensive advice on a possible defence strategy. Arrange an initial consultation with us at any time.  <\/span><\/p>\t\t\t\t\t\t\t\t<\/div>\n\t\t\t\t<\/div>\n\t\t<div class=\"elementor-element elementor-element-0171f5f e-flex e-con-boxed e-con e-child\" data-id=\"0171f5f\" data-element_type=\"container\" data-e-type=\"container\">\n\t\t\t\t\t<div class=\"e-con-inner\">\n\t\t\t\t<div class=\"elementor-element elementor-element-6f68a61 elementor-position-inline-start elementor-mobile-position-inline-start elementor-view-default elementor-widget elementor-widget-icon-box\" data-id=\"6f68a61\" data-element_type=\"widget\" data-e-type=\"widget\" data-widget_type=\"icon-box.default\">\n\t\t\t\t<div class=\"elementor-widget-container\">\n\t\t\t\t\t\t\t<div class=\"elementor-icon-box-wrapper\">\n\n\t\t\t\t\t\t<div class=\"elementor-icon-box-icon\">\n\t\t\t\t<span  class=\"elementor-icon\">\n\t\t\t\t<i aria-hidden=\"true\" class=\"fas fa-mobile-alt\"><\/i>\t\t\t\t<\/span>\n\t\t\t<\/div>\n\t\t\t\n\t\t\t\t\t\t<div class=\"elementor-icon-box-content\">\n\n\t\t\t\t\t\t\t\t\t<span class=\"elementor-icon-box-title\">\n\t\t\t\t\t\t<span  >\n\t\t\t\t\t\t\tEmergency number\t\t\t\t\t\t<\/span>\n\t\t\t\t\t<\/span>\n\t\t\t\t\n\t\t\t\t\n\t\t\t<\/div>\n\t\t\t\n\t\t<\/div>\n\t\t\t\t\t\t<\/div>\n\t\t\t\t<\/div>\n\t\t\t\t<div class=\"elementor-element elementor-element-9d47f73 elementor-widget elementor-widget-heading\" data-id=\"9d47f73\" data-element_type=\"widget\" data-e-type=\"widget\" data-widget_type=\"heading.default\">\n\t\t\t\t<div class=\"elementor-widget-container\">\n\t\t\t\t\t<span class=\"elementor-heading-title elementor-size-default\"><a href=\"http:\/\/+49%20(0)711%20-%2084%2098%2077%200\">+49 (0)151 - 61 42 90 00 (24-hour emergency service)<\/a><\/span>\t\t\t\t<\/div>\n\t\t\t\t<\/div>\n\t\t\t\t\t<\/div>\n\t\t\t\t<\/div>\n\t\t<div class=\"elementor-element elementor-element-7689fba e-flex e-con-boxed e-con e-child\" data-id=\"7689fba\" data-element_type=\"container\" data-e-type=\"container\">\n\t\t\t\t\t<div class=\"e-con-inner\">\n\t\t\t\t<div class=\"elementor-element elementor-element-84d808a elementor-position-inline-start elementor-mobile-position-inline-start elementor-view-default elementor-widget elementor-widget-icon-box\" data-id=\"84d808a\" data-element_type=\"widget\" data-e-type=\"widget\" data-widget_type=\"icon-box.default\">\n\t\t\t\t<div class=\"elementor-widget-container\">\n\t\t\t\t\t\t\t<div class=\"elementor-icon-box-wrapper\">\n\n\t\t\t\t\t\t<div class=\"elementor-icon-box-icon\">\n\t\t\t\t<span  class=\"elementor-icon\">\n\t\t\t\t<i aria-hidden=\"true\" class=\"fas fa-mobile-alt\"><\/i>\t\t\t\t<\/span>\n\t\t\t<\/div>\n\t\t\t\n\t\t\t\t\t\t<div class=\"elementor-icon-box-content\">\n\n\t\t\t\t\t\t\t\t\t<span class=\"elementor-icon-box-title\">\n\t\t\t\t\t\t<span  >\n\t\t\t\t\t\t\tOffice \u2013 call us without obligation\t\t\t\t\t\t<\/span>\n\t\t\t\t\t<\/span>\n\t\t\t\t\n\t\t\t\t\n\t\t\t<\/div>\n\t\t\t\n\t\t<\/div>\n\t\t\t\t\t\t<\/div>\n\t\t\t\t<\/div>\n\t\t\t\t<div class=\"elementor-element elementor-element-5397d91 elementor-widget elementor-widget-heading\" data-id=\"5397d91\" data-element_type=\"widget\" data-e-type=\"widget\" data-widget_type=\"heading.default\">\n\t\t\t\t<div class=\"elementor-widget-container\">\n\t\t\t\t\t<span class=\"elementor-heading-title elementor-size-default\"><a href=\"tel:+49%20(0)151%20-%2061%2042%2090%2000\">+49 (0)711 - 84 98 77 0<\/a><\/span>\t\t\t\t<\/div>\n\t\t\t\t<\/div>\n\t\t\t\t\t<\/div>\n\t\t\t\t<\/div>\n\t\t\t\t\t<\/div>\n\t\t\t\t<\/div>\n\t\t\t\t<\/div>\n\t\t","protected":false},"excerpt":{"rendered":"<p>Pre-trial detention also constitutes a serious infringement of the fundamental rights of the accused. An arrest warrant may therefore only be issued within narrow limits and under specific conditions. In reality, this is not always the case. As experienced criminal defense attorneys, we understand the critical importance of pre-trial detention in criminal law, as well [&hellip;]<\/p>\n","protected":false},"author":7,"featured_media":11162,"comment_status":"closed","ping_status":"open","sticky":false,"template":"","format":"standard","meta":{"footnotes":""},"categories":[1],"tags":[73],"class_list":["post-11775","post","type-post","status-publish","format-standard","has-post-thumbnail","hentry","category-guide","tag-guide"],"yoast_head":"<!-- This site is optimized with the Yoast SEO plugin v27.4 - https:\/\/yoast.com\/product\/yoast-seo-wordpress\/ -->\n<title>Pre-Trial Detention: What Those Affected Need to Know - Stirnweiss | Brenner Rechtsanw\u00e4lte<\/title>\n<meta name=\"description\" content=\"Are you or a relative in pre-trial detention? We represent you competently &amp; quickly in cases of remand custody and criminal proceedings.\" \/>\n<meta name=\"robots\" content=\"index, follow, max-snippet:-1, max-image-preview:large, max-video-preview:-1\" \/>\n<link rel=\"canonical\" href=\"https:\/\/stirnweiss-brenner.de\/en\/guide\/pre-trial-detention-what-those-affected-need-to-know\/\" \/>\n<meta property=\"og:locale\" content=\"en_US\" \/>\n<meta property=\"og:type\" content=\"article\" \/>\n<meta property=\"og:title\" content=\"Pre-Trial Detention: What Those Affected Need to Know - Stirnweiss | Brenner Rechtsanw\u00e4lte\" \/>\n<meta property=\"og:description\" content=\"Are you or a relative in pre-trial detention? We represent you competently &amp; quickly in cases of remand custody and criminal proceedings.\" \/>\n<meta property=\"og:url\" content=\"https:\/\/stirnweiss-brenner.de\/en\/guide\/pre-trial-detention-what-those-affected-need-to-know\/\" \/>\n<meta property=\"og:site_name\" content=\"Stirnweiss | Brenner Rechtsanw\u00e4lte\" \/>\n<meta property=\"article:publisher\" content=\"https:\/\/www.facebook.com\/StirnweissBrennerRechtsanwaelte\/\" \/>\n<meta property=\"article:published_time\" content=\"2025-01-13T17:38:57+00:00\" \/>\n<meta property=\"article:modified_time\" content=\"2026-03-09T16:16:08+00:00\" \/>\n<meta property=\"og:image\" content=\"https:\/\/stirnweiss-brenner.de\/wp-content\/uploads\/2023\/10\/mgf_kanzlei-stirnweiss-brenner_09-scaled.jpg\" \/>\n\t<meta property=\"og:image:width\" content=\"2560\" \/>\n\t<meta property=\"og:image:height\" content=\"1707\" \/>\n\t<meta property=\"og:image:type\" content=\"image\/jpeg\" \/>\n<meta name=\"author\" content=\"Paul F. Fallscheer-Schlegel\" \/>\n<meta name=\"twitter:card\" content=\"summary_large_image\" \/>\n<meta name=\"twitter:label1\" content=\"Written by\" \/>\n\t<meta name=\"twitter:data1\" content=\"Paul F. Fallscheer-Schlegel\" \/>\n\t<meta name=\"twitter:label2\" content=\"Est. reading time\" \/>\n\t<meta name=\"twitter:data2\" content=\"6 minutes\" \/>\n<script type=\"application\/ld+json\" class=\"yoast-schema-graph\">{\"@context\":\"https:\\\/\\\/schema.org\",\"@graph\":[{\"@type\":\"Article\",\"@id\":\"https:\\\/\\\/stirnweiss-brenner.de\\\/en\\\/guide\\\/pre-trial-detention-what-those-affected-need-to-know\\\/#article\",\"isPartOf\":{\"@id\":\"https:\\\/\\\/stirnweiss-brenner.de\\\/en\\\/guide\\\/pre-trial-detention-what-those-affected-need-to-know\\\/\"},\"author\":{\"name\":\"Paul F. Fallscheer-Schlegel\",\"@id\":\"https:\\\/\\\/stirnweiss-brenner.de\\\/en\\\/#\\\/schema\\\/person\\\/68bb9c2235cc0dd5687fa2e5922b771c\"},\"headline\":\"Pre-Trial Detention: What Those Affected Need to Know\",\"datePublished\":\"2025-01-13T17:38:57+00:00\",\"dateModified\":\"2026-03-09T16:16:08+00:00\",\"mainEntityOfPage\":{\"@id\":\"https:\\\/\\\/stirnweiss-brenner.de\\\/en\\\/guide\\\/pre-trial-detention-what-those-affected-need-to-know\\\/\"},\"wordCount\":1294,\"publisher\":{\"@id\":\"https:\\\/\\\/stirnweiss-brenner.de\\\/en\\\/#organization\"},\"image\":{\"@id\":\"https:\\\/\\\/stirnweiss-brenner.de\\\/en\\\/guide\\\/pre-trial-detention-what-those-affected-need-to-know\\\/#primaryimage\"},\"thumbnailUrl\":\"https:\\\/\\\/stirnweiss-brenner.de\\\/wp-content\\\/uploads\\\/2023\\\/10\\\/mgf_kanzlei-stirnweiss-brenner_09-scaled.jpg\",\"keywords\":[\"Guide\"],\"articleSection\":[\"Guide\"],\"inLanguage\":\"en-US\"},{\"@type\":\"WebPage\",\"@id\":\"https:\\\/\\\/stirnweiss-brenner.de\\\/en\\\/guide\\\/pre-trial-detention-what-those-affected-need-to-know\\\/\",\"url\":\"https:\\\/\\\/stirnweiss-brenner.de\\\/en\\\/guide\\\/pre-trial-detention-what-those-affected-need-to-know\\\/\",\"name\":\"Pre-Trial Detention: What Those Affected Need to Know - Stirnweiss | Brenner Rechtsanw\u00e4lte\",\"isPartOf\":{\"@id\":\"https:\\\/\\\/stirnweiss-brenner.de\\\/en\\\/#website\"},\"primaryImageOfPage\":{\"@id\":\"https:\\\/\\\/stirnweiss-brenner.de\\\/en\\\/guide\\\/pre-trial-detention-what-those-affected-need-to-know\\\/#primaryimage\"},\"image\":{\"@id\":\"https:\\\/\\\/stirnweiss-brenner.de\\\/en\\\/guide\\\/pre-trial-detention-what-those-affected-need-to-know\\\/#primaryimage\"},\"thumbnailUrl\":\"https:\\\/\\\/stirnweiss-brenner.de\\\/wp-content\\\/uploads\\\/2023\\\/10\\\/mgf_kanzlei-stirnweiss-brenner_09-scaled.jpg\",\"datePublished\":\"2025-01-13T17:38:57+00:00\",\"dateModified\":\"2026-03-09T16:16:08+00:00\",\"description\":\"Are you or a relative in pre-trial detention? We represent you competently & quickly in cases of remand custody and criminal proceedings.\",\"breadcrumb\":{\"@id\":\"https:\\\/\\\/stirnweiss-brenner.de\\\/en\\\/guide\\\/pre-trial-detention-what-those-affected-need-to-know\\\/#breadcrumb\"},\"inLanguage\":\"en-US\",\"potentialAction\":[{\"@type\":\"ReadAction\",\"target\":[\"https:\\\/\\\/stirnweiss-brenner.de\\\/en\\\/guide\\\/pre-trial-detention-what-those-affected-need-to-know\\\/\"]}]},{\"@type\":\"ImageObject\",\"inLanguage\":\"en-US\",\"@id\":\"https:\\\/\\\/stirnweiss-brenner.de\\\/en\\\/guide\\\/pre-trial-detention-what-those-affected-need-to-know\\\/#primaryimage\",\"url\":\"https:\\\/\\\/stirnweiss-brenner.de\\\/wp-content\\\/uploads\\\/2023\\\/10\\\/mgf_kanzlei-stirnweiss-brenner_09-scaled.jpg\",\"contentUrl\":\"https:\\\/\\\/stirnweiss-brenner.de\\\/wp-content\\\/uploads\\\/2023\\\/10\\\/mgf_kanzlei-stirnweiss-brenner_09-scaled.jpg\",\"width\":2560,\"height\":1707},{\"@type\":\"BreadcrumbList\",\"@id\":\"https:\\\/\\\/stirnweiss-brenner.de\\\/en\\\/guide\\\/pre-trial-detention-what-those-affected-need-to-know\\\/#breadcrumb\",\"itemListElement\":[{\"@type\":\"ListItem\",\"position\":1,\"name\":\"Home\",\"item\":\"https:\\\/\\\/stirnweiss-brenner.de\\\/en\\\/\"},{\"@type\":\"ListItem\",\"position\":2,\"name\":\"Pre-Trial Detention: What Those Affected Need to Know\"}]},{\"@type\":\"WebSite\",\"@id\":\"https:\\\/\\\/stirnweiss-brenner.de\\\/en\\\/#website\",\"url\":\"https:\\\/\\\/stirnweiss-brenner.de\\\/en\\\/\",\"name\":\"Stirnweiss | Brenner Rechtsanw\u00e4lte f\u00fcr Strafrecht in Stuttgart & Konstanz\",\"description\":\"Kompetente, rasche Hilfe in Stuttgart bei Stirnweiss | Brenner Rechtsanw\u00e4lte. Unsere Kanzlei bietet Ihnen Strafverteidigung in allen Facetten.\",\"publisher\":{\"@id\":\"https:\\\/\\\/stirnweiss-brenner.de\\\/en\\\/#organization\"},\"alternateName\":\"Stirnweiss | Brenner Rechtsanw\u00e4lte\",\"potentialAction\":[{\"@type\":\"SearchAction\",\"target\":{\"@type\":\"EntryPoint\",\"urlTemplate\":\"https:\\\/\\\/stirnweiss-brenner.de\\\/en\\\/?s={search_term_string}\"},\"query-input\":{\"@type\":\"PropertyValueSpecification\",\"valueRequired\":true,\"valueName\":\"search_term_string\"}}],\"inLanguage\":\"en-US\"},{\"@type\":\"Organization\",\"@id\":\"https:\\\/\\\/stirnweiss-brenner.de\\\/en\\\/#organization\",\"name\":\"Stirnweiss Brenner Rechtsanw\u00e4lte | Kanzlei f\u00fcr Strafrecht Stuttgart, Strafverteidiger & Fachanw\u00e4lte\",\"alternateName\":\"Stirnweiss Brenner Rechtsanw\u00e4lte\",\"url\":\"https:\\\/\\\/stirnweiss-brenner.de\\\/en\\\/\",\"logo\":{\"@type\":\"ImageObject\",\"inLanguage\":\"en-US\",\"@id\":\"https:\\\/\\\/stirnweiss-brenner.de\\\/en\\\/#\\\/schema\\\/logo\\\/image\\\/\",\"url\":\"https:\\\/\\\/stirnweiss-brenner.de\\\/wp-content\\\/uploads\\\/2023\\\/03\\\/SB_logo_l.png\",\"contentUrl\":\"https:\\\/\\\/stirnweiss-brenner.de\\\/wp-content\\\/uploads\\\/2023\\\/03\\\/SB_logo_l.png\",\"width\":1436,\"height\":217,\"caption\":\"Stirnweiss Brenner Rechtsanw\u00e4lte | Kanzlei f\u00fcr Strafrecht Stuttgart, Strafverteidiger & Fachanw\u00e4lte\"},\"image\":{\"@id\":\"https:\\\/\\\/stirnweiss-brenner.de\\\/en\\\/#\\\/schema\\\/logo\\\/image\\\/\"},\"sameAs\":[\"https:\\\/\\\/www.facebook.com\\\/StirnweissBrennerRechtsanwaelte\\\/\",\"https:\\\/\\\/www.linkedin.com\\\/company\\\/stirnweiss-brenner-rechtsanwaelte\\\/\"]},{\"@type\":\"Person\",\"@id\":\"https:\\\/\\\/stirnweiss-brenner.de\\\/en\\\/#\\\/schema\\\/person\\\/68bb9c2235cc0dd5687fa2e5922b771c\",\"name\":\"Paul F. Fallscheer-Schlegel\",\"image\":{\"@type\":\"ImageObject\",\"inLanguage\":\"en-US\",\"@id\":\"https:\\\/\\\/secure.gravatar.com\\\/avatar\\\/0c8e9049ed78211a3dddeef806aafaab5796208657fa14e0c8504c3ecef24242?s=96&d=mm&r=g\",\"url\":\"https:\\\/\\\/secure.gravatar.com\\\/avatar\\\/0c8e9049ed78211a3dddeef806aafaab5796208657fa14e0c8504c3ecef24242?s=96&d=mm&r=g\",\"contentUrl\":\"https:\\\/\\\/secure.gravatar.com\\\/avatar\\\/0c8e9049ed78211a3dddeef806aafaab5796208657fa14e0c8504c3ecef24242?s=96&d=mm&r=g\",\"caption\":\"Paul F. Fallscheer-Schlegel\"},\"sameAs\":[\"https:\\\/\\\/laterna.tech\"]}]}<\/script>\n<!-- \/ Yoast SEO plugin. -->","yoast_head_json":{"title":"Pre-Trial Detention: What Those Affected Need to Know - Stirnweiss | Brenner Rechtsanw\u00e4lte","description":"Are you or a relative in pre-trial detention? We represent you competently & quickly in cases of remand custody and criminal proceedings.","robots":{"index":"index","follow":"follow","max-snippet":"max-snippet:-1","max-image-preview":"max-image-preview:large","max-video-preview":"max-video-preview:-1"},"canonical":"https:\/\/stirnweiss-brenner.de\/en\/guide\/pre-trial-detention-what-those-affected-need-to-know\/","og_locale":"en_US","og_type":"article","og_title":"Pre-Trial Detention: What Those Affected Need to Know - Stirnweiss | Brenner Rechtsanw\u00e4lte","og_description":"Are you or a relative in pre-trial detention? We represent you competently & quickly in cases of remand custody and criminal proceedings.","og_url":"https:\/\/stirnweiss-brenner.de\/en\/guide\/pre-trial-detention-what-those-affected-need-to-know\/","og_site_name":"Stirnweiss | Brenner Rechtsanw\u00e4lte","article_publisher":"https:\/\/www.facebook.com\/StirnweissBrennerRechtsanwaelte\/","article_published_time":"2025-01-13T17:38:57+00:00","article_modified_time":"2026-03-09T16:16:08+00:00","og_image":[{"width":2560,"height":1707,"url":"https:\/\/stirnweiss-brenner.de\/wp-content\/uploads\/2023\/10\/mgf_kanzlei-stirnweiss-brenner_09-scaled.jpg","type":"image\/jpeg"}],"author":"Paul F. Fallscheer-Schlegel","twitter_card":"summary_large_image","twitter_misc":{"Written by":"Paul F. Fallscheer-Schlegel","Est. reading time":"6 minutes"},"schema":{"@context":"https:\/\/schema.org","@graph":[{"@type":"Article","@id":"https:\/\/stirnweiss-brenner.de\/en\/guide\/pre-trial-detention-what-those-affected-need-to-know\/#article","isPartOf":{"@id":"https:\/\/stirnweiss-brenner.de\/en\/guide\/pre-trial-detention-what-those-affected-need-to-know\/"},"author":{"name":"Paul F. Fallscheer-Schlegel","@id":"https:\/\/stirnweiss-brenner.de\/en\/#\/schema\/person\/68bb9c2235cc0dd5687fa2e5922b771c"},"headline":"Pre-Trial Detention: What Those Affected Need to Know","datePublished":"2025-01-13T17:38:57+00:00","dateModified":"2026-03-09T16:16:08+00:00","mainEntityOfPage":{"@id":"https:\/\/stirnweiss-brenner.de\/en\/guide\/pre-trial-detention-what-those-affected-need-to-know\/"},"wordCount":1294,"publisher":{"@id":"https:\/\/stirnweiss-brenner.de\/en\/#organization"},"image":{"@id":"https:\/\/stirnweiss-brenner.de\/en\/guide\/pre-trial-detention-what-those-affected-need-to-know\/#primaryimage"},"thumbnailUrl":"https:\/\/stirnweiss-brenner.de\/wp-content\/uploads\/2023\/10\/mgf_kanzlei-stirnweiss-brenner_09-scaled.jpg","keywords":["Guide"],"articleSection":["Guide"],"inLanguage":"en-US"},{"@type":"WebPage","@id":"https:\/\/stirnweiss-brenner.de\/en\/guide\/pre-trial-detention-what-those-affected-need-to-know\/","url":"https:\/\/stirnweiss-brenner.de\/en\/guide\/pre-trial-detention-what-those-affected-need-to-know\/","name":"Pre-Trial Detention: What Those Affected Need to Know - Stirnweiss | Brenner Rechtsanw\u00e4lte","isPartOf":{"@id":"https:\/\/stirnweiss-brenner.de\/en\/#website"},"primaryImageOfPage":{"@id":"https:\/\/stirnweiss-brenner.de\/en\/guide\/pre-trial-detention-what-those-affected-need-to-know\/#primaryimage"},"image":{"@id":"https:\/\/stirnweiss-brenner.de\/en\/guide\/pre-trial-detention-what-those-affected-need-to-know\/#primaryimage"},"thumbnailUrl":"https:\/\/stirnweiss-brenner.de\/wp-content\/uploads\/2023\/10\/mgf_kanzlei-stirnweiss-brenner_09-scaled.jpg","datePublished":"2025-01-13T17:38:57+00:00","dateModified":"2026-03-09T16:16:08+00:00","description":"Are you or a relative in pre-trial detention? We represent you competently & quickly in cases of remand custody and criminal proceedings.","breadcrumb":{"@id":"https:\/\/stirnweiss-brenner.de\/en\/guide\/pre-trial-detention-what-those-affected-need-to-know\/#breadcrumb"},"inLanguage":"en-US","potentialAction":[{"@type":"ReadAction","target":["https:\/\/stirnweiss-brenner.de\/en\/guide\/pre-trial-detention-what-those-affected-need-to-know\/"]}]},{"@type":"ImageObject","inLanguage":"en-US","@id":"https:\/\/stirnweiss-brenner.de\/en\/guide\/pre-trial-detention-what-those-affected-need-to-know\/#primaryimage","url":"https:\/\/stirnweiss-brenner.de\/wp-content\/uploads\/2023\/10\/mgf_kanzlei-stirnweiss-brenner_09-scaled.jpg","contentUrl":"https:\/\/stirnweiss-brenner.de\/wp-content\/uploads\/2023\/10\/mgf_kanzlei-stirnweiss-brenner_09-scaled.jpg","width":2560,"height":1707},{"@type":"BreadcrumbList","@id":"https:\/\/stirnweiss-brenner.de\/en\/guide\/pre-trial-detention-what-those-affected-need-to-know\/#breadcrumb","itemListElement":[{"@type":"ListItem","position":1,"name":"Home","item":"https:\/\/stirnweiss-brenner.de\/en\/"},{"@type":"ListItem","position":2,"name":"Pre-Trial Detention: What Those Affected Need to Know"}]},{"@type":"WebSite","@id":"https:\/\/stirnweiss-brenner.de\/en\/#website","url":"https:\/\/stirnweiss-brenner.de\/en\/","name":"Stirnweiss | Brenner Rechtsanw\u00e4lte f\u00fcr Strafrecht in Stuttgart & Konstanz","description":"Kompetente, rasche Hilfe in Stuttgart bei Stirnweiss | Brenner Rechtsanw\u00e4lte. Unsere Kanzlei bietet Ihnen Strafverteidigung in allen Facetten.","publisher":{"@id":"https:\/\/stirnweiss-brenner.de\/en\/#organization"},"alternateName":"Stirnweiss | Brenner Rechtsanw\u00e4lte","potentialAction":[{"@type":"SearchAction","target":{"@type":"EntryPoint","urlTemplate":"https:\/\/stirnweiss-brenner.de\/en\/?s={search_term_string}"},"query-input":{"@type":"PropertyValueSpecification","valueRequired":true,"valueName":"search_term_string"}}],"inLanguage":"en-US"},{"@type":"Organization","@id":"https:\/\/stirnweiss-brenner.de\/en\/#organization","name":"Stirnweiss Brenner Rechtsanw\u00e4lte | Kanzlei f\u00fcr Strafrecht Stuttgart, Strafverteidiger & Fachanw\u00e4lte","alternateName":"Stirnweiss Brenner Rechtsanw\u00e4lte","url":"https:\/\/stirnweiss-brenner.de\/en\/","logo":{"@type":"ImageObject","inLanguage":"en-US","@id":"https:\/\/stirnweiss-brenner.de\/en\/#\/schema\/logo\/image\/","url":"https:\/\/stirnweiss-brenner.de\/wp-content\/uploads\/2023\/03\/SB_logo_l.png","contentUrl":"https:\/\/stirnweiss-brenner.de\/wp-content\/uploads\/2023\/03\/SB_logo_l.png","width":1436,"height":217,"caption":"Stirnweiss Brenner Rechtsanw\u00e4lte | Kanzlei f\u00fcr Strafrecht Stuttgart, Strafverteidiger & Fachanw\u00e4lte"},"image":{"@id":"https:\/\/stirnweiss-brenner.de\/en\/#\/schema\/logo\/image\/"},"sameAs":["https:\/\/www.facebook.com\/StirnweissBrennerRechtsanwaelte\/","https:\/\/www.linkedin.com\/company\/stirnweiss-brenner-rechtsanwaelte\/"]},{"@type":"Person","@id":"https:\/\/stirnweiss-brenner.de\/en\/#\/schema\/person\/68bb9c2235cc0dd5687fa2e5922b771c","name":"Paul F. Fallscheer-Schlegel","image":{"@type":"ImageObject","inLanguage":"en-US","@id":"https:\/\/secure.gravatar.com\/avatar\/0c8e9049ed78211a3dddeef806aafaab5796208657fa14e0c8504c3ecef24242?s=96&d=mm&r=g","url":"https:\/\/secure.gravatar.com\/avatar\/0c8e9049ed78211a3dddeef806aafaab5796208657fa14e0c8504c3ecef24242?s=96&d=mm&r=g","contentUrl":"https:\/\/secure.gravatar.com\/avatar\/0c8e9049ed78211a3dddeef806aafaab5796208657fa14e0c8504c3ecef24242?s=96&d=mm&r=g","caption":"Paul F. Fallscheer-Schlegel"},"sameAs":["https:\/\/laterna.tech"]}]}},"_links":{"self":[{"href":"https:\/\/stirnweiss-brenner.de\/en\/wp-json\/wp\/v2\/posts\/11775","targetHints":{"allow":["GET"]}}],"collection":[{"href":"https:\/\/stirnweiss-brenner.de\/en\/wp-json\/wp\/v2\/posts"}],"about":[{"href":"https:\/\/stirnweiss-brenner.de\/en\/wp-json\/wp\/v2\/types\/post"}],"author":[{"embeddable":true,"href":"https:\/\/stirnweiss-brenner.de\/en\/wp-json\/wp\/v2\/users\/7"}],"replies":[{"embeddable":true,"href":"https:\/\/stirnweiss-brenner.de\/en\/wp-json\/wp\/v2\/comments?post=11775"}],"version-history":[{"count":4,"href":"https:\/\/stirnweiss-brenner.de\/en\/wp-json\/wp\/v2\/posts\/11775\/revisions"}],"predecessor-version":[{"id":12331,"href":"https:\/\/stirnweiss-brenner.de\/en\/wp-json\/wp\/v2\/posts\/11775\/revisions\/12331"}],"wp:featuredmedia":[{"embeddable":true,"href":"https:\/\/stirnweiss-brenner.de\/en\/wp-json\/wp\/v2\/media\/11162"}],"wp:attachment":[{"href":"https:\/\/stirnweiss-brenner.de\/en\/wp-json\/wp\/v2\/media?parent=11775"}],"wp:term":[{"taxonomy":"category","embeddable":true,"href":"https:\/\/stirnweiss-brenner.de\/en\/wp-json\/wp\/v2\/categories?post=11775"},{"taxonomy":"post_tag","embeddable":true,"href":"https:\/\/stirnweiss-brenner.de\/en\/wp-json\/wp\/v2\/tags?post=11775"}],"curies":[{"name":"wp","href":"https:\/\/api.w.org\/{rel}","templated":true}]}}