{"id":11740,"date":"2025-01-14T10:00:32","date_gmt":"2025-01-14T09:00:32","guid":{"rendered":"https:\/\/stirnweiss-brenner.de\/suspended-sentence-for-schramberg-police-officer-assailant\/"},"modified":"2026-03-09T17:15:56","modified_gmt":"2026-03-09T16:15:56","slug":"suspended-sentence-for-schramberg-police-officer-assailant","status":"publish","type":"post","link":"https:\/\/stirnweiss-brenner.de\/en\/press\/suspended-sentence-for-schramberg-police-officer-assailant\/","title":{"rendered":"Suspended sentence for Schramberg police officer assailant"},"content":{"rendered":"\n<p>The law firm\u2019s 53-year-old client was sentenced by the Oberndorf Local Court to a four-month suspended sentence after attacking, insulting and spitting at two police officers in Schramberg during an arrest in June 2024. The defendant confessed, apologised to the officers and attributed his condition to a blood alcohol level of 1.92 per mille and the use of amphetamines. The charge of criminal damage to a neighbour\u2019s door was dropped due to lack of evidence. Likewise, the allegation of assault against his ex-girlfriend from Seedorf was discontinued due to contradictory witness statements and a lack of evidence. In addition to the suspended sentence, the client must attend three addiction counselling appointments and complete 80 hours of community service, which may be converted into a fine if he takes up employment. The defence emphasised the client\u2019s difficult personal circumstances following his mother\u2019s death and his efforts at rehabilitation.<br\/>Read the report in the Schwarzw\u00e4lder Bote: <a href=\"https:\/\/www.schwarzwaelder-bote.de\/inhalt.amtsgericht-oberndorf-bewaehrungsstrafe-fuer-schramberger-beamtenschlaeger.dc322bd6-c34c-4ca4-bb4b-1d7779bee024.html\">https:\/\/www.schwarzwaelder-bote.de\/inhalt.amtsgericht-oberndorf-bewaehrungsstrafe-fuer-schramberger-beamtenschlaeger.dc322bd6-c34c-4ca4-bb4b-1d7779bee024.html<\/a>     <\/p>\n","protected":false},"excerpt":{"rendered":"<p>The law firm\u2019s 53-year-old client was sentenced by the Oberndorf Local Court to a four-month suspended sentence after attacking, insulting and spitting at two police officers in Schramberg during an arrest in June 2024. The defendant confessed, apologised to the officers and attributed his condition to a blood alcohol level of 1.92 per mille and [&hellip;]<\/p>\n","protected":false},"author":7,"featured_media":11741,"comment_status":"open","ping_status":"open","sticky":false,"template":"","format":"standard","meta":{"footnotes":""},"categories":[71],"tags":[98],"class_list":["post-11740","post","type-post","status-publish","format-standard","has-post-thumbnail","hentry","category-press","tag-press-general"],"yoast_head":"<!-- This site is optimized with the Yoast SEO plugin v27.4 - https:\/\/yoast.com\/product\/yoast-seo-wordpress\/ -->\n<title>Suspended sentence for Schramberg police officer assailant - Stirnweiss | Brenner Rechtsanw\u00e4lte<\/title>\n<meta name=\"description\" content=\"Alles, was Sie \u00fcber Suspended sentence for Schramberg police officer assailant wissen m\u00fcssen, kompakt erkl\u00e4rt \u27a4 Jetzt lesen!\" \/>\n<meta name=\"robots\" content=\"index, follow, max-snippet:-1, max-image-preview:large, max-video-preview:-1\" \/>\n<link rel=\"canonical\" href=\"https:\/\/stirnweiss-brenner.de\/en\/press\/suspended-sentence-for-schramberg-police-officer-assailant\/\" \/>\n<meta property=\"og:locale\" content=\"en_US\" \/>\n<meta property=\"og:type\" content=\"article\" \/>\n<meta property=\"og:title\" content=\"Suspended sentence for Schramberg police officer assailant - Stirnweiss | Brenner Rechtsanw\u00e4lte\" \/>\n<meta property=\"og:description\" content=\"Alles, was Sie \u00fcber Suspended sentence for Schramberg police officer assailant wissen m\u00fcssen, kompakt erkl\u00e4rt \u27a4 Jetzt lesen!\" \/>\n<meta property=\"og:url\" content=\"https:\/\/stirnweiss-brenner.de\/en\/press\/suspended-sentence-for-schramberg-police-officer-assailant\/\" \/>\n<meta property=\"og:site_name\" content=\"Stirnweiss | Brenner Rechtsanw\u00e4lte\" \/>\n<meta property=\"article:publisher\" content=\"https:\/\/www.facebook.com\/StirnweissBrennerRechtsanwaelte\/\" \/>\n<meta property=\"article:published_time\" content=\"2025-01-14T09:00:32+00:00\" \/>\n<meta property=\"article:modified_time\" content=\"2026-03-09T16:15:56+00:00\" \/>\n<meta property=\"og:image\" content=\"https:\/\/stirnweiss-brenner.de\/wp-content\/uploads\/2025\/01\/police-car-on-the-street-at-night-2023-11-27-05-07-32-utc-2.jpg\" \/>\n\t<meta property=\"og:image:width\" content=\"1500\" \/>\n\t<meta property=\"og:image:height\" content=\"1000\" \/>\n\t<meta property=\"og:image:type\" content=\"image\/jpeg\" \/>\n<meta name=\"author\" content=\"Paul F. Fallscheer-Schlegel\" \/>\n<meta name=\"twitter:card\" content=\"summary_large_image\" \/>\n<meta name=\"twitter:label1\" content=\"Written by\" \/>\n\t<meta name=\"twitter:data1\" content=\"Paul F. Fallscheer-Schlegel\" \/>\n\t<meta name=\"twitter:label2\" content=\"Est. reading time\" \/>\n\t<meta name=\"twitter:data2\" content=\"1 minute\" \/>\n<script type=\"application\/ld+json\" class=\"yoast-schema-graph\">{\"@context\":\"https:\\\/\\\/schema.org\",\"@graph\":[{\"@type\":\"Article\",\"@id\":\"https:\\\/\\\/stirnweiss-brenner.de\\\/en\\\/press\\\/suspended-sentence-for-schramberg-police-officer-assailant\\\/#article\",\"isPartOf\":{\"@id\":\"https:\\\/\\\/stirnweiss-brenner.de\\\/en\\\/press\\\/suspended-sentence-for-schramberg-police-officer-assailant\\\/\"},\"author\":{\"name\":\"Paul F. Fallscheer-Schlegel\",\"@id\":\"https:\\\/\\\/stirnweiss-brenner.de\\\/en\\\/#\\\/schema\\\/person\\\/68bb9c2235cc0dd5687fa2e5922b771c\"},\"headline\":\"Suspended sentence for Schramberg police officer assailant\",\"datePublished\":\"2025-01-14T09:00:32+00:00\",\"dateModified\":\"2026-03-09T16:15:56+00:00\",\"mainEntityOfPage\":{\"@id\":\"https:\\\/\\\/stirnweiss-brenner.de\\\/en\\\/press\\\/suspended-sentence-for-schramberg-police-officer-assailant\\\/\"},\"wordCount\":179,\"commentCount\":0,\"publisher\":{\"@id\":\"https:\\\/\\\/stirnweiss-brenner.de\\\/en\\\/#organization\"},\"image\":{\"@id\":\"https:\\\/\\\/stirnweiss-brenner.de\\\/en\\\/press\\\/suspended-sentence-for-schramberg-police-officer-assailant\\\/#primaryimage\"},\"thumbnailUrl\":\"https:\\\/\\\/stirnweiss-brenner.de\\\/wp-content\\\/uploads\\\/2025\\\/01\\\/police-car-on-the-street-at-night-2023-11-27-05-07-32-utc-2.jpg\",\"keywords\":[\"Press - General\"],\"articleSection\":[\"Press\"],\"inLanguage\":\"en-US\",\"potentialAction\":[{\"@type\":\"CommentAction\",\"name\":\"Comment\",\"target\":[\"https:\\\/\\\/stirnweiss-brenner.de\\\/en\\\/press\\\/suspended-sentence-for-schramberg-police-officer-assailant\\\/#respond\"]}]},{\"@type\":\"WebPage\",\"@id\":\"https:\\\/\\\/stirnweiss-brenner.de\\\/en\\\/press\\\/suspended-sentence-for-schramberg-police-officer-assailant\\\/\",\"url\":\"https:\\\/\\\/stirnweiss-brenner.de\\\/en\\\/press\\\/suspended-sentence-for-schramberg-police-officer-assailant\\\/\",\"name\":\"Suspended sentence for Schramberg police officer assailant - Stirnweiss | Brenner Rechtsanw\u00e4lte\",\"isPartOf\":{\"@id\":\"https:\\\/\\\/stirnweiss-brenner.de\\\/en\\\/#website\"},\"primaryImageOfPage\":{\"@id\":\"https:\\\/\\\/stirnweiss-brenner.de\\\/en\\\/press\\\/suspended-sentence-for-schramberg-police-officer-assailant\\\/#primaryimage\"},\"image\":{\"@id\":\"https:\\\/\\\/stirnweiss-brenner.de\\\/en\\\/press\\\/suspended-sentence-for-schramberg-police-officer-assailant\\\/#primaryimage\"},\"thumbnailUrl\":\"https:\\\/\\\/stirnweiss-brenner.de\\\/wp-content\\\/uploads\\\/2025\\\/01\\\/police-car-on-the-street-at-night-2023-11-27-05-07-32-utc-2.jpg\",\"datePublished\":\"2025-01-14T09:00:32+00:00\",\"dateModified\":\"2026-03-09T16:15:56+00:00\",\"description\":\"Alles, was Sie \u00fcber Suspended sentence for Schramberg police officer assailant wissen m\u00fcssen, kompakt erkl\u00e4rt \u27a4 Jetzt lesen!\",\"breadcrumb\":{\"@id\":\"https:\\\/\\\/stirnweiss-brenner.de\\\/en\\\/press\\\/suspended-sentence-for-schramberg-police-officer-assailant\\\/#breadcrumb\"},\"inLanguage\":\"en-US\",\"potentialAction\":[{\"@type\":\"ReadAction\",\"target\":[\"https:\\\/\\\/stirnweiss-brenner.de\\\/en\\\/press\\\/suspended-sentence-for-schramberg-police-officer-assailant\\\/\"]}]},{\"@type\":\"ImageObject\",\"inLanguage\":\"en-US\",\"@id\":\"https:\\\/\\\/stirnweiss-brenner.de\\\/en\\\/press\\\/suspended-sentence-for-schramberg-police-officer-assailant\\\/#primaryimage\",\"url\":\"https:\\\/\\\/stirnweiss-brenner.de\\\/wp-content\\\/uploads\\\/2025\\\/01\\\/police-car-on-the-street-at-night-2023-11-27-05-07-32-utc-2.jpg\",\"contentUrl\":\"https:\\\/\\\/stirnweiss-brenner.de\\\/wp-content\\\/uploads\\\/2025\\\/01\\\/police-car-on-the-street-at-night-2023-11-27-05-07-32-utc-2.jpg\",\"width\":1500,\"height\":1000},{\"@type\":\"BreadcrumbList\",\"@id\":\"https:\\\/\\\/stirnweiss-brenner.de\\\/en\\\/press\\\/suspended-sentence-for-schramberg-police-officer-assailant\\\/#breadcrumb\",\"itemListElement\":[{\"@type\":\"ListItem\",\"position\":1,\"name\":\"Home\",\"item\":\"https:\\\/\\\/stirnweiss-brenner.de\\\/en\\\/\"},{\"@type\":\"ListItem\",\"position\":2,\"name\":\"Suspended sentence for Schramberg police officer assailant\"}]},{\"@type\":\"WebSite\",\"@id\":\"https:\\\/\\\/stirnweiss-brenner.de\\\/en\\\/#website\",\"url\":\"https:\\\/\\\/stirnweiss-brenner.de\\\/en\\\/\",\"name\":\"Stirnweiss | Brenner Rechtsanw\u00e4lte f\u00fcr Strafrecht in Stuttgart & Konstanz\",\"description\":\"Kompetente, rasche Hilfe in Stuttgart bei Stirnweiss | Brenner Rechtsanw\u00e4lte. Unsere Kanzlei bietet Ihnen Strafverteidigung in allen Facetten.\",\"publisher\":{\"@id\":\"https:\\\/\\\/stirnweiss-brenner.de\\\/en\\\/#organization\"},\"alternateName\":\"Stirnweiss | Brenner Rechtsanw\u00e4lte\",\"potentialAction\":[{\"@type\":\"SearchAction\",\"target\":{\"@type\":\"EntryPoint\",\"urlTemplate\":\"https:\\\/\\\/stirnweiss-brenner.de\\\/en\\\/?s={search_term_string}\"},\"query-input\":{\"@type\":\"PropertyValueSpecification\",\"valueRequired\":true,\"valueName\":\"search_term_string\"}}],\"inLanguage\":\"en-US\"},{\"@type\":\"Organization\",\"@id\":\"https:\\\/\\\/stirnweiss-brenner.de\\\/en\\\/#organization\",\"name\":\"Stirnweiss Brenner Rechtsanw\u00e4lte | Kanzlei f\u00fcr Strafrecht Stuttgart, Strafverteidiger & Fachanw\u00e4lte\",\"alternateName\":\"Stirnweiss Brenner Rechtsanw\u00e4lte\",\"url\":\"https:\\\/\\\/stirnweiss-brenner.de\\\/en\\\/\",\"logo\":{\"@type\":\"ImageObject\",\"inLanguage\":\"en-US\",\"@id\":\"https:\\\/\\\/stirnweiss-brenner.de\\\/en\\\/#\\\/schema\\\/logo\\\/image\\\/\",\"url\":\"https:\\\/\\\/stirnweiss-brenner.de\\\/wp-content\\\/uploads\\\/2023\\\/03\\\/SB_logo_l.png\",\"contentUrl\":\"https:\\\/\\\/stirnweiss-brenner.de\\\/wp-content\\\/uploads\\\/2023\\\/03\\\/SB_logo_l.png\",\"width\":1436,\"height\":217,\"caption\":\"Stirnweiss Brenner Rechtsanw\u00e4lte | Kanzlei f\u00fcr Strafrecht Stuttgart, Strafverteidiger & Fachanw\u00e4lte\"},\"image\":{\"@id\":\"https:\\\/\\\/stirnweiss-brenner.de\\\/en\\\/#\\\/schema\\\/logo\\\/image\\\/\"},\"sameAs\":[\"https:\\\/\\\/www.facebook.com\\\/StirnweissBrennerRechtsanwaelte\\\/\",\"https:\\\/\\\/www.linkedin.com\\\/company\\\/stirnweiss-brenner-rechtsanwaelte\\\/\"]},{\"@type\":\"Person\",\"@id\":\"https:\\\/\\\/stirnweiss-brenner.de\\\/en\\\/#\\\/schema\\\/person\\\/68bb9c2235cc0dd5687fa2e5922b771c\",\"name\":\"Paul F. Fallscheer-Schlegel\",\"image\":{\"@type\":\"ImageObject\",\"inLanguage\":\"en-US\",\"@id\":\"https:\\\/\\\/secure.gravatar.com\\\/avatar\\\/0c8e9049ed78211a3dddeef806aafaab5796208657fa14e0c8504c3ecef24242?s=96&d=mm&r=g\",\"url\":\"https:\\\/\\\/secure.gravatar.com\\\/avatar\\\/0c8e9049ed78211a3dddeef806aafaab5796208657fa14e0c8504c3ecef24242?s=96&d=mm&r=g\",\"contentUrl\":\"https:\\\/\\\/secure.gravatar.com\\\/avatar\\\/0c8e9049ed78211a3dddeef806aafaab5796208657fa14e0c8504c3ecef24242?s=96&d=mm&r=g\",\"caption\":\"Paul F. Fallscheer-Schlegel\"},\"sameAs\":[\"https:\\\/\\\/laterna.tech\"]}]}<\/script>\n<!-- \/ Yoast SEO plugin. -->","yoast_head_json":{"title":"Suspended sentence for Schramberg police officer assailant - Stirnweiss | Brenner Rechtsanw\u00e4lte","description":"Alles, was Sie \u00fcber Suspended sentence for Schramberg police officer assailant wissen m\u00fcssen, kompakt erkl\u00e4rt \u27a4 Jetzt lesen!","robots":{"index":"index","follow":"follow","max-snippet":"max-snippet:-1","max-image-preview":"max-image-preview:large","max-video-preview":"max-video-preview:-1"},"canonical":"https:\/\/stirnweiss-brenner.de\/en\/press\/suspended-sentence-for-schramberg-police-officer-assailant\/","og_locale":"en_US","og_type":"article","og_title":"Suspended sentence for Schramberg police officer assailant - Stirnweiss | Brenner Rechtsanw\u00e4lte","og_description":"Alles, was Sie \u00fcber Suspended sentence for Schramberg police officer assailant wissen m\u00fcssen, kompakt erkl\u00e4rt \u27a4 Jetzt lesen!","og_url":"https:\/\/stirnweiss-brenner.de\/en\/press\/suspended-sentence-for-schramberg-police-officer-assailant\/","og_site_name":"Stirnweiss | Brenner Rechtsanw\u00e4lte","article_publisher":"https:\/\/www.facebook.com\/StirnweissBrennerRechtsanwaelte\/","article_published_time":"2025-01-14T09:00:32+00:00","article_modified_time":"2026-03-09T16:15:56+00:00","og_image":[{"width":1500,"height":1000,"url":"https:\/\/stirnweiss-brenner.de\/wp-content\/uploads\/2025\/01\/police-car-on-the-street-at-night-2023-11-27-05-07-32-utc-2.jpg","type":"image\/jpeg"}],"author":"Paul F. Fallscheer-Schlegel","twitter_card":"summary_large_image","twitter_misc":{"Written by":"Paul F. Fallscheer-Schlegel","Est. reading time":"1 minute"},"schema":{"@context":"https:\/\/schema.org","@graph":[{"@type":"Article","@id":"https:\/\/stirnweiss-brenner.de\/en\/press\/suspended-sentence-for-schramberg-police-officer-assailant\/#article","isPartOf":{"@id":"https:\/\/stirnweiss-brenner.de\/en\/press\/suspended-sentence-for-schramberg-police-officer-assailant\/"},"author":{"name":"Paul F. Fallscheer-Schlegel","@id":"https:\/\/stirnweiss-brenner.de\/en\/#\/schema\/person\/68bb9c2235cc0dd5687fa2e5922b771c"},"headline":"Suspended sentence for Schramberg police officer assailant","datePublished":"2025-01-14T09:00:32+00:00","dateModified":"2026-03-09T16:15:56+00:00","mainEntityOfPage":{"@id":"https:\/\/stirnweiss-brenner.de\/en\/press\/suspended-sentence-for-schramberg-police-officer-assailant\/"},"wordCount":179,"commentCount":0,"publisher":{"@id":"https:\/\/stirnweiss-brenner.de\/en\/#organization"},"image":{"@id":"https:\/\/stirnweiss-brenner.de\/en\/press\/suspended-sentence-for-schramberg-police-officer-assailant\/#primaryimage"},"thumbnailUrl":"https:\/\/stirnweiss-brenner.de\/wp-content\/uploads\/2025\/01\/police-car-on-the-street-at-night-2023-11-27-05-07-32-utc-2.jpg","keywords":["Press - General"],"articleSection":["Press"],"inLanguage":"en-US","potentialAction":[{"@type":"CommentAction","name":"Comment","target":["https:\/\/stirnweiss-brenner.de\/en\/press\/suspended-sentence-for-schramberg-police-officer-assailant\/#respond"]}]},{"@type":"WebPage","@id":"https:\/\/stirnweiss-brenner.de\/en\/press\/suspended-sentence-for-schramberg-police-officer-assailant\/","url":"https:\/\/stirnweiss-brenner.de\/en\/press\/suspended-sentence-for-schramberg-police-officer-assailant\/","name":"Suspended sentence for Schramberg police officer assailant - Stirnweiss | Brenner Rechtsanw\u00e4lte","isPartOf":{"@id":"https:\/\/stirnweiss-brenner.de\/en\/#website"},"primaryImageOfPage":{"@id":"https:\/\/stirnweiss-brenner.de\/en\/press\/suspended-sentence-for-schramberg-police-officer-assailant\/#primaryimage"},"image":{"@id":"https:\/\/stirnweiss-brenner.de\/en\/press\/suspended-sentence-for-schramberg-police-officer-assailant\/#primaryimage"},"thumbnailUrl":"https:\/\/stirnweiss-brenner.de\/wp-content\/uploads\/2025\/01\/police-car-on-the-street-at-night-2023-11-27-05-07-32-utc-2.jpg","datePublished":"2025-01-14T09:00:32+00:00","dateModified":"2026-03-09T16:15:56+00:00","description":"Alles, was Sie \u00fcber Suspended sentence for Schramberg police officer assailant wissen m\u00fcssen, kompakt erkl\u00e4rt \u27a4 Jetzt lesen!","breadcrumb":{"@id":"https:\/\/stirnweiss-brenner.de\/en\/press\/suspended-sentence-for-schramberg-police-officer-assailant\/#breadcrumb"},"inLanguage":"en-US","potentialAction":[{"@type":"ReadAction","target":["https:\/\/stirnweiss-brenner.de\/en\/press\/suspended-sentence-for-schramberg-police-officer-assailant\/"]}]},{"@type":"ImageObject","inLanguage":"en-US","@id":"https:\/\/stirnweiss-brenner.de\/en\/press\/suspended-sentence-for-schramberg-police-officer-assailant\/#primaryimage","url":"https:\/\/stirnweiss-brenner.de\/wp-content\/uploads\/2025\/01\/police-car-on-the-street-at-night-2023-11-27-05-07-32-utc-2.jpg","contentUrl":"https:\/\/stirnweiss-brenner.de\/wp-content\/uploads\/2025\/01\/police-car-on-the-street-at-night-2023-11-27-05-07-32-utc-2.jpg","width":1500,"height":1000},{"@type":"BreadcrumbList","@id":"https:\/\/stirnweiss-brenner.de\/en\/press\/suspended-sentence-for-schramberg-police-officer-assailant\/#breadcrumb","itemListElement":[{"@type":"ListItem","position":1,"name":"Home","item":"https:\/\/stirnweiss-brenner.de\/en\/"},{"@type":"ListItem","position":2,"name":"Suspended sentence for Schramberg police officer assailant"}]},{"@type":"WebSite","@id":"https:\/\/stirnweiss-brenner.de\/en\/#website","url":"https:\/\/stirnweiss-brenner.de\/en\/","name":"Stirnweiss | Brenner Rechtsanw\u00e4lte f\u00fcr Strafrecht in Stuttgart & Konstanz","description":"Kompetente, rasche Hilfe in Stuttgart bei Stirnweiss | Brenner Rechtsanw\u00e4lte. Unsere Kanzlei bietet Ihnen Strafverteidigung in allen Facetten.","publisher":{"@id":"https:\/\/stirnweiss-brenner.de\/en\/#organization"},"alternateName":"Stirnweiss | Brenner Rechtsanw\u00e4lte","potentialAction":[{"@type":"SearchAction","target":{"@type":"EntryPoint","urlTemplate":"https:\/\/stirnweiss-brenner.de\/en\/?s={search_term_string}"},"query-input":{"@type":"PropertyValueSpecification","valueRequired":true,"valueName":"search_term_string"}}],"inLanguage":"en-US"},{"@type":"Organization","@id":"https:\/\/stirnweiss-brenner.de\/en\/#organization","name":"Stirnweiss Brenner Rechtsanw\u00e4lte | Kanzlei f\u00fcr Strafrecht Stuttgart, Strafverteidiger & Fachanw\u00e4lte","alternateName":"Stirnweiss Brenner Rechtsanw\u00e4lte","url":"https:\/\/stirnweiss-brenner.de\/en\/","logo":{"@type":"ImageObject","inLanguage":"en-US","@id":"https:\/\/stirnweiss-brenner.de\/en\/#\/schema\/logo\/image\/","url":"https:\/\/stirnweiss-brenner.de\/wp-content\/uploads\/2023\/03\/SB_logo_l.png","contentUrl":"https:\/\/stirnweiss-brenner.de\/wp-content\/uploads\/2023\/03\/SB_logo_l.png","width":1436,"height":217,"caption":"Stirnweiss Brenner Rechtsanw\u00e4lte | Kanzlei f\u00fcr Strafrecht Stuttgart, Strafverteidiger & Fachanw\u00e4lte"},"image":{"@id":"https:\/\/stirnweiss-brenner.de\/en\/#\/schema\/logo\/image\/"},"sameAs":["https:\/\/www.facebook.com\/StirnweissBrennerRechtsanwaelte\/","https:\/\/www.linkedin.com\/company\/stirnweiss-brenner-rechtsanwaelte\/"]},{"@type":"Person","@id":"https:\/\/stirnweiss-brenner.de\/en\/#\/schema\/person\/68bb9c2235cc0dd5687fa2e5922b771c","name":"Paul F. Fallscheer-Schlegel","image":{"@type":"ImageObject","inLanguage":"en-US","@id":"https:\/\/secure.gravatar.com\/avatar\/0c8e9049ed78211a3dddeef806aafaab5796208657fa14e0c8504c3ecef24242?s=96&d=mm&r=g","url":"https:\/\/secure.gravatar.com\/avatar\/0c8e9049ed78211a3dddeef806aafaab5796208657fa14e0c8504c3ecef24242?s=96&d=mm&r=g","contentUrl":"https:\/\/secure.gravatar.com\/avatar\/0c8e9049ed78211a3dddeef806aafaab5796208657fa14e0c8504c3ecef24242?s=96&d=mm&r=g","caption":"Paul F. Fallscheer-Schlegel"},"sameAs":["https:\/\/laterna.tech"]}]}},"_links":{"self":[{"href":"https:\/\/stirnweiss-brenner.de\/en\/wp-json\/wp\/v2\/posts\/11740","targetHints":{"allow":["GET"]}}],"collection":[{"href":"https:\/\/stirnweiss-brenner.de\/en\/wp-json\/wp\/v2\/posts"}],"about":[{"href":"https:\/\/stirnweiss-brenner.de\/en\/wp-json\/wp\/v2\/types\/post"}],"author":[{"embeddable":true,"href":"https:\/\/stirnweiss-brenner.de\/en\/wp-json\/wp\/v2\/users\/7"}],"replies":[{"embeddable":true,"href":"https:\/\/stirnweiss-brenner.de\/en\/wp-json\/wp\/v2\/comments?post=11740"}],"version-history":[{"count":1,"href":"https:\/\/stirnweiss-brenner.de\/en\/wp-json\/wp\/v2\/posts\/11740\/revisions"}],"predecessor-version":[{"id":11742,"href":"https:\/\/stirnweiss-brenner.de\/en\/wp-json\/wp\/v2\/posts\/11740\/revisions\/11742"}],"wp:featuredmedia":[{"embeddable":true,"href":"https:\/\/stirnweiss-brenner.de\/en\/wp-json\/wp\/v2\/media\/11741"}],"wp:attachment":[{"href":"https:\/\/stirnweiss-brenner.de\/en\/wp-json\/wp\/v2\/media?parent=11740"}],"wp:term":[{"taxonomy":"category","embeddable":true,"href":"https:\/\/stirnweiss-brenner.de\/en\/wp-json\/wp\/v2\/categories?post=11740"},{"taxonomy":"post_tag","embeddable":true,"href":"https:\/\/stirnweiss-brenner.de\/en\/wp-json\/wp\/v2\/tags?post=11740"}],"curies":[{"name":"wp","href":"https:\/\/api.w.org\/{rel}","templated":true}]}}