{"id":11725,"date":"2025-05-20T21:06:00","date_gmt":"2025-05-20T19:06:00","guid":{"rendered":"https:\/\/stirnweiss-brenner.de\/success-for-criminal-defense-attorney-mathias-brenner-suspended-sentence-for-kickboxer-after-brutal-attack-in-aalen\/"},"modified":"2026-04-22T10:07:30","modified_gmt":"2026-04-22T08:07:30","slug":"success-for-criminal-defense-attorney-mathias-brenner-suspended-sentence-for-kickboxer-after-brutal-attack-in-aalen","status":"publish","type":"post","link":"https:\/\/stirnweiss-brenner.de\/en\/press\/success-for-criminal-defense-attorney-mathias-brenner-suspended-sentence-for-kickboxer-after-brutal-attack-in-aalen\/","title":{"rendered":"Success for Criminal Defense Attorney Mathias Brenner: Suspended Sentence for Kickboxer After Brutal Attack in Aalen"},"content":{"rendered":"\n<p>In a high-profile <strong>trial before the 2nd Grand Juvenile Chamber<\/strong> at the <strong>Ellwangen Regional Court<\/strong>, a 20-year-old kickboxer from the Ostalbkreis district was sentenced to a two-year suspended juvenile sentence for a serious attack in Aalen&#8217;s bar district. In February 2025, the young man severely injured a 35-year-old with a punch and two high kicks. The victim suffered, among other injuries, a cerebral hemorrhage, skull fracture, and complete loss of sense of smell and taste.  <\/p>\n\n<p>Urspr\u00fcnglich war der Angeklagte wegen versuchten Totschlags angeklagt. Die Staatsanwaltschaft und der Nebenklagevertreter sahen in der Brutalit\u00e4t des Angriffs und den Vorkenntnissen des Angeklagten im Kickboxen ein Indiz f\u00fcr T\u00f6tungsvorsatz. Dennoch gelang es <a title=\"Verteidiger Rechtanwalt Matthias Brenner\" href=\"https:\/\/stirnweiss-brenner.de\/anwaelte\/mathias-brenner\/\">Verteidiger Mathias Brenner<\/a>, durch eine <strong>kluge Verteidigungsstrategie<\/strong> und das Angebot eines T\u00e4ter-Opfer-Ausgleichs in H\u00f6he von 10.000 Euro an das Opfer \u2013 \u00fcbergeben bereits am ersten Verhandlungstag \u2013 eine deutliche Strafmilderung zu erreichen.<\/p>\n\n<p>The court ultimately found no evidence of intent to kill, but classified the offense as aggravated assault. Decisive factors in the lenient decision were the defendant&#8217;s positive social prognosis, his stable family environment, and his ongoing vocational training at an industrial company. The juvenile sentence was suspended. K. must perform 100 hours of community service and will be under probation supervision for two years.   <\/p>\n\n<p>The articles can be found here: <a href=\"https:\/\/www.schwaebische-post.de\/ostalb\/ellwangen\/stadt-ellwangen\/ellwangen-prozess-um-versuchten-totschlag-nach-kneipenstreit-93732378.html\" target=\"_blank\" title=\"Kickboxer in Court: Attack with High Kick and Punch\">https:\/\/www.schwaebische-post.de\/ostalb\/ellwangen\/stadt-ellwangen\/ellwangen-prozess-um-versuchten-totschlag-nach-kneipenstreit-93732378.html<\/a> and <a href=\"https:\/\/www.schwaebische-post.de\/ostalb\/aalen\/jugendstrafe-auf-bewaehrung-koerperverletzung-in-aalen-93742046.html\" target=\"_blank\" title=\"Escaped with Suspended Sentence for Aggravated Assault in Aalen\">https:\/\/www.schwaebische-post.de\/ostalb\/aalen\/jugendstrafe-auf-bewaehrung-koerperverletzung-in-aalen-93742046.html<\/a><\/p>\n\n<p><\/p>\n","protected":false},"excerpt":{"rendered":"<p>In a high-profile trial before the 2nd Grand Juvenile Chamber at the Ellwangen Regional Court, a 20-year-old kickboxer from the Ostalbkreis district was sentenced to a two-year suspended juvenile sentence for a serious attack in Aalen&#8217;s bar district. In February 2025, the young man severely injured a 35-year-old with a punch and two high kicks. [&hellip;]<\/p>\n","protected":false},"author":7,"featured_media":11726,"comment_status":"open","ping_status":"open","sticky":false,"template":"","format":"standard","meta":{"footnotes":""},"categories":[71],"tags":[72],"class_list":["post-11725","post","type-post","status-publish","format-standard","has-post-thumbnail","hentry","category-press","tag-brenner"],"yoast_head":"<!-- This site is optimized with the Yoast SEO plugin v27.4 - https:\/\/yoast.com\/product\/yoast-seo-wordpress\/ -->\n<title>Press: Suspended Sentence for Kickboxer After Brutal Attack<\/title>\n<meta name=\"description\" content=\"Press Release: Success for Criminal Defense Attorney Mathias Brenner: Suspended Sentence for Kickboxer After Brutal Attack in Aalen \u27a4 Read now!\" \/>\n<meta name=\"robots\" content=\"index, follow, max-snippet:-1, max-image-preview:large, max-video-preview:-1\" \/>\n<link rel=\"canonical\" href=\"https:\/\/stirnweiss-brenner.de\/en\/press\/success-for-criminal-defense-attorney-mathias-brenner-suspended-sentence-for-kickboxer-after-brutal-attack-in-aalen\/\" \/>\n<meta property=\"og:locale\" content=\"en_US\" \/>\n<meta property=\"og:type\" content=\"article\" \/>\n<meta property=\"og:title\" content=\"Press: Suspended Sentence for Kickboxer After Brutal Attack\" \/>\n<meta property=\"og:description\" content=\"Press Release: Success for Criminal Defense Attorney Mathias Brenner: Suspended Sentence for Kickboxer After Brutal Attack in Aalen \u27a4 Read now!\" \/>\n<meta property=\"og:url\" content=\"https:\/\/stirnweiss-brenner.de\/en\/press\/success-for-criminal-defense-attorney-mathias-brenner-suspended-sentence-for-kickboxer-after-brutal-attack-in-aalen\/\" \/>\n<meta property=\"og:site_name\" content=\"Stirnweiss | Brenner Rechtsanw\u00e4lte\" \/>\n<meta property=\"article:publisher\" content=\"https:\/\/www.facebook.com\/StirnweissBrennerRechtsanwaelte\/\" \/>\n<meta property=\"article:published_time\" content=\"2025-05-20T19:06:00+00:00\" \/>\n<meta property=\"article:modified_time\" content=\"2026-04-22T08:07:30+00:00\" \/>\n<meta property=\"og:image\" content=\"https:\/\/stirnweiss-brenner.de\/wp-content\/uploads\/2025\/05\/boxer-hand-wraps-protection-knuckle-concept-2025-02-10-11-43-34-utc-2.jpg\" \/>\n\t<meta property=\"og:image:width\" content=\"1498\" \/>\n\t<meta property=\"og:image:height\" content=\"1000\" \/>\n\t<meta property=\"og:image:type\" content=\"image\/jpeg\" \/>\n<meta name=\"author\" content=\"Paul F. Fallscheer-Schlegel\" \/>\n<meta name=\"twitter:card\" content=\"summary_large_image\" \/>\n<meta name=\"twitter:label1\" content=\"Written by\" \/>\n\t<meta name=\"twitter:data1\" content=\"Paul F. Fallscheer-Schlegel\" \/>\n\t<meta name=\"twitter:label2\" content=\"Est. reading time\" \/>\n\t<meta name=\"twitter:data2\" content=\"1 minute\" \/>\n<script type=\"application\/ld+json\" class=\"yoast-schema-graph\">{\"@context\":\"https:\\\/\\\/schema.org\",\"@graph\":[{\"@type\":\"Article\",\"@id\":\"https:\\\/\\\/stirnweiss-brenner.de\\\/en\\\/press\\\/success-for-criminal-defense-attorney-mathias-brenner-suspended-sentence-for-kickboxer-after-brutal-attack-in-aalen\\\/#article\",\"isPartOf\":{\"@id\":\"https:\\\/\\\/stirnweiss-brenner.de\\\/en\\\/press\\\/success-for-criminal-defense-attorney-mathias-brenner-suspended-sentence-for-kickboxer-after-brutal-attack-in-aalen\\\/\"},\"author\":{\"name\":\"Paul F. Fallscheer-Schlegel\",\"@id\":\"https:\\\/\\\/stirnweiss-brenner.de\\\/en\\\/#\\\/schema\\\/person\\\/68bb9c2235cc0dd5687fa2e5922b771c\"},\"headline\":\"Success for Criminal Defense Attorney Mathias Brenner: Suspended Sentence for Kickboxer After Brutal Attack in Aalen\",\"datePublished\":\"2025-05-20T19:06:00+00:00\",\"dateModified\":\"2026-04-22T08:07:30+00:00\",\"mainEntityOfPage\":{\"@id\":\"https:\\\/\\\/stirnweiss-brenner.de\\\/en\\\/press\\\/success-for-criminal-defense-attorney-mathias-brenner-suspended-sentence-for-kickboxer-after-brutal-attack-in-aalen\\\/\"},\"wordCount\":247,\"commentCount\":0,\"publisher\":{\"@id\":\"https:\\\/\\\/stirnweiss-brenner.de\\\/en\\\/#organization\"},\"image\":{\"@id\":\"https:\\\/\\\/stirnweiss-brenner.de\\\/en\\\/press\\\/success-for-criminal-defense-attorney-mathias-brenner-suspended-sentence-for-kickboxer-after-brutal-attack-in-aalen\\\/#primaryimage\"},\"thumbnailUrl\":\"https:\\\/\\\/stirnweiss-brenner.de\\\/wp-content\\\/uploads\\\/2025\\\/05\\\/boxer-hand-wraps-protection-knuckle-concept-2025-02-10-11-43-34-utc-2.jpg\",\"keywords\":[\"Brenner\"],\"articleSection\":[\"Press\"],\"inLanguage\":\"en-US\",\"potentialAction\":[{\"@type\":\"CommentAction\",\"name\":\"Comment\",\"target\":[\"https:\\\/\\\/stirnweiss-brenner.de\\\/en\\\/press\\\/success-for-criminal-defense-attorney-mathias-brenner-suspended-sentence-for-kickboxer-after-brutal-attack-in-aalen\\\/#respond\"]}]},{\"@type\":\"WebPage\",\"@id\":\"https:\\\/\\\/stirnweiss-brenner.de\\\/en\\\/press\\\/success-for-criminal-defense-attorney-mathias-brenner-suspended-sentence-for-kickboxer-after-brutal-attack-in-aalen\\\/\",\"url\":\"https:\\\/\\\/stirnweiss-brenner.de\\\/en\\\/press\\\/success-for-criminal-defense-attorney-mathias-brenner-suspended-sentence-for-kickboxer-after-brutal-attack-in-aalen\\\/\",\"name\":\"Press: Suspended Sentence for Kickboxer After Brutal Attack\",\"isPartOf\":{\"@id\":\"https:\\\/\\\/stirnweiss-brenner.de\\\/en\\\/#website\"},\"primaryImageOfPage\":{\"@id\":\"https:\\\/\\\/stirnweiss-brenner.de\\\/en\\\/press\\\/success-for-criminal-defense-attorney-mathias-brenner-suspended-sentence-for-kickboxer-after-brutal-attack-in-aalen\\\/#primaryimage\"},\"image\":{\"@id\":\"https:\\\/\\\/stirnweiss-brenner.de\\\/en\\\/press\\\/success-for-criminal-defense-attorney-mathias-brenner-suspended-sentence-for-kickboxer-after-brutal-attack-in-aalen\\\/#primaryimage\"},\"thumbnailUrl\":\"https:\\\/\\\/stirnweiss-brenner.de\\\/wp-content\\\/uploads\\\/2025\\\/05\\\/boxer-hand-wraps-protection-knuckle-concept-2025-02-10-11-43-34-utc-2.jpg\",\"datePublished\":\"2025-05-20T19:06:00+00:00\",\"dateModified\":\"2026-04-22T08:07:30+00:00\",\"description\":\"Press Release: Success for Criminal Defense Attorney Mathias Brenner: Suspended Sentence for Kickboxer After Brutal Attack in Aalen \u27a4 Read now!\",\"breadcrumb\":{\"@id\":\"https:\\\/\\\/stirnweiss-brenner.de\\\/en\\\/press\\\/success-for-criminal-defense-attorney-mathias-brenner-suspended-sentence-for-kickboxer-after-brutal-attack-in-aalen\\\/#breadcrumb\"},\"inLanguage\":\"en-US\",\"potentialAction\":[{\"@type\":\"ReadAction\",\"target\":[\"https:\\\/\\\/stirnweiss-brenner.de\\\/en\\\/press\\\/success-for-criminal-defense-attorney-mathias-brenner-suspended-sentence-for-kickboxer-after-brutal-attack-in-aalen\\\/\"]}]},{\"@type\":\"ImageObject\",\"inLanguage\":\"en-US\",\"@id\":\"https:\\\/\\\/stirnweiss-brenner.de\\\/en\\\/press\\\/success-for-criminal-defense-attorney-mathias-brenner-suspended-sentence-for-kickboxer-after-brutal-attack-in-aalen\\\/#primaryimage\",\"url\":\"https:\\\/\\\/stirnweiss-brenner.de\\\/wp-content\\\/uploads\\\/2025\\\/05\\\/boxer-hand-wraps-protection-knuckle-concept-2025-02-10-11-43-34-utc-2.jpg\",\"contentUrl\":\"https:\\\/\\\/stirnweiss-brenner.de\\\/wp-content\\\/uploads\\\/2025\\\/05\\\/boxer-hand-wraps-protection-knuckle-concept-2025-02-10-11-43-34-utc-2.jpg\",\"width\":1498,\"height\":1000},{\"@type\":\"BreadcrumbList\",\"@id\":\"https:\\\/\\\/stirnweiss-brenner.de\\\/en\\\/press\\\/success-for-criminal-defense-attorney-mathias-brenner-suspended-sentence-for-kickboxer-after-brutal-attack-in-aalen\\\/#breadcrumb\",\"itemListElement\":[{\"@type\":\"ListItem\",\"position\":1,\"name\":\"Home\",\"item\":\"https:\\\/\\\/stirnweiss-brenner.de\\\/en\\\/\"},{\"@type\":\"ListItem\",\"position\":2,\"name\":\"Success for Criminal Defense Attorney Mathias Brenner: Suspended Sentence for Kickboxer After Brutal Attack in Aalen\"}]},{\"@type\":\"WebSite\",\"@id\":\"https:\\\/\\\/stirnweiss-brenner.de\\\/en\\\/#website\",\"url\":\"https:\\\/\\\/stirnweiss-brenner.de\\\/en\\\/\",\"name\":\"Stirnweiss | Brenner Rechtsanw\u00e4lte f\u00fcr Strafrecht in Stuttgart & Konstanz\",\"description\":\"Kompetente, rasche Hilfe in Stuttgart bei Stirnweiss | Brenner Rechtsanw\u00e4lte. Unsere Kanzlei bietet Ihnen Strafverteidigung in allen Facetten.\",\"publisher\":{\"@id\":\"https:\\\/\\\/stirnweiss-brenner.de\\\/en\\\/#organization\"},\"alternateName\":\"Stirnweiss | Brenner Rechtsanw\u00e4lte\",\"potentialAction\":[{\"@type\":\"SearchAction\",\"target\":{\"@type\":\"EntryPoint\",\"urlTemplate\":\"https:\\\/\\\/stirnweiss-brenner.de\\\/en\\\/?s={search_term_string}\"},\"query-input\":{\"@type\":\"PropertyValueSpecification\",\"valueRequired\":true,\"valueName\":\"search_term_string\"}}],\"inLanguage\":\"en-US\"},{\"@type\":\"Organization\",\"@id\":\"https:\\\/\\\/stirnweiss-brenner.de\\\/en\\\/#organization\",\"name\":\"Stirnweiss Brenner Rechtsanw\u00e4lte | Kanzlei f\u00fcr Strafrecht Stuttgart, Strafverteidiger & Fachanw\u00e4lte\",\"alternateName\":\"Stirnweiss Brenner Rechtsanw\u00e4lte\",\"url\":\"https:\\\/\\\/stirnweiss-brenner.de\\\/en\\\/\",\"logo\":{\"@type\":\"ImageObject\",\"inLanguage\":\"en-US\",\"@id\":\"https:\\\/\\\/stirnweiss-brenner.de\\\/en\\\/#\\\/schema\\\/logo\\\/image\\\/\",\"url\":\"https:\\\/\\\/stirnweiss-brenner.de\\\/wp-content\\\/uploads\\\/2023\\\/03\\\/SB_logo_l.png\",\"contentUrl\":\"https:\\\/\\\/stirnweiss-brenner.de\\\/wp-content\\\/uploads\\\/2023\\\/03\\\/SB_logo_l.png\",\"width\":1436,\"height\":217,\"caption\":\"Stirnweiss Brenner Rechtsanw\u00e4lte | Kanzlei f\u00fcr Strafrecht Stuttgart, Strafverteidiger & Fachanw\u00e4lte\"},\"image\":{\"@id\":\"https:\\\/\\\/stirnweiss-brenner.de\\\/en\\\/#\\\/schema\\\/logo\\\/image\\\/\"},\"sameAs\":[\"https:\\\/\\\/www.facebook.com\\\/StirnweissBrennerRechtsanwaelte\\\/\",\"https:\\\/\\\/www.linkedin.com\\\/company\\\/stirnweiss-brenner-rechtsanwaelte\\\/\"]},{\"@type\":\"Person\",\"@id\":\"https:\\\/\\\/stirnweiss-brenner.de\\\/en\\\/#\\\/schema\\\/person\\\/68bb9c2235cc0dd5687fa2e5922b771c\",\"name\":\"Paul F. Fallscheer-Schlegel\",\"image\":{\"@type\":\"ImageObject\",\"inLanguage\":\"en-US\",\"@id\":\"https:\\\/\\\/secure.gravatar.com\\\/avatar\\\/0c8e9049ed78211a3dddeef806aafaab5796208657fa14e0c8504c3ecef24242?s=96&d=mm&r=g\",\"url\":\"https:\\\/\\\/secure.gravatar.com\\\/avatar\\\/0c8e9049ed78211a3dddeef806aafaab5796208657fa14e0c8504c3ecef24242?s=96&d=mm&r=g\",\"contentUrl\":\"https:\\\/\\\/secure.gravatar.com\\\/avatar\\\/0c8e9049ed78211a3dddeef806aafaab5796208657fa14e0c8504c3ecef24242?s=96&d=mm&r=g\",\"caption\":\"Paul F. Fallscheer-Schlegel\"},\"sameAs\":[\"https:\\\/\\\/laterna.tech\"]}]}<\/script>\n<!-- \/ Yoast SEO plugin. -->","yoast_head_json":{"title":"Press: Suspended Sentence for Kickboxer After Brutal Attack","description":"Press Release: Success for Criminal Defense Attorney Mathias Brenner: Suspended Sentence for Kickboxer After Brutal Attack in Aalen \u27a4 Read now!","robots":{"index":"index","follow":"follow","max-snippet":"max-snippet:-1","max-image-preview":"max-image-preview:large","max-video-preview":"max-video-preview:-1"},"canonical":"https:\/\/stirnweiss-brenner.de\/en\/press\/success-for-criminal-defense-attorney-mathias-brenner-suspended-sentence-for-kickboxer-after-brutal-attack-in-aalen\/","og_locale":"en_US","og_type":"article","og_title":"Press: Suspended Sentence for Kickboxer After Brutal Attack","og_description":"Press Release: Success for Criminal Defense Attorney Mathias Brenner: Suspended Sentence for Kickboxer After Brutal Attack in Aalen \u27a4 Read now!","og_url":"https:\/\/stirnweiss-brenner.de\/en\/press\/success-for-criminal-defense-attorney-mathias-brenner-suspended-sentence-for-kickboxer-after-brutal-attack-in-aalen\/","og_site_name":"Stirnweiss | Brenner Rechtsanw\u00e4lte","article_publisher":"https:\/\/www.facebook.com\/StirnweissBrennerRechtsanwaelte\/","article_published_time":"2025-05-20T19:06:00+00:00","article_modified_time":"2026-04-22T08:07:30+00:00","og_image":[{"width":1498,"height":1000,"url":"https:\/\/stirnweiss-brenner.de\/wp-content\/uploads\/2025\/05\/boxer-hand-wraps-protection-knuckle-concept-2025-02-10-11-43-34-utc-2.jpg","type":"image\/jpeg"}],"author":"Paul F. Fallscheer-Schlegel","twitter_card":"summary_large_image","twitter_misc":{"Written by":"Paul F. Fallscheer-Schlegel","Est. reading time":"1 minute"},"schema":{"@context":"https:\/\/schema.org","@graph":[{"@type":"Article","@id":"https:\/\/stirnweiss-brenner.de\/en\/press\/success-for-criminal-defense-attorney-mathias-brenner-suspended-sentence-for-kickboxer-after-brutal-attack-in-aalen\/#article","isPartOf":{"@id":"https:\/\/stirnweiss-brenner.de\/en\/press\/success-for-criminal-defense-attorney-mathias-brenner-suspended-sentence-for-kickboxer-after-brutal-attack-in-aalen\/"},"author":{"name":"Paul F. Fallscheer-Schlegel","@id":"https:\/\/stirnweiss-brenner.de\/en\/#\/schema\/person\/68bb9c2235cc0dd5687fa2e5922b771c"},"headline":"Success for Criminal Defense Attorney Mathias Brenner: Suspended Sentence for Kickboxer After Brutal Attack in Aalen","datePublished":"2025-05-20T19:06:00+00:00","dateModified":"2026-04-22T08:07:30+00:00","mainEntityOfPage":{"@id":"https:\/\/stirnweiss-brenner.de\/en\/press\/success-for-criminal-defense-attorney-mathias-brenner-suspended-sentence-for-kickboxer-after-brutal-attack-in-aalen\/"},"wordCount":247,"commentCount":0,"publisher":{"@id":"https:\/\/stirnweiss-brenner.de\/en\/#organization"},"image":{"@id":"https:\/\/stirnweiss-brenner.de\/en\/press\/success-for-criminal-defense-attorney-mathias-brenner-suspended-sentence-for-kickboxer-after-brutal-attack-in-aalen\/#primaryimage"},"thumbnailUrl":"https:\/\/stirnweiss-brenner.de\/wp-content\/uploads\/2025\/05\/boxer-hand-wraps-protection-knuckle-concept-2025-02-10-11-43-34-utc-2.jpg","keywords":["Brenner"],"articleSection":["Press"],"inLanguage":"en-US","potentialAction":[{"@type":"CommentAction","name":"Comment","target":["https:\/\/stirnweiss-brenner.de\/en\/press\/success-for-criminal-defense-attorney-mathias-brenner-suspended-sentence-for-kickboxer-after-brutal-attack-in-aalen\/#respond"]}]},{"@type":"WebPage","@id":"https:\/\/stirnweiss-brenner.de\/en\/press\/success-for-criminal-defense-attorney-mathias-brenner-suspended-sentence-for-kickboxer-after-brutal-attack-in-aalen\/","url":"https:\/\/stirnweiss-brenner.de\/en\/press\/success-for-criminal-defense-attorney-mathias-brenner-suspended-sentence-for-kickboxer-after-brutal-attack-in-aalen\/","name":"Press: Suspended Sentence for Kickboxer After Brutal Attack","isPartOf":{"@id":"https:\/\/stirnweiss-brenner.de\/en\/#website"},"primaryImageOfPage":{"@id":"https:\/\/stirnweiss-brenner.de\/en\/press\/success-for-criminal-defense-attorney-mathias-brenner-suspended-sentence-for-kickboxer-after-brutal-attack-in-aalen\/#primaryimage"},"image":{"@id":"https:\/\/stirnweiss-brenner.de\/en\/press\/success-for-criminal-defense-attorney-mathias-brenner-suspended-sentence-for-kickboxer-after-brutal-attack-in-aalen\/#primaryimage"},"thumbnailUrl":"https:\/\/stirnweiss-brenner.de\/wp-content\/uploads\/2025\/05\/boxer-hand-wraps-protection-knuckle-concept-2025-02-10-11-43-34-utc-2.jpg","datePublished":"2025-05-20T19:06:00+00:00","dateModified":"2026-04-22T08:07:30+00:00","description":"Press Release: Success for Criminal Defense Attorney Mathias Brenner: Suspended Sentence for Kickboxer After Brutal Attack in Aalen \u27a4 Read now!","breadcrumb":{"@id":"https:\/\/stirnweiss-brenner.de\/en\/press\/success-for-criminal-defense-attorney-mathias-brenner-suspended-sentence-for-kickboxer-after-brutal-attack-in-aalen\/#breadcrumb"},"inLanguage":"en-US","potentialAction":[{"@type":"ReadAction","target":["https:\/\/stirnweiss-brenner.de\/en\/press\/success-for-criminal-defense-attorney-mathias-brenner-suspended-sentence-for-kickboxer-after-brutal-attack-in-aalen\/"]}]},{"@type":"ImageObject","inLanguage":"en-US","@id":"https:\/\/stirnweiss-brenner.de\/en\/press\/success-for-criminal-defense-attorney-mathias-brenner-suspended-sentence-for-kickboxer-after-brutal-attack-in-aalen\/#primaryimage","url":"https:\/\/stirnweiss-brenner.de\/wp-content\/uploads\/2025\/05\/boxer-hand-wraps-protection-knuckle-concept-2025-02-10-11-43-34-utc-2.jpg","contentUrl":"https:\/\/stirnweiss-brenner.de\/wp-content\/uploads\/2025\/05\/boxer-hand-wraps-protection-knuckle-concept-2025-02-10-11-43-34-utc-2.jpg","width":1498,"height":1000},{"@type":"BreadcrumbList","@id":"https:\/\/stirnweiss-brenner.de\/en\/press\/success-for-criminal-defense-attorney-mathias-brenner-suspended-sentence-for-kickboxer-after-brutal-attack-in-aalen\/#breadcrumb","itemListElement":[{"@type":"ListItem","position":1,"name":"Home","item":"https:\/\/stirnweiss-brenner.de\/en\/"},{"@type":"ListItem","position":2,"name":"Success for Criminal Defense Attorney Mathias Brenner: Suspended Sentence for Kickboxer After Brutal Attack in Aalen"}]},{"@type":"WebSite","@id":"https:\/\/stirnweiss-brenner.de\/en\/#website","url":"https:\/\/stirnweiss-brenner.de\/en\/","name":"Stirnweiss | Brenner Rechtsanw\u00e4lte f\u00fcr Strafrecht in Stuttgart & Konstanz","description":"Kompetente, rasche Hilfe in Stuttgart bei Stirnweiss | Brenner Rechtsanw\u00e4lte. Unsere Kanzlei bietet Ihnen Strafverteidigung in allen Facetten.","publisher":{"@id":"https:\/\/stirnweiss-brenner.de\/en\/#organization"},"alternateName":"Stirnweiss | Brenner Rechtsanw\u00e4lte","potentialAction":[{"@type":"SearchAction","target":{"@type":"EntryPoint","urlTemplate":"https:\/\/stirnweiss-brenner.de\/en\/?s={search_term_string}"},"query-input":{"@type":"PropertyValueSpecification","valueRequired":true,"valueName":"search_term_string"}}],"inLanguage":"en-US"},{"@type":"Organization","@id":"https:\/\/stirnweiss-brenner.de\/en\/#organization","name":"Stirnweiss Brenner Rechtsanw\u00e4lte | Kanzlei f\u00fcr Strafrecht Stuttgart, Strafverteidiger & Fachanw\u00e4lte","alternateName":"Stirnweiss Brenner Rechtsanw\u00e4lte","url":"https:\/\/stirnweiss-brenner.de\/en\/","logo":{"@type":"ImageObject","inLanguage":"en-US","@id":"https:\/\/stirnweiss-brenner.de\/en\/#\/schema\/logo\/image\/","url":"https:\/\/stirnweiss-brenner.de\/wp-content\/uploads\/2023\/03\/SB_logo_l.png","contentUrl":"https:\/\/stirnweiss-brenner.de\/wp-content\/uploads\/2023\/03\/SB_logo_l.png","width":1436,"height":217,"caption":"Stirnweiss Brenner Rechtsanw\u00e4lte | Kanzlei f\u00fcr Strafrecht Stuttgart, Strafverteidiger & Fachanw\u00e4lte"},"image":{"@id":"https:\/\/stirnweiss-brenner.de\/en\/#\/schema\/logo\/image\/"},"sameAs":["https:\/\/www.facebook.com\/StirnweissBrennerRechtsanwaelte\/","https:\/\/www.linkedin.com\/company\/stirnweiss-brenner-rechtsanwaelte\/"]},{"@type":"Person","@id":"https:\/\/stirnweiss-brenner.de\/en\/#\/schema\/person\/68bb9c2235cc0dd5687fa2e5922b771c","name":"Paul F. Fallscheer-Schlegel","image":{"@type":"ImageObject","inLanguage":"en-US","@id":"https:\/\/secure.gravatar.com\/avatar\/0c8e9049ed78211a3dddeef806aafaab5796208657fa14e0c8504c3ecef24242?s=96&d=mm&r=g","url":"https:\/\/secure.gravatar.com\/avatar\/0c8e9049ed78211a3dddeef806aafaab5796208657fa14e0c8504c3ecef24242?s=96&d=mm&r=g","contentUrl":"https:\/\/secure.gravatar.com\/avatar\/0c8e9049ed78211a3dddeef806aafaab5796208657fa14e0c8504c3ecef24242?s=96&d=mm&r=g","caption":"Paul F. Fallscheer-Schlegel"},"sameAs":["https:\/\/laterna.tech"]}]}},"_links":{"self":[{"href":"https:\/\/stirnweiss-brenner.de\/en\/wp-json\/wp\/v2\/posts\/11725","targetHints":{"allow":["GET"]}}],"collection":[{"href":"https:\/\/stirnweiss-brenner.de\/en\/wp-json\/wp\/v2\/posts"}],"about":[{"href":"https:\/\/stirnweiss-brenner.de\/en\/wp-json\/wp\/v2\/types\/post"}],"author":[{"embeddable":true,"href":"https:\/\/stirnweiss-brenner.de\/en\/wp-json\/wp\/v2\/users\/7"}],"replies":[{"embeddable":true,"href":"https:\/\/stirnweiss-brenner.de\/en\/wp-json\/wp\/v2\/comments?post=11725"}],"version-history":[{"count":2,"href":"https:\/\/stirnweiss-brenner.de\/en\/wp-json\/wp\/v2\/posts\/11725\/revisions"}],"predecessor-version":[{"id":12753,"href":"https:\/\/stirnweiss-brenner.de\/en\/wp-json\/wp\/v2\/posts\/11725\/revisions\/12753"}],"wp:featuredmedia":[{"embeddable":true,"href":"https:\/\/stirnweiss-brenner.de\/en\/wp-json\/wp\/v2\/media\/11726"}],"wp:attachment":[{"href":"https:\/\/stirnweiss-brenner.de\/en\/wp-json\/wp\/v2\/media?parent=11725"}],"wp:term":[{"taxonomy":"category","embeddable":true,"href":"https:\/\/stirnweiss-brenner.de\/en\/wp-json\/wp\/v2\/categories?post=11725"},{"taxonomy":"post_tag","embeddable":true,"href":"https:\/\/stirnweiss-brenner.de\/en\/wp-json\/wp\/v2\/tags?post=11725"}],"curies":[{"name":"wp","href":"https:\/\/api.w.org\/{rel}","templated":true}]}}