{"id":11716,"date":"2025-11-05T21:17:40","date_gmt":"2025-11-05T20:17:40","guid":{"rendered":"https:\/\/stirnweiss-brenner.de\/ulm-regional-court-major-trial-against-alleged-theft-gang-defense-in-complex-multi-defendant-proceedings\/"},"modified":"2026-04-22T10:07:30","modified_gmt":"2026-04-22T08:07:30","slug":"ulm-regional-court-major-trial-against-alleged-theft-gang-defense-in-complex-multi-defendant-proceedings","status":"publish","type":"post","link":"https:\/\/stirnweiss-brenner.de\/en\/press\/ulm-regional-court-major-trial-against-alleged-theft-gang-defense-in-complex-multi-defendant-proceedings\/","title":{"rendered":"Ulm Regional Court: Major Trial Against Alleged Theft Gang \u2013 Defense in Complex Multi-Defendant Proceedings"},"content":{"rendered":"\n<p>A comprehensive criminal trial has commenced before the Ulm Regional Court against six defendants accused of gang-related theft and multiple commercial burglaries involving substantial damages. According to the prosecution, high-value hard metals and materials are alleged to have been stolen; the trial is scheduled for numerous hearing days. <\/p>\n\n<p>The opening of the proceedings proved initially challenging due to the large number of parties involved, interpreters deployed, and organizational coordination requirements. In addition to the reading of the indictment, procedural matters were primarily at the forefront, with substantive presentation of evidence expected to follow in subsequent sessions. <\/p>\n\n<p>Rechtsanwalt <a href=\"https:\/\/stirnweiss-brenner.de\/anwaelte\/mathias-brenner\/\" type=\"page\" id=\"2826\">Mathias Brenner<\/a> wirkt in dem Verfahren als Verteidiger mit und begleitet die rechtliche Aufarbeitung innerhalb eines komplexen Mehrpersonenprozesses. Die Konstellation mit mehreren Angeklagten, differenzierten Tatvorw\u00fcrfen und umfangreicher Beweislage stellt dabei erh\u00f6hte Anforderungen an die strategische Verteidigungsarbeit sowie an die Koordination zwischen Gericht, Staatsanwaltschaft und Verteidigung.<\/p>\n\n<p>The proceedings exemplify the challenges of large-scale white-collar criminal cases with international dimensions, in which careful legal examination of the individual contributions of each defendant is paramount.<\/p>\n\n<p><a href=\"https:\/\/www.schwaebische.de\/regional\/ulm-alb-donau\/ulm\/sechs-angeklagte-auf-einmal-prozess-gegen-rumaenische-diebesbande-beginnt-holprig-4070242\">Schw\u00e4bische<\/a>, <a href=\"https:\/\/www.regio-tv.de\/mediathek\/video\/prozess-in-ulm-hartmetall-gestohlen\/\">Regio-TV<\/a>, and the <a href=\"https:\/\/www.augsburger-allgemeine.de\/neu-ulm\/ulm-diebesbande-aus-rumaenien-angeklagt-prozess-um-firmeneinbrueche-beginnt-holprig-112719518\">Augsburger Allgemeine<\/a> reported on the case. <\/p>\n\n<p><\/p>\n","protected":false},"excerpt":{"rendered":"<p>A comprehensive criminal trial has commenced before the Ulm Regional Court against six defendants accused of gang-related theft and multiple commercial burglaries involving substantial damages. According to the prosecution, high-value hard metals and materials are alleged to have been stolen; the trial is scheduled for numerous hearing days. The opening of the proceedings proved initially [&hellip;]<\/p>\n","protected":false},"author":7,"featured_media":11717,"comment_status":"open","ping_status":"open","sticky":false,"template":"","format":"standard","meta":{"footnotes":""},"categories":[71],"tags":[72],"class_list":["post-11716","post","type-post","status-publish","format-standard","has-post-thumbnail","hentry","category-press","tag-brenner"],"yoast_head":"<!-- This site is optimized with the Yoast SEO plugin v27.4 - https:\/\/yoast.com\/product\/yoast-seo-wordpress\/ -->\n<title>Ulm Regional Court: Major Trial Against Alleged Theft Gang \u2013 Defense in Complex Multi-Defendant Proceedings - Stirnweiss | Brenner Rechtsanw\u00e4lte<\/title>\n<meta name=\"description\" content=\"Alles, was Sie \u00fcber Ulm Regional Court: Major Trial Against Alleged Theft Gang \u2013 Defense in Complex Multi-Defendant Proceedings wissen m\u00fcssen, kompakt erkl\u00e4rt \u27a4 Jetzt lesen!\" \/>\n<meta name=\"robots\" content=\"index, follow, max-snippet:-1, max-image-preview:large, max-video-preview:-1\" \/>\n<link rel=\"canonical\" href=\"https:\/\/stirnweiss-brenner.de\/en\/press\/ulm-regional-court-major-trial-against-alleged-theft-gang-defense-in-complex-multi-defendant-proceedings\/\" \/>\n<meta property=\"og:locale\" content=\"en_US\" \/>\n<meta property=\"og:type\" content=\"article\" \/>\n<meta property=\"og:title\" content=\"Ulm Regional Court: Major Trial Against Alleged Theft Gang \u2013 Defense in Complex Multi-Defendant Proceedings - Stirnweiss | Brenner Rechtsanw\u00e4lte\" \/>\n<meta property=\"og:description\" content=\"Alles, was Sie \u00fcber Ulm Regional Court: Major Trial Against Alleged Theft Gang \u2013 Defense in Complex Multi-Defendant Proceedings wissen m\u00fcssen, kompakt erkl\u00e4rt \u27a4 Jetzt lesen!\" \/>\n<meta property=\"og:url\" content=\"https:\/\/stirnweiss-brenner.de\/en\/press\/ulm-regional-court-major-trial-against-alleged-theft-gang-defense-in-complex-multi-defendant-proceedings\/\" \/>\n<meta property=\"og:site_name\" content=\"Stirnweiss | Brenner Rechtsanw\u00e4lte\" \/>\n<meta property=\"article:publisher\" content=\"https:\/\/www.facebook.com\/StirnweissBrennerRechtsanwaelte\/\" \/>\n<meta property=\"article:published_time\" content=\"2025-11-05T20:17:40+00:00\" \/>\n<meta property=\"article:modified_time\" content=\"2026-04-22T08:07:30+00:00\" \/>\n<meta property=\"og:image\" content=\"https:\/\/stirnweiss-brenner.de\/wp-content\/uploads\/2026\/02\/scrap-metal-2026-01-07-06-03-26-utc-3.jpg\" \/>\n\t<meta property=\"og:image:width\" content=\"1500\" \/>\n\t<meta property=\"og:image:height\" content=\"1000\" \/>\n\t<meta property=\"og:image:type\" content=\"image\/jpeg\" \/>\n<meta name=\"author\" content=\"Paul F. Fallscheer-Schlegel\" \/>\n<meta name=\"twitter:card\" content=\"summary_large_image\" \/>\n<meta name=\"twitter:label1\" content=\"Written by\" \/>\n\t<meta name=\"twitter:data1\" content=\"Paul F. Fallscheer-Schlegel\" \/>\n\t<meta name=\"twitter:label2\" content=\"Est. reading time\" \/>\n\t<meta name=\"twitter:data2\" content=\"1 minute\" \/>\n<script type=\"application\/ld+json\" class=\"yoast-schema-graph\">{\"@context\":\"https:\\\/\\\/schema.org\",\"@graph\":[{\"@type\":\"Article\",\"@id\":\"https:\\\/\\\/stirnweiss-brenner.de\\\/en\\\/press\\\/ulm-regional-court-major-trial-against-alleged-theft-gang-defense-in-complex-multi-defendant-proceedings\\\/#article\",\"isPartOf\":{\"@id\":\"https:\\\/\\\/stirnweiss-brenner.de\\\/en\\\/press\\\/ulm-regional-court-major-trial-against-alleged-theft-gang-defense-in-complex-multi-defendant-proceedings\\\/\"},\"author\":{\"name\":\"Paul F. Fallscheer-Schlegel\",\"@id\":\"https:\\\/\\\/stirnweiss-brenner.de\\\/en\\\/#\\\/schema\\\/person\\\/68bb9c2235cc0dd5687fa2e5922b771c\"},\"headline\":\"Ulm Regional Court: Major Trial Against Alleged Theft Gang \u2013 Defense in Complex Multi-Defendant Proceedings\",\"datePublished\":\"2025-11-05T20:17:40+00:00\",\"dateModified\":\"2026-04-22T08:07:30+00:00\",\"mainEntityOfPage\":{\"@id\":\"https:\\\/\\\/stirnweiss-brenner.de\\\/en\\\/press\\\/ulm-regional-court-major-trial-against-alleged-theft-gang-defense-in-complex-multi-defendant-proceedings\\\/\"},\"wordCount\":196,\"commentCount\":0,\"publisher\":{\"@id\":\"https:\\\/\\\/stirnweiss-brenner.de\\\/en\\\/#organization\"},\"image\":{\"@id\":\"https:\\\/\\\/stirnweiss-brenner.de\\\/en\\\/press\\\/ulm-regional-court-major-trial-against-alleged-theft-gang-defense-in-complex-multi-defendant-proceedings\\\/#primaryimage\"},\"thumbnailUrl\":\"https:\\\/\\\/stirnweiss-brenner.de\\\/wp-content\\\/uploads\\\/2026\\\/02\\\/scrap-metal-2026-01-07-06-03-26-utc-3.jpg\",\"keywords\":[\"Brenner\"],\"articleSection\":[\"Press\"],\"inLanguage\":\"en-US\",\"potentialAction\":[{\"@type\":\"CommentAction\",\"name\":\"Comment\",\"target\":[\"https:\\\/\\\/stirnweiss-brenner.de\\\/en\\\/press\\\/ulm-regional-court-major-trial-against-alleged-theft-gang-defense-in-complex-multi-defendant-proceedings\\\/#respond\"]}]},{\"@type\":\"WebPage\",\"@id\":\"https:\\\/\\\/stirnweiss-brenner.de\\\/en\\\/press\\\/ulm-regional-court-major-trial-against-alleged-theft-gang-defense-in-complex-multi-defendant-proceedings\\\/\",\"url\":\"https:\\\/\\\/stirnweiss-brenner.de\\\/en\\\/press\\\/ulm-regional-court-major-trial-against-alleged-theft-gang-defense-in-complex-multi-defendant-proceedings\\\/\",\"name\":\"Ulm Regional Court: Major Trial Against Alleged Theft Gang \u2013 Defense in Complex Multi-Defendant Proceedings - Stirnweiss | Brenner Rechtsanw\u00e4lte\",\"isPartOf\":{\"@id\":\"https:\\\/\\\/stirnweiss-brenner.de\\\/en\\\/#website\"},\"primaryImageOfPage\":{\"@id\":\"https:\\\/\\\/stirnweiss-brenner.de\\\/en\\\/press\\\/ulm-regional-court-major-trial-against-alleged-theft-gang-defense-in-complex-multi-defendant-proceedings\\\/#primaryimage\"},\"image\":{\"@id\":\"https:\\\/\\\/stirnweiss-brenner.de\\\/en\\\/press\\\/ulm-regional-court-major-trial-against-alleged-theft-gang-defense-in-complex-multi-defendant-proceedings\\\/#primaryimage\"},\"thumbnailUrl\":\"https:\\\/\\\/stirnweiss-brenner.de\\\/wp-content\\\/uploads\\\/2026\\\/02\\\/scrap-metal-2026-01-07-06-03-26-utc-3.jpg\",\"datePublished\":\"2025-11-05T20:17:40+00:00\",\"dateModified\":\"2026-04-22T08:07:30+00:00\",\"description\":\"Alles, was Sie \u00fcber Ulm Regional Court: Major Trial Against Alleged Theft Gang \u2013 Defense in Complex Multi-Defendant Proceedings wissen m\u00fcssen, kompakt erkl\u00e4rt \u27a4 Jetzt lesen!\",\"breadcrumb\":{\"@id\":\"https:\\\/\\\/stirnweiss-brenner.de\\\/en\\\/press\\\/ulm-regional-court-major-trial-against-alleged-theft-gang-defense-in-complex-multi-defendant-proceedings\\\/#breadcrumb\"},\"inLanguage\":\"en-US\",\"potentialAction\":[{\"@type\":\"ReadAction\",\"target\":[\"https:\\\/\\\/stirnweiss-brenner.de\\\/en\\\/press\\\/ulm-regional-court-major-trial-against-alleged-theft-gang-defense-in-complex-multi-defendant-proceedings\\\/\"]}]},{\"@type\":\"ImageObject\",\"inLanguage\":\"en-US\",\"@id\":\"https:\\\/\\\/stirnweiss-brenner.de\\\/en\\\/press\\\/ulm-regional-court-major-trial-against-alleged-theft-gang-defense-in-complex-multi-defendant-proceedings\\\/#primaryimage\",\"url\":\"https:\\\/\\\/stirnweiss-brenner.de\\\/wp-content\\\/uploads\\\/2026\\\/02\\\/scrap-metal-2026-01-07-06-03-26-utc-3.jpg\",\"contentUrl\":\"https:\\\/\\\/stirnweiss-brenner.de\\\/wp-content\\\/uploads\\\/2026\\\/02\\\/scrap-metal-2026-01-07-06-03-26-utc-3.jpg\",\"width\":1500,\"height\":1000},{\"@type\":\"BreadcrumbList\",\"@id\":\"https:\\\/\\\/stirnweiss-brenner.de\\\/en\\\/press\\\/ulm-regional-court-major-trial-against-alleged-theft-gang-defense-in-complex-multi-defendant-proceedings\\\/#breadcrumb\",\"itemListElement\":[{\"@type\":\"ListItem\",\"position\":1,\"name\":\"Home\",\"item\":\"https:\\\/\\\/stirnweiss-brenner.de\\\/en\\\/\"},{\"@type\":\"ListItem\",\"position\":2,\"name\":\"Ulm Regional Court: Major Trial Against Alleged Theft Gang \u2013 Defense in Complex Multi-Defendant Proceedings\"}]},{\"@type\":\"WebSite\",\"@id\":\"https:\\\/\\\/stirnweiss-brenner.de\\\/en\\\/#website\",\"url\":\"https:\\\/\\\/stirnweiss-brenner.de\\\/en\\\/\",\"name\":\"Stirnweiss | Brenner Rechtsanw\u00e4lte f\u00fcr Strafrecht in Stuttgart & Konstanz\",\"description\":\"Kompetente, rasche Hilfe in Stuttgart bei Stirnweiss | Brenner Rechtsanw\u00e4lte. Unsere Kanzlei bietet Ihnen Strafverteidigung in allen Facetten.\",\"publisher\":{\"@id\":\"https:\\\/\\\/stirnweiss-brenner.de\\\/en\\\/#organization\"},\"alternateName\":\"Stirnweiss | Brenner Rechtsanw\u00e4lte\",\"potentialAction\":[{\"@type\":\"SearchAction\",\"target\":{\"@type\":\"EntryPoint\",\"urlTemplate\":\"https:\\\/\\\/stirnweiss-brenner.de\\\/en\\\/?s={search_term_string}\"},\"query-input\":{\"@type\":\"PropertyValueSpecification\",\"valueRequired\":true,\"valueName\":\"search_term_string\"}}],\"inLanguage\":\"en-US\"},{\"@type\":\"Organization\",\"@id\":\"https:\\\/\\\/stirnweiss-brenner.de\\\/en\\\/#organization\",\"name\":\"Stirnweiss Brenner Rechtsanw\u00e4lte | Kanzlei f\u00fcr Strafrecht Stuttgart, Strafverteidiger & Fachanw\u00e4lte\",\"alternateName\":\"Stirnweiss Brenner Rechtsanw\u00e4lte\",\"url\":\"https:\\\/\\\/stirnweiss-brenner.de\\\/en\\\/\",\"logo\":{\"@type\":\"ImageObject\",\"inLanguage\":\"en-US\",\"@id\":\"https:\\\/\\\/stirnweiss-brenner.de\\\/en\\\/#\\\/schema\\\/logo\\\/image\\\/\",\"url\":\"https:\\\/\\\/stirnweiss-brenner.de\\\/wp-content\\\/uploads\\\/2023\\\/03\\\/SB_logo_l.png\",\"contentUrl\":\"https:\\\/\\\/stirnweiss-brenner.de\\\/wp-content\\\/uploads\\\/2023\\\/03\\\/SB_logo_l.png\",\"width\":1436,\"height\":217,\"caption\":\"Stirnweiss Brenner Rechtsanw\u00e4lte | Kanzlei f\u00fcr Strafrecht Stuttgart, Strafverteidiger & Fachanw\u00e4lte\"},\"image\":{\"@id\":\"https:\\\/\\\/stirnweiss-brenner.de\\\/en\\\/#\\\/schema\\\/logo\\\/image\\\/\"},\"sameAs\":[\"https:\\\/\\\/www.facebook.com\\\/StirnweissBrennerRechtsanwaelte\\\/\",\"https:\\\/\\\/www.linkedin.com\\\/company\\\/stirnweiss-brenner-rechtsanwaelte\\\/\"]},{\"@type\":\"Person\",\"@id\":\"https:\\\/\\\/stirnweiss-brenner.de\\\/en\\\/#\\\/schema\\\/person\\\/68bb9c2235cc0dd5687fa2e5922b771c\",\"name\":\"Paul F. Fallscheer-Schlegel\",\"image\":{\"@type\":\"ImageObject\",\"inLanguage\":\"en-US\",\"@id\":\"https:\\\/\\\/secure.gravatar.com\\\/avatar\\\/0c8e9049ed78211a3dddeef806aafaab5796208657fa14e0c8504c3ecef24242?s=96&d=mm&r=g\",\"url\":\"https:\\\/\\\/secure.gravatar.com\\\/avatar\\\/0c8e9049ed78211a3dddeef806aafaab5796208657fa14e0c8504c3ecef24242?s=96&d=mm&r=g\",\"contentUrl\":\"https:\\\/\\\/secure.gravatar.com\\\/avatar\\\/0c8e9049ed78211a3dddeef806aafaab5796208657fa14e0c8504c3ecef24242?s=96&d=mm&r=g\",\"caption\":\"Paul F. Fallscheer-Schlegel\"},\"sameAs\":[\"https:\\\/\\\/laterna.tech\"]}]}<\/script>\n<!-- \/ Yoast SEO plugin. -->","yoast_head_json":{"title":"Ulm Regional Court: Major Trial Against Alleged Theft Gang \u2013 Defense in Complex Multi-Defendant Proceedings - Stirnweiss | Brenner Rechtsanw\u00e4lte","description":"Alles, was Sie \u00fcber Ulm Regional Court: Major Trial Against Alleged Theft Gang \u2013 Defense in Complex Multi-Defendant Proceedings wissen m\u00fcssen, kompakt erkl\u00e4rt \u27a4 Jetzt lesen!","robots":{"index":"index","follow":"follow","max-snippet":"max-snippet:-1","max-image-preview":"max-image-preview:large","max-video-preview":"max-video-preview:-1"},"canonical":"https:\/\/stirnweiss-brenner.de\/en\/press\/ulm-regional-court-major-trial-against-alleged-theft-gang-defense-in-complex-multi-defendant-proceedings\/","og_locale":"en_US","og_type":"article","og_title":"Ulm Regional Court: Major Trial Against Alleged Theft Gang \u2013 Defense in Complex Multi-Defendant Proceedings - Stirnweiss | Brenner Rechtsanw\u00e4lte","og_description":"Alles, was Sie \u00fcber Ulm Regional Court: Major Trial Against Alleged Theft Gang \u2013 Defense in Complex Multi-Defendant Proceedings wissen m\u00fcssen, kompakt erkl\u00e4rt \u27a4 Jetzt lesen!","og_url":"https:\/\/stirnweiss-brenner.de\/en\/press\/ulm-regional-court-major-trial-against-alleged-theft-gang-defense-in-complex-multi-defendant-proceedings\/","og_site_name":"Stirnweiss | Brenner Rechtsanw\u00e4lte","article_publisher":"https:\/\/www.facebook.com\/StirnweissBrennerRechtsanwaelte\/","article_published_time":"2025-11-05T20:17:40+00:00","article_modified_time":"2026-04-22T08:07:30+00:00","og_image":[{"width":1500,"height":1000,"url":"https:\/\/stirnweiss-brenner.de\/wp-content\/uploads\/2026\/02\/scrap-metal-2026-01-07-06-03-26-utc-3.jpg","type":"image\/jpeg"}],"author":"Paul F. Fallscheer-Schlegel","twitter_card":"summary_large_image","twitter_misc":{"Written by":"Paul F. Fallscheer-Schlegel","Est. reading time":"1 minute"},"schema":{"@context":"https:\/\/schema.org","@graph":[{"@type":"Article","@id":"https:\/\/stirnweiss-brenner.de\/en\/press\/ulm-regional-court-major-trial-against-alleged-theft-gang-defense-in-complex-multi-defendant-proceedings\/#article","isPartOf":{"@id":"https:\/\/stirnweiss-brenner.de\/en\/press\/ulm-regional-court-major-trial-against-alleged-theft-gang-defense-in-complex-multi-defendant-proceedings\/"},"author":{"name":"Paul F. Fallscheer-Schlegel","@id":"https:\/\/stirnweiss-brenner.de\/en\/#\/schema\/person\/68bb9c2235cc0dd5687fa2e5922b771c"},"headline":"Ulm Regional Court: Major Trial Against Alleged Theft Gang \u2013 Defense in Complex Multi-Defendant Proceedings","datePublished":"2025-11-05T20:17:40+00:00","dateModified":"2026-04-22T08:07:30+00:00","mainEntityOfPage":{"@id":"https:\/\/stirnweiss-brenner.de\/en\/press\/ulm-regional-court-major-trial-against-alleged-theft-gang-defense-in-complex-multi-defendant-proceedings\/"},"wordCount":196,"commentCount":0,"publisher":{"@id":"https:\/\/stirnweiss-brenner.de\/en\/#organization"},"image":{"@id":"https:\/\/stirnweiss-brenner.de\/en\/press\/ulm-regional-court-major-trial-against-alleged-theft-gang-defense-in-complex-multi-defendant-proceedings\/#primaryimage"},"thumbnailUrl":"https:\/\/stirnweiss-brenner.de\/wp-content\/uploads\/2026\/02\/scrap-metal-2026-01-07-06-03-26-utc-3.jpg","keywords":["Brenner"],"articleSection":["Press"],"inLanguage":"en-US","potentialAction":[{"@type":"CommentAction","name":"Comment","target":["https:\/\/stirnweiss-brenner.de\/en\/press\/ulm-regional-court-major-trial-against-alleged-theft-gang-defense-in-complex-multi-defendant-proceedings\/#respond"]}]},{"@type":"WebPage","@id":"https:\/\/stirnweiss-brenner.de\/en\/press\/ulm-regional-court-major-trial-against-alleged-theft-gang-defense-in-complex-multi-defendant-proceedings\/","url":"https:\/\/stirnweiss-brenner.de\/en\/press\/ulm-regional-court-major-trial-against-alleged-theft-gang-defense-in-complex-multi-defendant-proceedings\/","name":"Ulm Regional Court: Major Trial Against Alleged Theft Gang \u2013 Defense in Complex Multi-Defendant Proceedings - Stirnweiss | Brenner Rechtsanw\u00e4lte","isPartOf":{"@id":"https:\/\/stirnweiss-brenner.de\/en\/#website"},"primaryImageOfPage":{"@id":"https:\/\/stirnweiss-brenner.de\/en\/press\/ulm-regional-court-major-trial-against-alleged-theft-gang-defense-in-complex-multi-defendant-proceedings\/#primaryimage"},"image":{"@id":"https:\/\/stirnweiss-brenner.de\/en\/press\/ulm-regional-court-major-trial-against-alleged-theft-gang-defense-in-complex-multi-defendant-proceedings\/#primaryimage"},"thumbnailUrl":"https:\/\/stirnweiss-brenner.de\/wp-content\/uploads\/2026\/02\/scrap-metal-2026-01-07-06-03-26-utc-3.jpg","datePublished":"2025-11-05T20:17:40+00:00","dateModified":"2026-04-22T08:07:30+00:00","description":"Alles, was Sie \u00fcber Ulm Regional Court: Major Trial Against Alleged Theft Gang \u2013 Defense in Complex Multi-Defendant Proceedings wissen m\u00fcssen, kompakt erkl\u00e4rt \u27a4 Jetzt lesen!","breadcrumb":{"@id":"https:\/\/stirnweiss-brenner.de\/en\/press\/ulm-regional-court-major-trial-against-alleged-theft-gang-defense-in-complex-multi-defendant-proceedings\/#breadcrumb"},"inLanguage":"en-US","potentialAction":[{"@type":"ReadAction","target":["https:\/\/stirnweiss-brenner.de\/en\/press\/ulm-regional-court-major-trial-against-alleged-theft-gang-defense-in-complex-multi-defendant-proceedings\/"]}]},{"@type":"ImageObject","inLanguage":"en-US","@id":"https:\/\/stirnweiss-brenner.de\/en\/press\/ulm-regional-court-major-trial-against-alleged-theft-gang-defense-in-complex-multi-defendant-proceedings\/#primaryimage","url":"https:\/\/stirnweiss-brenner.de\/wp-content\/uploads\/2026\/02\/scrap-metal-2026-01-07-06-03-26-utc-3.jpg","contentUrl":"https:\/\/stirnweiss-brenner.de\/wp-content\/uploads\/2026\/02\/scrap-metal-2026-01-07-06-03-26-utc-3.jpg","width":1500,"height":1000},{"@type":"BreadcrumbList","@id":"https:\/\/stirnweiss-brenner.de\/en\/press\/ulm-regional-court-major-trial-against-alleged-theft-gang-defense-in-complex-multi-defendant-proceedings\/#breadcrumb","itemListElement":[{"@type":"ListItem","position":1,"name":"Home","item":"https:\/\/stirnweiss-brenner.de\/en\/"},{"@type":"ListItem","position":2,"name":"Ulm Regional Court: Major Trial Against Alleged Theft Gang \u2013 Defense in Complex Multi-Defendant Proceedings"}]},{"@type":"WebSite","@id":"https:\/\/stirnweiss-brenner.de\/en\/#website","url":"https:\/\/stirnweiss-brenner.de\/en\/","name":"Stirnweiss | Brenner Rechtsanw\u00e4lte f\u00fcr Strafrecht in Stuttgart & Konstanz","description":"Kompetente, rasche Hilfe in Stuttgart bei Stirnweiss | Brenner Rechtsanw\u00e4lte. Unsere Kanzlei bietet Ihnen Strafverteidigung in allen Facetten.","publisher":{"@id":"https:\/\/stirnweiss-brenner.de\/en\/#organization"},"alternateName":"Stirnweiss | Brenner Rechtsanw\u00e4lte","potentialAction":[{"@type":"SearchAction","target":{"@type":"EntryPoint","urlTemplate":"https:\/\/stirnweiss-brenner.de\/en\/?s={search_term_string}"},"query-input":{"@type":"PropertyValueSpecification","valueRequired":true,"valueName":"search_term_string"}}],"inLanguage":"en-US"},{"@type":"Organization","@id":"https:\/\/stirnweiss-brenner.de\/en\/#organization","name":"Stirnweiss Brenner Rechtsanw\u00e4lte | Kanzlei f\u00fcr Strafrecht Stuttgart, Strafverteidiger & Fachanw\u00e4lte","alternateName":"Stirnweiss Brenner Rechtsanw\u00e4lte","url":"https:\/\/stirnweiss-brenner.de\/en\/","logo":{"@type":"ImageObject","inLanguage":"en-US","@id":"https:\/\/stirnweiss-brenner.de\/en\/#\/schema\/logo\/image\/","url":"https:\/\/stirnweiss-brenner.de\/wp-content\/uploads\/2023\/03\/SB_logo_l.png","contentUrl":"https:\/\/stirnweiss-brenner.de\/wp-content\/uploads\/2023\/03\/SB_logo_l.png","width":1436,"height":217,"caption":"Stirnweiss Brenner Rechtsanw\u00e4lte | Kanzlei f\u00fcr Strafrecht Stuttgart, Strafverteidiger & Fachanw\u00e4lte"},"image":{"@id":"https:\/\/stirnweiss-brenner.de\/en\/#\/schema\/logo\/image\/"},"sameAs":["https:\/\/www.facebook.com\/StirnweissBrennerRechtsanwaelte\/","https:\/\/www.linkedin.com\/company\/stirnweiss-brenner-rechtsanwaelte\/"]},{"@type":"Person","@id":"https:\/\/stirnweiss-brenner.de\/en\/#\/schema\/person\/68bb9c2235cc0dd5687fa2e5922b771c","name":"Paul F. Fallscheer-Schlegel","image":{"@type":"ImageObject","inLanguage":"en-US","@id":"https:\/\/secure.gravatar.com\/avatar\/0c8e9049ed78211a3dddeef806aafaab5796208657fa14e0c8504c3ecef24242?s=96&d=mm&r=g","url":"https:\/\/secure.gravatar.com\/avatar\/0c8e9049ed78211a3dddeef806aafaab5796208657fa14e0c8504c3ecef24242?s=96&d=mm&r=g","contentUrl":"https:\/\/secure.gravatar.com\/avatar\/0c8e9049ed78211a3dddeef806aafaab5796208657fa14e0c8504c3ecef24242?s=96&d=mm&r=g","caption":"Paul F. Fallscheer-Schlegel"},"sameAs":["https:\/\/laterna.tech"]}]}},"_links":{"self":[{"href":"https:\/\/stirnweiss-brenner.de\/en\/wp-json\/wp\/v2\/posts\/11716","targetHints":{"allow":["GET"]}}],"collection":[{"href":"https:\/\/stirnweiss-brenner.de\/en\/wp-json\/wp\/v2\/posts"}],"about":[{"href":"https:\/\/stirnweiss-brenner.de\/en\/wp-json\/wp\/v2\/types\/post"}],"author":[{"embeddable":true,"href":"https:\/\/stirnweiss-brenner.de\/en\/wp-json\/wp\/v2\/users\/7"}],"replies":[{"embeddable":true,"href":"https:\/\/stirnweiss-brenner.de\/en\/wp-json\/wp\/v2\/comments?post=11716"}],"version-history":[{"count":2,"href":"https:\/\/stirnweiss-brenner.de\/en\/wp-json\/wp\/v2\/posts\/11716\/revisions"}],"predecessor-version":[{"id":12752,"href":"https:\/\/stirnweiss-brenner.de\/en\/wp-json\/wp\/v2\/posts\/11716\/revisions\/12752"}],"wp:featuredmedia":[{"embeddable":true,"href":"https:\/\/stirnweiss-brenner.de\/en\/wp-json\/wp\/v2\/media\/11717"}],"wp:attachment":[{"href":"https:\/\/stirnweiss-brenner.de\/en\/wp-json\/wp\/v2\/media?parent=11716"}],"wp:term":[{"taxonomy":"category","embeddable":true,"href":"https:\/\/stirnweiss-brenner.de\/en\/wp-json\/wp\/v2\/categories?post=11716"},{"taxonomy":"post_tag","embeddable":true,"href":"https:\/\/stirnweiss-brenner.de\/en\/wp-json\/wp\/v2\/tags?post=11716"}],"curies":[{"name":"wp","href":"https:\/\/api.w.org\/{rel}","templated":true}]}}